{"id":1086603,"date":"2025-12-16T11:03:56","date_gmt":"2025-12-16T11:03:56","guid":{"rendered":"https:\/\/dimensionturistica.com\/es\/?p=1086603"},"modified":"2025-12-16T11:03:56","modified_gmt":"2025-12-16T11:03:56","slug":"como-dominar-la-tecnica-sutil-del-olsen-tuck-este-invierno","status":"publish","type":"post","link":"https:\/\/dimensionturistica.com\/es\/como-dominar-la-tecnica-sutil-del-olsen-tuck-este-invierno\/","title":{"rendered":"C\u00f3mo dominar la t\u00e9cnica sutil del \u2018Olsen Tuck\u2019 este invierno"},"content":{"rendered":"<h3>La Tendencia del Cabello Tucked: Un Toque De Sofisticaci\u00f3n en tu Look<\/h3>\n<p>El mundo de la moda siempre est\u00e1 en constante evoluci\u00f3n, y entre las tendencias m\u00e1s llamativas que han resurgido en recentas alfombras rojas y eventos de alta costura, el peinado conocido como &#8220;hair tuck&#8221; se ha ganado un lugar especial. Este estilo, que consiste en esconder el cabello detr\u00e1s de las orejas o en la parte posterior de la cabeza, ha sido visto en numerosas celebridades, destac\u00e1ndose su uso por iguladas personalidades en la industria, como las gemelas Olsen.<\/p>\n<h4>Or\u00edgenes y Popularidad<\/h4>\n<p>Aunque el &#8220;hair tuck&#8221; puede parecer una simple forma de peinarse, su esencia radica en un equilibrio perfecto entre la elegancia y la informalidad. A menudo, este estilo se asocia con una est\u00e9tica minimalista, que permite que los rasgos faciales de quien lo lleva sean los verdaderos protagonistas. Desde las pasarelas hasta las calles, este look ha sido adoptado por muchas como una se\u00f1al de modernidad y estilo.<\/p>\n<h4>Versatilidad en el Cabello<\/h4>\n<p>Una de las grandes ventajas del &#8220;hair tuck&#8221; es su versatilidad. No importa si tu cabello es corto, medio o largo, esta t\u00e9cnica se adapta a cualquier tipo de melena. Los peinados pueden variar desde un chic y desordenado hasta un acabado m\u00e1s pulido y sofisticado. Para quienes prefieren un look casual, el cabello puede ser simplemente llevado hacia atr\u00e1s de manera relajada, mientras que quienes buscan algo m\u00e1s formal pueden optar por una slicked-back feel. <\/p>\n<h4>C\u00f3mo Lograr el Look Perfecto<\/h4>\n<p>Si bien este peinado puede parecer sencillo, hay algunos pasos clave que pueden ayudar a lograr el efecto deseado:<\/p>\n<ol>\n<li>\n<p><strong>Preparaci\u00f3n del Cabello<\/strong>: Comienza con el cabello limpio y seco. Aplicar un poco de producto para dar textura puede aportar un acabado m\u00e1s interesante.<\/p>\n<\/li>\n<li>\n<p><strong>Secci\u00f3n y Tuck<\/strong>: Separa tu cabello en secciones y comienza a recogerlo. Puedes despeinar un poco la parte superior para un toque desenfadado mientras lo \u201ctucks\u201d detr\u00e1s de las orejas.<\/p>\n<\/li>\n<li>\n<p><strong>Fijaci\u00f3n<\/strong>: Para asegurarte de que tu peinado se mantenga en su lugar a lo largo del d\u00eda, utiliza laca o un spray de fijaci\u00f3n ligero.<\/p>\n<\/li>\n<li>\n<p><strong>Accesorios<\/strong>: Incorporar accesorios como horquillas o diademas puede a\u00f1adir un toque personal y \u00fanico a tu look.<\/p>\n<\/li>\n<\/ol>\n<h4>El Impacto en la Moda Sostenible<\/h4>\n<p>El &#8220;hair tuck&#8221; representa m\u00e1s que una simple tendencia; refleja un movimiento hacia la sostenibilidad en la moda. Al optar por este estilo, se permite que el cabello forme parte del atuendo sin necesidad de complicados peinados que requieren m\u00e1s tiempo y productos. Esta filosof\u00eda de simplificaci\u00f3n se alinea con un enfoque m\u00e1s consciente hacia la moda y la belleza.<\/p>\n<h4>Conclusi\u00f3n<\/h4>\n<p>El &#8220;hair tuck&#8221; est\u00e1 llamado a convertirse en un cl\u00e1sico atemporal, una elecci\u00f3n est\u00e9tica que combina la simplicidad con la elegancia. A medida que las tendencias contin\u00faan evolucionando, este estilo ofrece una forma accesible y estilizada de destacar en cualquier ocasi\u00f3n. Con el &#8220;hair tuck&#8221;, cada uno puede aportar su personalidad y estilo individual, convirtiendo este gesto sutil en una poderosa declaraci\u00f3n de moda. \u00a1Atr\u00e9vete a probarlo y observa c\u00f3mo transforma tu look en cuesti\u00f3n de minutos!<\/p>\n<p><em> &#8221; Fuentes www.vogue.com &#8221; <\/em><\/p>\n","protected":false},"excerpt":{"rendered":"<p>La Tendencia del Cabello Tucked: Un Toque De Sofisticaci\u00f3n en tu Look El mundo de la moda siempre est\u00e1 en constante evoluci\u00f3n, y entre las tendencias m\u00e1s llamativas que han resurgido en recentas alfombras rojas y eventos de alta costura, el peinado conocido como &#8220;hair tuck&#8221; se ha ganado un lugar especial. Este estilo, que [&hellip;]<\/p>\n","protected":false},"author":14,"featured_media":1086604,"comment_status":"open","ping_status":"closed","sticky":false,"template":"","format":"standard","meta":{"om_disable_all_campaigns":false,"jnews-multi-image_gallery":[],"jnews_single_post":[],"jnews_primary_category":[],"jnews_social_meta":[],"footnotes":""},"categories":[144872],"tags":[210290,198487,200359,198542,213312,247781,198515,205868,202127,202521,198520],"class_list":["post-1086603","post","type-post","status-publish","format-standard","has-post-thumbnail","hentry","category-fashion","tag-ashley-olsen","tag-celebrity-style","tag-fashion-advice","tag-fashion-trends","tag-mary-kate-olsen","tag-olsen-tuck","tag-outfit-inspiration","tag-seasonal-style","tag-styling-tips","tag-wardrobe-essentials","tag-winter-fashion"],"_links":{"self":[{"href":"https:\/\/dimensionturistica.com\/es\/wp-json\/wp\/v2\/posts\/1086603","targetHints":{"allow":["GET"]}}],"collection":[{"href":"https:\/\/dimensionturistica.com\/es\/wp-json\/wp\/v2\/posts"}],"about":[{"href":"https:\/\/dimensionturistica.com\/es\/wp-json\/wp\/v2\/types\/post"}],"author":[{"embeddable":true,"href":"https:\/\/dimensionturistica.com\/es\/wp-json\/wp\/v2\/users\/14"}],"replies":[{"embeddable":true,"href":"https:\/\/dimensionturistica.com\/es\/wp-json\/wp\/v2\/comments?post=1086603"}],"version-history":[{"count":1,"href":"https:\/\/dimensionturistica.com\/es\/wp-json\/wp\/v2\/posts\/1086603\/revisions"}],"predecessor-version":[{"id":1086605,"href":"https:\/\/dimensionturistica.com\/es\/wp-json\/wp\/v2\/posts\/1086603\/revisions\/1086605"}],"wp:featuredmedia":[{"embeddable":true,"href":"https:\/\/dimensionturistica.com\/es\/wp-json\/wp\/v2\/media\/1086604"}],"wp:attachment":[{"href":"https:\/\/dimensionturistica.com\/es\/wp-json\/wp\/v2\/media?parent=1086603"}],"wp:term":[{"taxonomy":"category","embeddable":true,"href":"https:\/\/dimensionturistica.com\/es\/wp-json\/wp\/v2\/categories?post=1086603"},{"taxonomy":"post_tag","embeddable":true,"href":"https:\/\/dimensionturistica.com\/es\/wp-json\/wp\/v2\/tags?post=1086603"}],"curies":[{"name":"wp","href":"https:\/\/api.w.org\/{rel}","templated":true}]}}