{"id":1086302,"date":"2025-12-15T21:21:58","date_gmt":"2025-12-15T21:21:58","guid":{"rendered":"https:\/\/dimensionturistica.com\/es\/?p=1086302"},"modified":"2025-12-15T21:29:02","modified_gmt":"2025-12-15T21:29:02","slug":"conoce-los-tratamientos-minimamente-invasivos-que-definen-la-temporada-navidena","status":"publish","type":"post","link":"https:\/\/dimensionturistica.com\/es\/conoce-los-tratamientos-minimamente-invasivos-que-definen-la-temporada-navidena\/","title":{"rendered":"Conoce los tratamientos m\u00ednimamente invasivos que definen la temporada navide\u00f1a"},"content":{"rendered":"\n<p><\/p>\n\n\n\n<figure class=\"wp-block-gallery has-nested-images columns-default is-cropped wp-block-gallery-1 is-layout-flex wp-block-gallery-is-layout-flex\">\n<figure class=\"wp-block-image size-large\"><img decoding=\"async\" width=\"500\" height=\"199\" data-id=\"1086303\" src=\"https:\/\/dimensionturistica.com\/es\/wp-content\/uploads\/2025\/12\/1DR.jpg\" alt=\"\" class=\"wp-image-1086303\" srcset=\"https:\/\/dimensionturistica.com\/es\/wp-content\/uploads\/2025\/12\/1DR.jpg 500w, https:\/\/dimensionturistica.com\/es\/wp-content\/uploads\/2025\/12\/1DR-300x119.jpg 300w\" sizes=\"(max-width: 500px) 100vw, 500px\" \/><\/figure>\n<\/figure>\n\n\n\n<p>En la magia de esta \u00e9poca del a\u00f1o, muchas personas buscan un gesto sutil para cuidar y revitalizar su piel. Un detalle apenas perceptible, pero suficiente para sentir que el rostro se reencuentra con su armon\u00eda natural, sin perder su esencia. En este contexto, lostratamientos m\u00ednimamente invasivos de medicina est\u00e9tica se han convertido en aliados delicados, respetuosos y con resultados sutiles, porque la verdadera belleza reside en la naturalidad.<\/p>\n\n\n\n<p>La aproximaci\u00f3n y abordaje del Dr. Bernardo Goldzweig Hans, director m\u00e9dico de Cl\u00ednica BGH Medicina Est\u00e9tica, combina t\u00e9cnica precisa, profunda sensibilidad y una filosof\u00eda clara: la belleza no se fabrica, se revela.<\/p>\n\n\n\n<figure class=\"wp-block-gallery has-nested-images columns-default is-cropped wp-block-gallery-2 is-layout-flex wp-block-gallery-is-layout-flex\">\n<figure class=\"wp-block-image size-large\"><img decoding=\"async\" width=\"500\" height=\"752\" data-id=\"1086309\" src=\"https:\/\/dimensionturistica.com\/es\/wp-content\/uploads\/2025\/12\/4DR.jpg\" alt=\"\" class=\"wp-image-1086309\" srcset=\"https:\/\/dimensionturistica.com\/es\/wp-content\/uploads\/2025\/12\/4DR.jpg 500w, https:\/\/dimensionturistica.com\/es\/wp-content\/uploads\/2025\/12\/4DR-199x300.jpg 199w\" sizes=\"(max-width: 500px) 100vw, 500px\" \/><\/figure>\n<\/figure>\n\n\n\n<p>Para la temporada navide\u00f1a y de fin de a\u00f1o, el Dr. Goldzweig comparte los tratamientos m\u00ednimamente invasivos que los pacientes buscan con mayor frecuencia, no por moda, sino por coherencia con un deseo creciente: verse luminosos y rejuvenecidos sin dejar de parecer ellos mismos.<\/p>\n\n\n\n<p>Cada uno responde a un anhelo profundo: cuidar, regenerar, embellecer sin alterar la propia identidad:<\/p>\n\n\n\n<p>\uf0b7 Hydrafacial: un respiro profundo para la piel.<\/p>\n\n\n\n<figure class=\"wp-block-gallery has-nested-images columns-default is-cropped wp-block-gallery-3 is-layout-flex wp-block-gallery-is-layout-flex\">\n<figure class=\"wp-block-image size-large\"><img decoding=\"async\" width=\"500\" height=\"333\" data-id=\"1086310\" src=\"https:\/\/dimensionturistica.com\/es\/wp-content\/uploads\/2025\/12\/12DR.jpg\" alt=\"\" class=\"wp-image-1086310\" srcset=\"https:\/\/dimensionturistica.com\/es\/wp-content\/uploads\/2025\/12\/12DR.jpg 500w, https:\/\/dimensionturistica.com\/es\/wp-content\/uploads\/2025\/12\/12DR-300x200.jpg 300w\" sizes=\"(max-width: 500px) 100vw, 500px\" \/><figcaption class=\"wp-element-caption\">Christmas and New Year magic. Charming happy young woman in a festive evening dress and with beautiful evening makeup and hairstyle in the fairy beautiful Christmas interior. Lights around.<\/figcaption><\/figure>\n<\/figure>\n\n\n\n<p>El HydraFacial es, para muchos, el punto de partida. Un tratamiento que limpia, exfolia y nutre con sueros potentes, devolviendo frescura inmediata sin alterar la esencia de la piel.<\/p>\n\n\n\n<p>\u201cEs uno de mis rituales favoritos para diciembre\u201d, comenta el Dr. Goldzweig. \u201cLa piel llega cansada: fr\u00edo, estr\u00e9s, reuniones\u2026 HydraFacial la despierta con suavidad, como si quitara un velo invisible. Es un tratamiento que respira contigo\u201d. Aporta luminosidad instant\u00e1nea, mejora textura, minimiza poros y deja el rostro listo para cualquier evento sin tiempo de recuperaci\u00f3n.<\/p>\n\n\n\n<p>\uf0b7 Toxina botul\u00ednica: la suavidad de tus expresiones.<\/p>\n\n\n\n<p>La toxina botul\u00ednica sigue siendo uno de los tratamientos m\u00e1s solicitados, pero bajo una mirada moderna: menos rigidez, m\u00e1s naturalidad. \u201cLa clave es la precisi\u00f3n\u201d, explica. \u201cNo busca borrar expresiones, sino relajar la tensi\u00f3n muscular que se queda atrapada en ciertas l\u00edneas. Cuando se aplica con estrategia y delicadeza, devuelve serenidad sin comprometer la espontaneidad del rostro\u201d. Es ideal para suavizar l\u00edneas en frente, entrecejo y ojos, especialmente en esta temporada de reencuentros, sonrisas y fotograf\u00edas con los seres queridos.<\/p>\n\n\n\n<figure class=\"wp-block-gallery has-nested-images columns-default is-cropped wp-block-gallery-4 is-layout-flex wp-block-gallery-is-layout-flex\">\n<figure class=\"wp-block-image size-large\"><img decoding=\"async\" width=\"500\" height=\"280\" data-id=\"1086311\" src=\"https:\/\/dimensionturistica.com\/es\/wp-content\/uploads\/2025\/12\/45DR.jpg\" alt=\"\" class=\"wp-image-1086311\" srcset=\"https:\/\/dimensionturistica.com\/es\/wp-content\/uploads\/2025\/12\/45DR.jpg 500w, https:\/\/dimensionturistica.com\/es\/wp-content\/uploads\/2025\/12\/45DR-300x168.jpg 300w\" sizes=\"(max-width: 500px) 100vw, 500px\" \/><\/figure>\n<\/figure>\n\n\n\n<p>\uf0b7 Bioestimuladores: encender el col\u00e1geno dormido.<\/p>\n\n\n\n<p>Los bioestimuladores han ganado un lugar privilegiado entre quienes desean mejoras graduales y profundas en su piel. Sustancias como el \u00e1cido polil\u00e1ctico de Sculptra ayudan a estimular la producci\u00f3n interna de col\u00e1geno, restaurando firmeza y densidad con un proceso que evoluciona naturalmente con el paso del tiempo. \u201cSon tratamientos pacientes\u201d, reflexiona Goldzweig. \u201cRequieren tiempo, pero ese tiempo se siente sabio.<\/p>\n\n\n\n<p>Es como plantar algo que sabes que florecer\u00e1 con discreci\u00f3n. La piel recupera su estructura desde adentro haciendo lo que ya sabe hacer, sin atajos\u201d. Durante diciembre, muchos optan por iniciarlos para recibir el nuevo a\u00f1o con una base renovada.<\/p>\n\n\n\n<p>\uf0b7 Abordajes h\u00edbridos: cuando la personalizaci\u00f3n se convierte en arte.<\/p>\n\n\n\n<p>M\u00e1s all\u00e1 de cualquier t\u00e9cnica aislada, el Dr. Goldzweig ha desarrollado abordajes h\u00edbridos que combinan distintas herramientas seg\u00fan las necesidades \u00fanicas de cada rostro. \u201cNo existen dos caras iguales, ni dos historias iguales. La mezcla correcta permite armonizar sin imponer patrones. Cuando se trabaja con respeto, el resultado se siente propio, no fabricado\u201d. Estos tratamientos integrales permiten ajustes sutiles antes de las fiestas, logrando rostros descansados, contornos mejor definidos y una sensaci\u00f3n de equilibrio general.<\/p>\n\n\n\n<figure class=\"wp-block-gallery has-nested-images columns-default is-cropped wp-block-gallery-5 is-layout-flex wp-block-gallery-is-layout-flex\">\n<figure class=\"wp-block-image size-large\"><img decoding=\"async\" width=\"500\" height=\"333\" data-id=\"1086312\" src=\"https:\/\/dimensionturistica.com\/es\/wp-content\/uploads\/2025\/12\/500DR.jpg\" alt=\"\" class=\"wp-image-1086312\" srcset=\"https:\/\/dimensionturistica.com\/es\/wp-content\/uploads\/2025\/12\/500DR.jpg 500w, https:\/\/dimensionturistica.com\/es\/wp-content\/uploads\/2025\/12\/500DR-300x200.jpg 300w\" sizes=\"(max-width: 500px) 100vw, 500px\" \/><figcaption class=\"wp-element-caption\">Close up photo of inspired, lady looking at copyspace having thoughts about future events wearing cap hat isolated over red background<\/figcaption><\/figure>\n<\/figure>\n\n\n\n<p>De acuerdo con el Dr. BGH, la medicina est\u00e9tica en diciembre no significa \u00fanicamente prepararse para un efecto fotogr\u00e1fico, sino para un ritual personal m\u00e1s \u00edntimo. \u201cEl final del a\u00f1o nos invita a mirarnos con honestidad. A veces el cuerpo pide un gesto de cuidado, algo que marque un antes y un despu\u00e9s, pero desde adentro. La verdadera misi\u00f3n es acompa\u00f1ar ese proceso con ciencia, sensibilidad y arte para que cada persona llegue a las celebraciones brillando con su luz propia, sin transformaciones radicales\u201d, concluye.<\/p>\n\n\n\n<p>\u00a1Disfruta del #EfectoBGH y de unas maravillosas fiestas!<\/p>\n\n\n\n<p>M\u00e1s informaci\u00f3n:<\/p>\n\n\n\n<p>IG: @doctorbgh \/ FB: @bghmedicinaestetica \/ www.bghmed.com.mx<\/p>\n","protected":false},"excerpt":{"rendered":"<p>En la magia de esta \u00e9poca del a\u00f1o, muchas personas buscan un gesto sutil para cuidar y revitalizar su piel. Un detalle apenas perceptible, pero suficiente para sentir que el rostro se reencuentra con su armon\u00eda natural, sin perder su esencia. En este contexto, lostratamientos m\u00ednimamente invasivos de medicina est\u00e9tica se han convertido en aliados [&hellip;]<\/p>\n","protected":false},"author":1,"featured_media":0,"comment_status":"open","ping_status":"closed","sticky":false,"template":"","format":"standard","meta":{"om_disable_all_campaigns":false,"jnews-multi-image_gallery":[],"jnews_single_post":[],"jnews_primary_category":[],"jnews_social_meta":[],"footnotes":""},"categories":[144872],"tags":[],"class_list":["post-1086302","post","type-post","status-publish","format-standard","hentry","category-fashion"],"_links":{"self":[{"href":"https:\/\/dimensionturistica.com\/es\/wp-json\/wp\/v2\/posts\/1086302","targetHints":{"allow":["GET"]}}],"collection":[{"href":"https:\/\/dimensionturistica.com\/es\/wp-json\/wp\/v2\/posts"}],"about":[{"href":"https:\/\/dimensionturistica.com\/es\/wp-json\/wp\/v2\/types\/post"}],"author":[{"embeddable":true,"href":"https:\/\/dimensionturistica.com\/es\/wp-json\/wp\/v2\/users\/1"}],"replies":[{"embeddable":true,"href":"https:\/\/dimensionturistica.com\/es\/wp-json\/wp\/v2\/comments?post=1086302"}],"version-history":[{"count":2,"href":"https:\/\/dimensionturistica.com\/es\/wp-json\/wp\/v2\/posts\/1086302\/revisions"}],"predecessor-version":[{"id":1086313,"href":"https:\/\/dimensionturistica.com\/es\/wp-json\/wp\/v2\/posts\/1086302\/revisions\/1086313"}],"wp:attachment":[{"href":"https:\/\/dimensionturistica.com\/es\/wp-json\/wp\/v2\/media?parent=1086302"}],"wp:term":[{"taxonomy":"category","embeddable":true,"href":"https:\/\/dimensionturistica.com\/es\/wp-json\/wp\/v2\/categories?post=1086302"},{"taxonomy":"post_tag","embeddable":true,"href":"https:\/\/dimensionturistica.com\/es\/wp-json\/wp\/v2\/tags?post=1086302"}],"curies":[{"name":"wp","href":"https:\/\/api.w.org\/{rel}","templated":true}]}}