{"id":1086278,"date":"2025-12-15T20:49:05","date_gmt":"2025-12-15T20:49:05","guid":{"rendered":"https:\/\/dimensionturistica.com\/es\/?p=1086278"},"modified":"2025-12-15T20:49:05","modified_gmt":"2025-12-15T20:49:05","slug":"la-navidad-llega-a-sinaloa-con-eventos-y-actividades-para-toda-la-familia","status":"publish","type":"post","link":"https:\/\/dimensionturistica.com\/es\/la-navidad-llega-a-sinaloa-con-eventos-y-actividades-para-toda-la-familia\/","title":{"rendered":"La Navidad llega a Sinaloa con eventos y actividades para toda la familia"},"content":{"rendered":"\n<p><\/p>\n\n\n\n<figure class=\"wp-block-gallery has-nested-images columns-default is-cropped wp-block-gallery-1 is-layout-flex wp-block-gallery-is-layout-flex\">\n<figure class=\"wp-block-image size-large\"><img decoding=\"async\" width=\"424\" height=\"250\" data-id=\"1086279\" src=\"https:\/\/dimensionturistica.com\/es\/wp-content\/uploads\/2025\/12\/24SINA.jpg\" alt=\"\" class=\"wp-image-1086279\" srcset=\"https:\/\/dimensionturistica.com\/es\/wp-content\/uploads\/2025\/12\/24SINA.jpg 424w, https:\/\/dimensionturistica.com\/es\/wp-content\/uploads\/2025\/12\/24SINA-300x177.jpg 300w\" sizes=\"(max-width: 424px) 100vw, 424px\" \/><\/figure>\n<\/figure>\n\n\n\n<p>Sinaloa inaugura la \u00e9poca navide\u00f1a con una agenda que combina luz, m\u00fasica y tradiciones dando vida a sus ciudades y Pueblos M\u00e1gicos. El estado re\u00fane propuestas que van desde villas frente al mar a festivales con sabor local, creando un ambiente para disfrutar la temporada en un ambiente festivo y familiar.<\/p>\n\n\n\n<figure class=\"wp-block-gallery has-nested-images columns-default is-cropped wp-block-gallery-2 is-layout-flex wp-block-gallery-is-layout-flex\">\n<figure class=\"wp-block-image size-large\"><img decoding=\"async\" width=\"1024\" height=\"682\" data-id=\"1086280\" src=\"https:\/\/dimensionturistica.com\/es\/wp-content\/uploads\/2025\/12\/1-Mocorito-1024x682.jpg\" alt=\"\" class=\"wp-image-1086280\" srcset=\"https:\/\/dimensionturistica.com\/es\/wp-content\/uploads\/2025\/12\/1-Mocorito-1024x682.jpg 1024w, https:\/\/dimensionturistica.com\/es\/wp-content\/uploads\/2025\/12\/1-Mocorito-300x200.jpg 300w, https:\/\/dimensionturistica.com\/es\/wp-content\/uploads\/2025\/12\/1-Mocorito-768x512.jpg 768w, https:\/\/dimensionturistica.com\/es\/wp-content\/uploads\/2025\/12\/1-Mocorito-1536x1023.jpg 1536w, https:\/\/dimensionturistica.com\/es\/wp-content\/uploads\/2025\/12\/1-Mocorito-750x500.jpg 750w, https:\/\/dimensionturistica.com\/es\/wp-content\/uploads\/2025\/12\/1-Mocorito-1140x760.jpg 1140w, https:\/\/dimensionturistica.com\/es\/wp-content\/uploads\/2025\/12\/1-Mocorito.jpg 1600w\" sizes=\"(max-width: 1024px) 100vw, 1024px\" \/><\/figure>\n<\/figure>\n\n\n\n<p>Navidad frente al mar<\/p>\n\n\n\n<p>En Mazatl\u00e1n, la Plazuela Machado, un \u00edcono del Centro Hist\u00f3rico, se transforma en un m\u00e1gico escenario navide\u00f1o, iluminado por un pino y decoraci\u00f3n especial que realzan el esp\u00edritu festivo. En este lugar, Santa Claus espera con los brazos abiertos para recibir las cartas de los m\u00e1s peque\u00f1os.<\/p>\n\n\n\n<p>A unos minutos, en el Parque Central (hoy Sendero de la Paz), la Villa Navide\u00f1a Mazatl\u00e1n regresa con una propuesta renovada para ofrecer nuevas experiencias que podr\u00e1n disfrutarse del 19 de diciembre al 8 de enero de 2026.<\/p>\n\n\n\n<figure class=\"wp-block-gallery has-nested-images columns-default is-cropped wp-block-gallery-3 is-layout-flex wp-block-gallery-is-layout-flex\">\n<figure class=\"wp-block-image size-large\"><img decoding=\"async\" width=\"1024\" height=\"576\" data-id=\"1086283\" src=\"https:\/\/dimensionturistica.com\/es\/wp-content\/uploads\/2025\/12\/1-Villa-Navidena-Mazatlan-1024x576.jpg\" alt=\"\" class=\"wp-image-1086283\" srcset=\"https:\/\/dimensionturistica.com\/es\/wp-content\/uploads\/2025\/12\/1-Villa-Navidena-Mazatlan-1024x576.jpg 1024w, https:\/\/dimensionturistica.com\/es\/wp-content\/uploads\/2025\/12\/1-Villa-Navidena-Mazatlan-300x169.jpg 300w, https:\/\/dimensionturistica.com\/es\/wp-content\/uploads\/2025\/12\/1-Villa-Navidena-Mazatlan-768x432.jpg 768w, https:\/\/dimensionturistica.com\/es\/wp-content\/uploads\/2025\/12\/1-Villa-Navidena-Mazatlan-1536x864.jpg 1536w, https:\/\/dimensionturistica.com\/es\/wp-content\/uploads\/2025\/12\/1-Villa-Navidena-Mazatlan-750x422.jpg 750w, https:\/\/dimensionturistica.com\/es\/wp-content\/uploads\/2025\/12\/1-Villa-Navidena-Mazatlan-1140x641.jpg 1140w, https:\/\/dimensionturistica.com\/es\/wp-content\/uploads\/2025\/12\/1-Villa-Navidena-Mazatlan.jpg 2048w\" sizes=\"(max-width: 1024px) 100vw, 1024px\" \/><\/figure>\n<\/figure>\n\n\n\n<p>El recorrido incluye atractivos para todas las edades como pista de hielo, bosque de luces, lluvia de nieve y burbujas, trineo de Santa, paradores fotogr\u00e1ficos, \u00e1rea gastron\u00f3mica, juegos mec\u00e1nicos y zonas de venta. Entre las novedades de esta edici\u00f3n destaca un concierto navide\u00f1o con Tatiana, que se realizar\u00e1 el 20 de diciembre como parte de la programaci\u00f3n especial que suma un atractivo adicional a este espacio donde la Navidad se mezcla con la brisa del Pac\u00edfico.<\/p>\n\n\n\n<p>Verbena tradicional en la capital<\/p>\n\n\n\n<figure class=\"wp-block-gallery has-nested-images columns-default is-cropped wp-block-gallery-4 is-layout-flex wp-block-gallery-is-layout-flex\">\n<figure class=\"wp-block-image size-large\"><img decoding=\"async\" width=\"500\" height=\"333\" data-id=\"1086285\" src=\"https:\/\/dimensionturistica.com\/es\/wp-content\/uploads\/2025\/12\/1SINA.jpg\" alt=\"\" class=\"wp-image-1086285\" srcset=\"https:\/\/dimensionturistica.com\/es\/wp-content\/uploads\/2025\/12\/1SINA.jpg 500w, https:\/\/dimensionturistica.com\/es\/wp-content\/uploads\/2025\/12\/1SINA-300x200.jpg 300w\" sizes=\"(max-width: 500px) 100vw, 500px\" \/><\/figure>\n<\/figure>\n\n\n\n<p>En Culiac\u00e1n, la pista de hielo \u201cNavidad M\u00e1gica: Paz, Esperanza y Amor\u201d se convierte en uno de los principales atractivos, abierta al p\u00fablico de manera gratuita hasta el 7 de enero. La ciudad tambi\u00e9n luce su monumental \u00c1rbol de Navidad y su Villa Navide\u00f1a, ambos instalados en la explanada de Palacio de Gobierno, creando un escenario festivo ideal para la celebraci\u00f3n decembrina.<\/p>\n\n\n\n<figure class=\"wp-block-gallery has-nested-images columns-default is-cropped wp-block-gallery-5 is-layout-flex wp-block-gallery-is-layout-flex\">\n<figure class=\"wp-block-image size-large\"><img decoding=\"async\" width=\"1024\" height=\"682\" data-id=\"1086286\" src=\"https:\/\/dimensionturistica.com\/es\/wp-content\/uploads\/2025\/12\/2-Mocorito-1024x682.jpg\" alt=\"\" class=\"wp-image-1086286\" srcset=\"https:\/\/dimensionturistica.com\/es\/wp-content\/uploads\/2025\/12\/2-Mocorito-1024x682.jpg 1024w, https:\/\/dimensionturistica.com\/es\/wp-content\/uploads\/2025\/12\/2-Mocorito-300x200.jpg 300w, https:\/\/dimensionturistica.com\/es\/wp-content\/uploads\/2025\/12\/2-Mocorito-768x512.jpg 768w, https:\/\/dimensionturistica.com\/es\/wp-content\/uploads\/2025\/12\/2-Mocorito-1536x1023.jpg 1536w, https:\/\/dimensionturistica.com\/es\/wp-content\/uploads\/2025\/12\/2-Mocorito-750x500.jpg 750w, https:\/\/dimensionturistica.com\/es\/wp-content\/uploads\/2025\/12\/2-Mocorito-1140x760.jpg 1140w, https:\/\/dimensionturistica.com\/es\/wp-content\/uploads\/2025\/12\/2-Mocorito.jpg 1600w\" sizes=\"(max-width: 1024px) 100vw, 1024px\" \/><\/figure>\n<\/figure>\n\n\n\n<p>Adem\u00e1s, la tradicional Verbena Popular regresa bajo el lema \u201cLa Navidad nos une\u201d a la Avenida Zapata, frente a Ley Palmito, consolid\u00e1ndose como un punto de encuentro para la convivencia familiar. La festividad incluye juegos mec\u00e1nicos, desde la rueda de la fortuna hasta el rat\u00f3n loco; \u00e1rea gastron\u00f3mica con antojitos y platillos locales, postres y bebidas; zona de creatividad; venta de artesan\u00edas, joyer\u00eda y ropa; adem\u00e1s de espect\u00e1culos musicales y entretenimiento para todas las edades.<\/p>\n\n\n\n<figure class=\"wp-block-gallery has-nested-images columns-default is-cropped wp-block-gallery-6 is-layout-flex wp-block-gallery-is-layout-flex\">\n<figure class=\"wp-block-image size-large\"><img decoding=\"async\" width=\"500\" height=\"281\" data-id=\"1086287\" src=\"https:\/\/dimensionturistica.com\/es\/wp-content\/uploads\/2025\/12\/2SINA.jpg\" alt=\"\" class=\"wp-image-1086287\" srcset=\"https:\/\/dimensionturistica.com\/es\/wp-content\/uploads\/2025\/12\/2SINA.jpg 500w, https:\/\/dimensionturistica.com\/es\/wp-content\/uploads\/2025\/12\/2SINA-300x169.jpg 300w\" sizes=\"(max-width: 500px) 100vw, 500px\" \/><\/figure>\n<\/figure>\n\n\n\n<p>La Verbena se vive en un entorno familiar, seguro y accesible. El costo es de 20 pesos la entrada general y acceso gratuito para menores de cuatro a\u00f1os, y permanecer\u00e1 abierta hasta el 4 de enero.<\/p>\n\n\n\n<p>Pueblos M\u00e1gicos iluminados<\/p>\n\n\n\n<p>Los Pueblos M\u00e1gicos de Sinaloa tambi\u00e9n cuentan con actividades que reflejan su tradici\u00f3n e identidad. El Rosario y San Ignacio adornan sus plazuelas principales con luces, colores y detalles m\u00e1gicos. Cosal\u00e1 celebra su tradicional Desfile Navide\u00f1o, que recorre sus calles con m\u00fasica y carros aleg\u00f3ricos. En El Fuerte, el pino navide\u00f1o de la Plaza de Armas junto con la decoraci\u00f3n llena de vida este punto hist\u00f3rico, mientras que Mocorito presenta su \u00c1rbol Navide\u00f1o en la Plazuela Miguel Hidalgo bajo la tem\u00e1tica \u201cF\u00e1brica de Santa\u201d que da un toque especial a festividad.<\/p>\n\n\n\n<figure class=\"wp-block-gallery has-nested-images columns-default is-cropped wp-block-gallery-7 is-layout-flex wp-block-gallery-is-layout-flex\">\n<figure class=\"wp-block-image size-large\"><img decoding=\"async\" width=\"500\" height=\"375\" data-id=\"1086288\" src=\"https:\/\/dimensionturistica.com\/es\/wp-content\/uploads\/2025\/12\/5SINA.jpg\" alt=\"\" class=\"wp-image-1086288\" srcset=\"https:\/\/dimensionturistica.com\/es\/wp-content\/uploads\/2025\/12\/5SINA.jpg 500w, https:\/\/dimensionturistica.com\/es\/wp-content\/uploads\/2025\/12\/5SINA-300x225.jpg 300w\" sizes=\"(max-width: 500px) 100vw, 500px\" \/><\/figure>\n<\/figure>\n\n\n\n<p>En cada destino, la Navidad se convierte en un momento de encuentro para compartir, y celebrar la tradici\u00f3n, cultura e identidad que distingue a Sinaloa en esta temporada.<\/p>\n\n\n\n<p>#VisitSinaloa #Sinaloa #Turismo #Navidad<\/p>\n","protected":false},"excerpt":{"rendered":"<p>Sinaloa inaugura la \u00e9poca navide\u00f1a con una agenda que combina luz, m\u00fasica y tradiciones dando vida a sus ciudades y Pueblos M\u00e1gicos. El estado re\u00fane propuestas que van desde villas frente al mar a festivales con sabor local, creando un ambiente para disfrutar la temporada en un ambiente festivo y familiar. Navidad frente al mar [&hellip;]<\/p>\n","protected":false},"author":1,"featured_media":0,"comment_status":"open","ping_status":"closed","sticky":false,"template":"","format":"standard","meta":{"om_disable_all_campaigns":false,"jnews-multi-image_gallery":[],"jnews_single_post":[],"jnews_primary_category":[],"jnews_social_meta":[],"footnotes":""},"categories":[39],"tags":[],"class_list":["post-1086278","post","type-post","status-publish","format-standard","hentry","category-viajes"],"_links":{"self":[{"href":"https:\/\/dimensionturistica.com\/es\/wp-json\/wp\/v2\/posts\/1086278","targetHints":{"allow":["GET"]}}],"collection":[{"href":"https:\/\/dimensionturistica.com\/es\/wp-json\/wp\/v2\/posts"}],"about":[{"href":"https:\/\/dimensionturistica.com\/es\/wp-json\/wp\/v2\/types\/post"}],"author":[{"embeddable":true,"href":"https:\/\/dimensionturistica.com\/es\/wp-json\/wp\/v2\/users\/1"}],"replies":[{"embeddable":true,"href":"https:\/\/dimensionturistica.com\/es\/wp-json\/wp\/v2\/comments?post=1086278"}],"version-history":[{"count":1,"href":"https:\/\/dimensionturistica.com\/es\/wp-json\/wp\/v2\/posts\/1086278\/revisions"}],"predecessor-version":[{"id":1086289,"href":"https:\/\/dimensionturistica.com\/es\/wp-json\/wp\/v2\/posts\/1086278\/revisions\/1086289"}],"wp:attachment":[{"href":"https:\/\/dimensionturistica.com\/es\/wp-json\/wp\/v2\/media?parent=1086278"}],"wp:term":[{"taxonomy":"category","embeddable":true,"href":"https:\/\/dimensionturistica.com\/es\/wp-json\/wp\/v2\/categories?post=1086278"},{"taxonomy":"post_tag","embeddable":true,"href":"https:\/\/dimensionturistica.com\/es\/wp-json\/wp\/v2\/tags?post=1086278"}],"curies":[{"name":"wp","href":"https:\/\/api.w.org\/{rel}","templated":true}]}}