{"id":1086259,"date":"2025-12-15T20:11:50","date_gmt":"2025-12-15T20:11:50","guid":{"rendered":"https:\/\/dimensionturistica.com\/es\/?p=1086259"},"modified":"2025-12-15T20:11:50","modified_gmt":"2025-12-15T20:11:50","slug":"esta-navidad-todos-los-mexicanos-podran-mantener-una-conversacion-con-santa-claus-gracias-a-iberia","status":"publish","type":"post","link":"https:\/\/dimensionturistica.com\/es\/esta-navidad-todos-los-mexicanos-podran-mantener-una-conversacion-con-santa-claus-gracias-a-iberia\/","title":{"rendered":"Esta Navidad, todos los mexicanos podr\u00e1n\u00a0 mantener una conversaci\u00f3n con Santa Claus gracias a Iberia"},"content":{"rendered":"\n<p><\/p>\n\n\n\n<figure class=\"wp-block-gallery has-nested-images columns-default is-cropped wp-block-gallery-1 is-layout-flex wp-block-gallery-is-layout-flex\">\n<figure class=\"wp-block-image size-large\"><img decoding=\"async\" width=\"500\" height=\"281\" data-id=\"1086260\" src=\"https:\/\/dimensionturistica.com\/es\/wp-content\/uploads\/2025\/12\/1IBERIA-1.jpg\" alt=\"\" class=\"wp-image-1086260\" srcset=\"https:\/\/dimensionturistica.com\/es\/wp-content\/uploads\/2025\/12\/1IBERIA-1.jpg 500w, https:\/\/dimensionturistica.com\/es\/wp-content\/uploads\/2025\/12\/1IBERIA-1-300x169.jpg 300w\" sizes=\"(max-width: 500px) 100vw, 500px\" \/><\/figure>\n<\/figure>\n\n\n\n<p>Iberia acercar\u00e1 la magia de la Navidad a los hogares de M\u00e9xico, pues todos aquellos que quieran mantener una conversaci\u00f3n con Santa Claus ahora podr\u00e1n hacerlo gracias a la plataforma que, desde hoy y hasta el pr\u00f3ximo 24 de diciembre, la aerol\u00ednea pone a disposici\u00f3n de quien quiera tener este encuentro tan especial.<\/p>\n\n\n\n<p>Adem\u00e1s, como gran novedad, la conversaci\u00f3n con Santa Claus este a\u00f1o ser\u00e1 m\u00e1s real que nunca, pues la plataforma incluye un sistema de Inteligencia Artificial mediante el cual se podr\u00e1 interactuar con Santa Claus y contarle c\u00f3mo nos hemos portado este a\u00f1o, qu\u00e9 es lo que m\u00e1s nos gusta hacer y qu\u00e9 regalos queremos pedirle para esta Navidad.<\/p>\n\n\n\n<p>Este es el segundo a\u00f1o que Iberia poner a disposici\u00f3n de los m\u00e1s peque\u00f1os, y los no tan peque\u00f1os, la posibilidad de conversar con Santa Claus, y se suma a la videollamada que, desde hace ya varios a\u00f1os, han podido hacer los espa\u00f1oles con los Reyes Magos. En total, en este tiempo han sido ya 30 millones de personas las que han querido vivir esta experiencia tan especial de la mano de Iberia.<\/p>\n\n\n\n<figure class=\"wp-block-gallery has-nested-images columns-default is-cropped wp-block-gallery-2 is-layout-flex wp-block-gallery-is-layout-flex\">\n<figure class=\"wp-block-image size-large\"><img decoding=\"async\" width=\"500\" height=\"286\" data-id=\"1086261\" src=\"https:\/\/dimensionturistica.com\/es\/wp-content\/uploads\/2025\/12\/6INERIA.jpg\" alt=\"\" class=\"wp-image-1086261\" srcset=\"https:\/\/dimensionturistica.com\/es\/wp-content\/uploads\/2025\/12\/6INERIA.jpg 500w, https:\/\/dimensionturistica.com\/es\/wp-content\/uploads\/2025\/12\/6INERIA-300x172.jpg 300w\" sizes=\"(max-width: 500px) 100vw, 500px\" \/><\/figure>\n<\/figure>\n\n\n\n<p>De hecho, el a\u00f1o pasado en Bogot\u00e1 fue en donde se realizaron el mayor n\u00famero de videollamadas con Santa Claus de toda Am\u00e9rica Latina, seguido por Buenos Aires y Ciudad de M\u00e9xico. Completan el ranking, adem\u00e1s, Medell\u00edn (Colombia), C\u00f3rdoba (Argentina), Sao Paulo (Brasil), Barranquilla (Colombia), Cali (Colombia) y Rosario (Argentina).<\/p>\n\n\n\n<p>\u201cEsta acci\u00f3n ha tenido tanto \u00e9xito en los \u00faltimos a\u00f1os que ya se ha convertido en una tradici\u00f3n en estas fechas, a la que, por supuesto, Iberia no pod\u00eda faltar. La Navidad es una \u00e9poca del a\u00f1o llena de magia e ilusi\u00f3n, y es por eso por lo que queremos poner nuestro granito de arena y llevar a Santa Claus a la casa de todas las personas y, por supuesto, poner a disposici\u00f3n de todos nuestros clientes nuestra red de destinos en todo el mundo para llenar estas fechas de viajes y reencuentros entre familias y amigos\u201d, asegura Gemma Junc\u00e1, directora de Marca y Marketing de Iberia.<\/p>\n\n\n\n<p>Para llevar a cabo esta experiencia, que est\u00e1 disponible desde hoy hasta el 24 de diciembre, se podr\u00e1 ingresar desde cualquier dispositivo a trav\u00e9s de los siguientes enlaces:&nbsp;<\/p>\n\n\n\n<p>M\u00e9xico: https:\/\/santaclaus.iberia.com<\/p>\n","protected":false},"excerpt":{"rendered":"<p>Iberia acercar\u00e1 la magia de la Navidad a los hogares de M\u00e9xico, pues todos aquellos que quieran mantener una conversaci\u00f3n con Santa Claus ahora podr\u00e1n hacerlo gracias a la plataforma que, desde hoy y hasta el pr\u00f3ximo 24 de diciembre, la aerol\u00ednea pone a disposici\u00f3n de quien quiera tener este encuentro tan especial. Adem\u00e1s, como [&hellip;]<\/p>\n","protected":false},"author":1,"featured_media":0,"comment_status":"open","ping_status":"closed","sticky":false,"template":"","format":"standard","meta":{"om_disable_all_campaigns":false,"jnews-multi-image_gallery":[],"jnews_single_post":[],"jnews_primary_category":[],"jnews_social_meta":[],"footnotes":""},"categories":[39],"tags":[],"class_list":["post-1086259","post","type-post","status-publish","format-standard","hentry","category-viajes"],"_links":{"self":[{"href":"https:\/\/dimensionturistica.com\/es\/wp-json\/wp\/v2\/posts\/1086259","targetHints":{"allow":["GET"]}}],"collection":[{"href":"https:\/\/dimensionturistica.com\/es\/wp-json\/wp\/v2\/posts"}],"about":[{"href":"https:\/\/dimensionturistica.com\/es\/wp-json\/wp\/v2\/types\/post"}],"author":[{"embeddable":true,"href":"https:\/\/dimensionturistica.com\/es\/wp-json\/wp\/v2\/users\/1"}],"replies":[{"embeddable":true,"href":"https:\/\/dimensionturistica.com\/es\/wp-json\/wp\/v2\/comments?post=1086259"}],"version-history":[{"count":1,"href":"https:\/\/dimensionturistica.com\/es\/wp-json\/wp\/v2\/posts\/1086259\/revisions"}],"predecessor-version":[{"id":1086262,"href":"https:\/\/dimensionturistica.com\/es\/wp-json\/wp\/v2\/posts\/1086259\/revisions\/1086262"}],"wp:attachment":[{"href":"https:\/\/dimensionturistica.com\/es\/wp-json\/wp\/v2\/media?parent=1086259"}],"wp:term":[{"taxonomy":"category","embeddable":true,"href":"https:\/\/dimensionturistica.com\/es\/wp-json\/wp\/v2\/categories?post=1086259"},{"taxonomy":"post_tag","embeddable":true,"href":"https:\/\/dimensionturistica.com\/es\/wp-json\/wp\/v2\/tags?post=1086259"}],"curies":[{"name":"wp","href":"https:\/\/api.w.org\/{rel}","templated":true}]}}