{"id":1086243,"date":"2025-12-15T19:49:31","date_gmt":"2025-12-15T19:49:31","guid":{"rendered":"https:\/\/dimensionturistica.com\/es\/?p=1086243"},"modified":"2025-12-15T19:49:31","modified_gmt":"2025-12-15T19:49:31","slug":"proyecta-morelos-vision-turistica-internacional-rumbo-al-mundial-mexico-2026","status":"publish","type":"post","link":"https:\/\/dimensionturistica.com\/es\/proyecta-morelos-vision-turistica-internacional-rumbo-al-mundial-mexico-2026\/","title":{"rendered":"Proyecta Morelos visi\u00f3n tur\u00edstica internacional rumbo al mundial M\u00e9xico 2026"},"content":{"rendered":"\n<figure class=\"wp-block-gallery has-nested-images columns-default is-cropped wp-block-gallery-1 is-layout-flex wp-block-gallery-is-layout-flex\">\n<figure class=\"wp-block-image size-large\"><img decoding=\"async\" width=\"500\" height=\"139\" data-id=\"1086244\" src=\"https:\/\/dimensionturistica.com\/es\/wp-content\/uploads\/2025\/12\/1MORE.jpg\" alt=\"\" class=\"wp-image-1086244\" srcset=\"https:\/\/dimensionturistica.com\/es\/wp-content\/uploads\/2025\/12\/1MORE.jpg 500w, https:\/\/dimensionturistica.com\/es\/wp-content\/uploads\/2025\/12\/1MORE-300x83.jpg 300w\" sizes=\"(max-width: 500px) 100vw, 500px\" \/><\/figure>\n<\/figure>\n\n\n\n<p>&nbsp;Con una visi\u00f3n orientada al desarrollo territorial y al aprovechamiento social del turismo, el Gobierno del Estado de Morelos particip\u00f3 en el panel \u201cM\u00e9xico 2026: una visi\u00f3n desde el Deporte, el Turismo y la Diplomacia Legal\u201d, realizado en la C\u00e1mara Espa\u00f1ola de Comercio en M\u00e9xico, como parte del di\u00e1logo internacional rumbo a la Copa Mundial de Futbol 2026.<\/p>\n\n\n\n<p>Daniel Altafi Valladares, secretario de Turismo estatal, expuso la visi\u00f3n de Morelos para aprovechar este escenario internacional como una oportunidad de desarrollo territorial, mediante la coordinaci\u00f3n interinstitucional y una planeaci\u00f3n tur\u00edstica focalizada, orientada a generar beneficios reales en la capital del estado, los Pueblos M\u00e1gicos y las comunidades con mayor vocaci\u00f3n tur\u00edstica y social.<\/p>\n\n\n\n<figure class=\"wp-block-gallery has-nested-images columns-default is-cropped wp-block-gallery-2 is-layout-flex wp-block-gallery-is-layout-flex\">\n<figure class=\"wp-block-image size-large\"><img decoding=\"async\" width=\"500\" height=\"333\" data-id=\"1086245\" src=\"https:\/\/dimensionturistica.com\/es\/wp-content\/uploads\/2025\/12\/3MORE.jpg\" alt=\"\" class=\"wp-image-1086245\" srcset=\"https:\/\/dimensionturistica.com\/es\/wp-content\/uploads\/2025\/12\/3MORE.jpg 500w, https:\/\/dimensionturistica.com\/es\/wp-content\/uploads\/2025\/12\/3MORE-300x200.jpg 300w\" sizes=\"(max-width: 500px) 100vw, 500px\" \/><\/figure>\n<\/figure>\n\n\n\n<p>Subray\u00f3 que Morelos avanza en un modelo tur\u00edstico incluyente, que prioriza destinos consolidados y territorios con alto potencial comunitario, particularmente ante eventos de gran escala que concentran flujos relevantes de visitantes nacionales e internacionales.<\/p>\n\n\n\n<p>\u201cEl reto es que el turismo se traduzca en beneficios tangibles para los territorios que cuentan con identidad, organizaci\u00f3n social y condiciones para recibir a los visitantes. Apostamos por una planeaci\u00f3n ordenada, con coordinaci\u00f3n entre sectores y enfoque social\u201d, se\u00f1al\u00f3.<\/p>\n\n\n\n<p>Asimismo, destac\u00f3 que la cercan\u00eda geogr\u00e1fica de Morelos con los principales centros de llegada del pa\u00eds posiciona al estado como una sede alterna estrat\u00e9gica, capaz de ofrecer experiencias culturales, naturales y comunitarias en trayectos cortos, complementando la oferta nacional durante el Mundial.<\/p>\n\n\n\n<figure class=\"wp-block-gallery has-nested-images columns-default is-cropped wp-block-gallery-3 is-layout-flex wp-block-gallery-is-layout-flex\">\n<figure class=\"wp-block-image size-large\"><img decoding=\"async\" width=\"500\" height=\"333\" data-id=\"1086246\" src=\"https:\/\/dimensionturistica.com\/es\/wp-content\/uploads\/2025\/12\/9MORE.jpg\" alt=\"\" class=\"wp-image-1086246\" srcset=\"https:\/\/dimensionturistica.com\/es\/wp-content\/uploads\/2025\/12\/9MORE.jpg 500w, https:\/\/dimensionturistica.com\/es\/wp-content\/uploads\/2025\/12\/9MORE-300x200.jpg 300w\" sizes=\"(max-width: 500px) 100vw, 500px\" \/><\/figure>\n<\/figure>\n\n\n\n<p>En el encuentro participaron Paola Longoria, diputada presidenta de la Comisi\u00f3n del Deporte de la C\u00e1mara de Diputados; Mariana D\u00edaz y Maxil, directora de Competitividad Tur\u00edstica de la Secretar\u00eda de Turismo de M\u00e9xico; Alejandro H\u00fctt, Host City Manager Monterrey \u2013 FIFA World Cup 26; Sergio Covarrubias, especialista en seguridad social y director de Capacitaci\u00f3n y Responsabilidad Social; as\u00ed como Daniel Altafi Valladares, secretario de Turismo de Morelos. La moderaci\u00f3n estuvo a cargo de Ayin Decer, Partner Global Affairs LHO.<\/p>\n\n\n\n<p>En el marco del foro se cont\u00f3 con la presencia del embajador de Espa\u00f1a en M\u00e9xico, Juan Duarte Cuadrado, as\u00ed como de representantes de embajadas, organismos empresariales y directivos de empresas de capital espa\u00f1ol, mexicano y europeo, lo que reforz\u00f3 el car\u00e1cter internacional del di\u00e1logo y la proyecci\u00f3n de Morelos en escenarios estrat\u00e9gicos.<\/p>\n\n\n\n<figure class=\"wp-block-gallery has-nested-images columns-default is-cropped wp-block-gallery-4 is-layout-flex wp-block-gallery-is-layout-flex\">\n<figure class=\"wp-block-image size-large\"><img decoding=\"async\" width=\"500\" height=\"333\" data-id=\"1086247\" src=\"https:\/\/dimensionturistica.com\/es\/wp-content\/uploads\/2025\/12\/4MORE.jpg\" alt=\"\" class=\"wp-image-1086247\" srcset=\"https:\/\/dimensionturistica.com\/es\/wp-content\/uploads\/2025\/12\/4MORE.jpg 500w, https:\/\/dimensionturistica.com\/es\/wp-content\/uploads\/2025\/12\/4MORE-300x200.jpg 300w\" sizes=\"(max-width: 500px) 100vw, 500px\" \/><\/figure>\n<\/figure>\n\n\n\n<p>La participaci\u00f3n de Morelos en este panel se inscribe en la estrategia estatal para consolidar al turismo como una herramienta de desarrollo econ\u00f3mico, cohesi\u00f3n social y proyecci\u00f3n territorial, con visi\u00f3n de largo plazo y beneficio directo para las comunidades, en el marco de &#8220;La Tierra que Nos Une&#8221;.<\/p>\n","protected":false},"excerpt":{"rendered":"<p>&nbsp;Con una visi\u00f3n orientada al desarrollo territorial y al aprovechamiento social del turismo, el Gobierno del Estado de Morelos particip\u00f3 en el panel \u201cM\u00e9xico 2026: una visi\u00f3n desde el Deporte, el Turismo y la Diplomacia Legal\u201d, realizado en la C\u00e1mara Espa\u00f1ola de Comercio en M\u00e9xico, como parte del di\u00e1logo internacional rumbo a la Copa Mundial [&hellip;]<\/p>\n","protected":false},"author":1,"featured_media":0,"comment_status":"open","ping_status":"closed","sticky":false,"template":"","format":"standard","meta":{"om_disable_all_campaigns":false,"jnews-multi-image_gallery":[],"jnews_single_post":[],"jnews_primary_category":[],"jnews_social_meta":[],"footnotes":""},"categories":[39],"tags":[],"class_list":["post-1086243","post","type-post","status-publish","format-standard","hentry","category-viajes"],"_links":{"self":[{"href":"https:\/\/dimensionturistica.com\/es\/wp-json\/wp\/v2\/posts\/1086243","targetHints":{"allow":["GET"]}}],"collection":[{"href":"https:\/\/dimensionturistica.com\/es\/wp-json\/wp\/v2\/posts"}],"about":[{"href":"https:\/\/dimensionturistica.com\/es\/wp-json\/wp\/v2\/types\/post"}],"author":[{"embeddable":true,"href":"https:\/\/dimensionturistica.com\/es\/wp-json\/wp\/v2\/users\/1"}],"replies":[{"embeddable":true,"href":"https:\/\/dimensionturistica.com\/es\/wp-json\/wp\/v2\/comments?post=1086243"}],"version-history":[{"count":1,"href":"https:\/\/dimensionturistica.com\/es\/wp-json\/wp\/v2\/posts\/1086243\/revisions"}],"predecessor-version":[{"id":1086248,"href":"https:\/\/dimensionturistica.com\/es\/wp-json\/wp\/v2\/posts\/1086243\/revisions\/1086248"}],"wp:attachment":[{"href":"https:\/\/dimensionturistica.com\/es\/wp-json\/wp\/v2\/media?parent=1086243"}],"wp:term":[{"taxonomy":"category","embeddable":true,"href":"https:\/\/dimensionturistica.com\/es\/wp-json\/wp\/v2\/categories?post=1086243"},{"taxonomy":"post_tag","embeddable":true,"href":"https:\/\/dimensionturistica.com\/es\/wp-json\/wp\/v2\/tags?post=1086243"}],"curies":[{"name":"wp","href":"https:\/\/api.w.org\/{rel}","templated":true}]}}