{"id":1086174,"date":"2025-12-15T17:57:18","date_gmt":"2025-12-15T17:57:18","guid":{"rendered":"https:\/\/dimensionturistica.com\/es\/?p=1086174"},"modified":"2025-12-15T17:57:18","modified_gmt":"2025-12-15T17:57:18","slug":"edicion-13-del-festival-incmty-2026-se-convertira-en-el-epicentro-de-la-innovacion-y-el-emprendimiento-en-latinoamerica","status":"publish","type":"post","link":"https:\/\/dimensionturistica.com\/es\/edicion-13-del-festival-incmty-2026-se-convertira-en-el-epicentro-de-la-innovacion-y-el-emprendimiento-en-latinoamerica\/","title":{"rendered":"Edici\u00f3n 13 del Festival incMTY 2026 se convertir\u00e1 en el epicentro de la innovaci\u00f3n y el emprendimiento en Latinoam\u00e9rica"},"content":{"rendered":"\n<p><\/p>\n\n\n\n<figure class=\"wp-block-gallery has-nested-images columns-default is-cropped wp-block-gallery-1 is-layout-flex wp-block-gallery-is-layout-flex\">\n<figure class=\"wp-block-image size-large\"><img decoding=\"async\" width=\"500\" height=\"132\" data-id=\"1086175\" src=\"https:\/\/dimensionturistica.com\/es\/wp-content\/uploads\/2025\/12\/5TEC.jpg\" alt=\"\" class=\"wp-image-1086175\" srcset=\"https:\/\/dimensionturistica.com\/es\/wp-content\/uploads\/2025\/12\/5TEC.jpg 500w, https:\/\/dimensionturistica.com\/es\/wp-content\/uploads\/2025\/12\/5TEC-300x79.jpg 300w\" sizes=\"(max-width: 500px) 100vw, 500px\" \/><\/figure>\n<\/figure>\n\n\n\n<p>El Tecnol\u00f3gico de Monterrey y la Universidad Aut\u00f3noma de Nuevo Le\u00f3n (UANL), dieron a conocer en rueda de prensa los detalles de la d\u00e9cimo tercera edici\u00f3n del Festival incMTY, que se llevar\u00e1 a cabo del 17 al 20 de marzo de 2026.<\/p>\n\n\n\n<p>Bajo el lema \u201cConnect Innovation, AI &amp; Business\u201d, la edici\u00f3n de este a\u00f1o tendr\u00e1 como principales ejes la innovaci\u00f3n, los negocios y la Inteligencia Artificial, con un enfoque orientado a que las organizaciones enfrenten sus retos m\u00e1s relevantes con agilidad, eficacia y visi\u00f3n de futuro, esto mediante la vinculaci\u00f3n con inversionistas, empresas l\u00edderes y startups de alto impacto para habilitar tecnolog\u00edas emergentes, proyectos de investigaci\u00f3n e infraestructura, y modelos de negocio disruptivos que transforman industrias.<\/p>\n\n\n\n<figure class=\"wp-block-gallery has-nested-images columns-default is-cropped wp-block-gallery-2 is-layout-flex wp-block-gallery-is-layout-flex\">\n<figure class=\"wp-block-image size-large\"><img decoding=\"async\" width=\"500\" height=\"273\" data-id=\"1086176\" src=\"https:\/\/dimensionturistica.com\/es\/wp-content\/uploads\/2025\/12\/1TEC.jpg\" alt=\"\" class=\"wp-image-1086176\" srcset=\"https:\/\/dimensionturistica.com\/es\/wp-content\/uploads\/2025\/12\/1TEC.jpg 500w, https:\/\/dimensionturistica.com\/es\/wp-content\/uploads\/2025\/12\/1TEC-300x164.jpg 300w\" sizes=\"(max-width: 500px) 100vw, 500px\" \/><\/figure>\n<\/figure>\n\n\n\n<p>El anuncio tuvo lugar en el Foro Rector\u00eda del Campus Monterrey y cont\u00f3 con la participaci\u00f3n de autoridades de ambas instituciones: por parte del Tecnol\u00f3gico de Monterrey asisti\u00f3 Ulrick Noel, director general del Instituto de Emprendimiento Eugenio Garza Lag\u00fcera (IEEGL), tambi\u00e9n estuvo presente Thomas M. Hogg, CEO de incMTY. Por parte de la UANL particip\u00f3 Nasser M. Noriega, director de Innovaci\u00f3n y Alianzas Estrat\u00e9gicas. A ellos se sumaron Betsab\u00e9 Rocha, secretaria de Econom\u00eda de Nuevo Le\u00f3n.<\/p>\n\n\n\n<p>\u201cincMTY 2026 es una invitaci\u00f3n abierta a todo el ecosistema: a construir juntos el futuro que nuestra regi\u00f3n merece. Hoy, m\u00e1s que nunca, necesitamos que emprendedores, corporativos, universidades, inversionistas y gobierno unan talento, tecnolog\u00eda e imaginaci\u00f3n para transformar realidades. Desde el Tec de Monterrey creemos firmemente que la innovaci\u00f3n y la Inteligencia Artificial pueden acelerar soluciones que impacten a millones. Este festival no solo celebra el emprendimiento: convoca a todos los que quieren cambiar el mundo desde M\u00e9xico y Latinoam\u00e9rica\u201d, declar\u00f3 Ulrick Noel durante la presentaci\u00f3n.<\/p>\n\n\n\n<figure class=\"wp-block-gallery has-nested-images columns-default is-cropped wp-block-gallery-3 is-layout-flex wp-block-gallery-is-layout-flex\">\n<figure class=\"wp-block-image size-large\"><img decoding=\"async\" width=\"500\" height=\"281\" data-id=\"1086178\" src=\"https:\/\/dimensionturistica.com\/es\/wp-content\/uploads\/2025\/12\/4TEC.jpg\" alt=\"\" class=\"wp-image-1086178\" srcset=\"https:\/\/dimensionturistica.com\/es\/wp-content\/uploads\/2025\/12\/4TEC.jpg 500w, https:\/\/dimensionturistica.com\/es\/wp-content\/uploads\/2025\/12\/4TEC-300x169.jpg 300w\" sizes=\"(max-width: 500px) 100vw, 500px\" \/><\/figure>\n<\/figure>\n\n\n\n<p>Para esta edici\u00f3n se esperan m\u00e1s de 10 mil participantes provenientes de 20 pa\u00edses, se recibir\u00e1n delegaciones internacionales de Texas y Silicon Valley. Adem\u00e1s de conferencistas y l\u00edderes internacionales de alto nivel como Marco Casar\u00edn, Country Manager de Meta M\u00e9xico; Mitra Miller, Inversionista y Houston Angel Network; Iv\u00e1n Montoya de Super Latam Angel Investors, Travis Blaise Creador de Sketchtoanimate Studios, Jesse Mart\u00ednez Founder of Invincible, Maca Riva, Karla Berman, Simon Cohen, Jeff Abbott Founder and Community Builder @AI Salon, Armando Herrera CEO de Nubank y participaci\u00f3n de marcas como Google y Lovable.<\/p>\n\n\n\n<p>Algunos de los aliados y marcas que se suman a la edici\u00f3n 2026 incluyen a la Secretar\u00eda de Econom\u00eda, el Distrito de Innovaci\u00f3n, la Secretar\u00eda de Turismo, Telcel, Oracle y Raspberry, quienes fortalecer\u00e1n la experiencia del festival con su participaci\u00f3n y contribuciones estrat\u00e9gicas.<\/p>\n\n\n\n<figure class=\"wp-block-gallery has-nested-images columns-default is-cropped wp-block-gallery-4 is-layout-flex wp-block-gallery-is-layout-flex\">\n<figure class=\"wp-block-image size-large\"><img decoding=\"async\" width=\"500\" height=\"281\" data-id=\"1086179\" src=\"https:\/\/dimensionturistica.com\/es\/wp-content\/uploads\/2025\/12\/8TEC.jpg\" alt=\"\" class=\"wp-image-1086179\" srcset=\"https:\/\/dimensionturistica.com\/es\/wp-content\/uploads\/2025\/12\/8TEC.jpg 500w, https:\/\/dimensionturistica.com\/es\/wp-content\/uploads\/2025\/12\/8TEC-300x169.jpg 300w\" sizes=\"(max-width: 500px) 100vw, 500px\" \/><\/figure>\n<\/figure>\n\n\n\n<p>Con la participaci\u00f3n de los rectores del Tecnol\u00f3gico de Monterrey, Juan Pablo Murra Lascur\u00e1in, y de la UANL, Santos Guzm\u00e1n L\u00f3pez, y del gobernador de Nuevo Le\u00f3n, Samuel Garc\u00eda Sep\u00falveda, durante la inauguraci\u00f3n, se desarrollar\u00e1n lazos de desarrollo econ\u00f3mico a nivel internacional.<\/p>\n\n\n\n<p>Por su parte, Thomas M. Hogg afirm\u00f3: \u201cla continua colaboraci\u00f3n entre universidades, delegaciones internacionales, el sector privado y entidades gubernamentales marca un hito para nuestro ecosistema. El impacto que generamos trabajando de la mano fortalece a toda la regi\u00f3n y abre nuevas oportunidades para el desarrollo, la innovaci\u00f3n y el talento\u201d.<\/p>\n\n\n\n<p>Se contar\u00e1 con m\u00e1s de 200 actividades, entre las que destacan: Founders &amp; Investors Meetups por verticales: IA, Climate, Healthtech y Tech; Innovation Leadership Summit, espacio de di\u00e1logo para l\u00edderes empresariales y de innovaci\u00f3n; Future Now, con contenido centrado en tendencias de futuro y tecnolog\u00eda, Casa EXATEC &amp; Egresados UANL, punto de encuentro para comunidades de ambas instituciones; activaciones con marcas l\u00edderes; la presentaci\u00f3n de Pabell\u00f3n Nuevo Le\u00f3n, un espacio para promover proyectos estrat\u00e9gicos estatales, Media Day; la presentaci\u00f3n de los Reconocimientos incMTY Awards; y Experiencias Network &amp; Connect, dise\u00f1adas para potenciar la colaboraci\u00f3n entre emprendedores, inversionistas y organizaciones.<\/p>\n\n\n\n<p>Desde su primera edici\u00f3n en 2013 (con una pausa en 2024), incMTY se ha consolidado como una plataforma clave para el desarrollo econ\u00f3mico de Am\u00e9rica Latina, impulsando la innovaci\u00f3n, el emprendimiento y la inversi\u00f3n a trav\u00e9s de dos l\u00edneas principales: incMTY Festival e incMTY Innovaci\u00f3n Corporativa.<\/p>\n\n\n\n<figure class=\"wp-block-gallery has-nested-images columns-default is-cropped wp-block-gallery-5 is-layout-flex wp-block-gallery-is-layout-flex\">\n<figure class=\"wp-block-image size-large\"><img decoding=\"async\" width=\"500\" height=\"281\" data-id=\"1086177\" src=\"https:\/\/dimensionturistica.com\/es\/wp-content\/uploads\/2025\/12\/2TEC.jpg\" alt=\"\" class=\"wp-image-1086177\" srcset=\"https:\/\/dimensionturistica.com\/es\/wp-content\/uploads\/2025\/12\/2TEC.jpg 500w, https:\/\/dimensionturistica.com\/es\/wp-content\/uploads\/2025\/12\/2TEC-300x169.jpg 300w\" sizes=\"(max-width: 500px) 100vw, 500px\" \/><\/figure>\n<\/figure>\n\n\n\n<p>En un contexto global de cambios acelerados, la industria requiere mantenerse a la vanguardia mediante proyectos innovadores y talento emergente, todo lo anterior con el objetivo de impulsar el crecimiento y liderar el futuro.<\/p>\n","protected":false},"excerpt":{"rendered":"<p>El Tecnol\u00f3gico de Monterrey y la Universidad Aut\u00f3noma de Nuevo Le\u00f3n (UANL), dieron a conocer en rueda de prensa los detalles de la d\u00e9cimo tercera edici\u00f3n del Festival incMTY, que se llevar\u00e1 a cabo del 17 al 20 de marzo de 2026. Bajo el lema \u201cConnect Innovation, AI &amp; Business\u201d, la edici\u00f3n de este a\u00f1o [&hellip;]<\/p>\n","protected":false},"author":1,"featured_media":0,"comment_status":"open","ping_status":"closed","sticky":false,"template":"","format":"standard","meta":{"om_disable_all_campaigns":false,"jnews-multi-image_gallery":[],"jnews_single_post":[],"jnews_primary_category":[],"jnews_social_meta":[],"footnotes":""},"categories":[40],"tags":[],"class_list":["post-1086174","post","type-post","status-publish","format-standard","hentry","category-industria"],"_links":{"self":[{"href":"https:\/\/dimensionturistica.com\/es\/wp-json\/wp\/v2\/posts\/1086174","targetHints":{"allow":["GET"]}}],"collection":[{"href":"https:\/\/dimensionturistica.com\/es\/wp-json\/wp\/v2\/posts"}],"about":[{"href":"https:\/\/dimensionturistica.com\/es\/wp-json\/wp\/v2\/types\/post"}],"author":[{"embeddable":true,"href":"https:\/\/dimensionturistica.com\/es\/wp-json\/wp\/v2\/users\/1"}],"replies":[{"embeddable":true,"href":"https:\/\/dimensionturistica.com\/es\/wp-json\/wp\/v2\/comments?post=1086174"}],"version-history":[{"count":1,"href":"https:\/\/dimensionturistica.com\/es\/wp-json\/wp\/v2\/posts\/1086174\/revisions"}],"predecessor-version":[{"id":1086180,"href":"https:\/\/dimensionturistica.com\/es\/wp-json\/wp\/v2\/posts\/1086174\/revisions\/1086180"}],"wp:attachment":[{"href":"https:\/\/dimensionturistica.com\/es\/wp-json\/wp\/v2\/media?parent=1086174"}],"wp:term":[{"taxonomy":"category","embeddable":true,"href":"https:\/\/dimensionturistica.com\/es\/wp-json\/wp\/v2\/categories?post=1086174"},{"taxonomy":"post_tag","embeddable":true,"href":"https:\/\/dimensionturistica.com\/es\/wp-json\/wp\/v2\/tags?post=1086174"}],"curies":[{"name":"wp","href":"https:\/\/api.w.org\/{rel}","templated":true}]}}