{"id":1086090,"date":"2025-12-15T16:03:06","date_gmt":"2025-12-15T16:03:06","guid":{"rendered":"https:\/\/dimensionturistica.com\/es\/?p=1086090"},"modified":"2025-12-15T16:03:06","modified_gmt":"2025-12-15T16:03:06","slug":"al-buen-entendedor-la-movilidad-es-un-desastre-en-quintana-roo","status":"publish","type":"post","link":"https:\/\/dimensionturistica.com\/es\/al-buen-entendedor-la-movilidad-es-un-desastre-en-quintana-roo\/","title":{"rendered":"Al Buen Entendedor\u2026 La movilidad es un desastre en Quintana Roo."},"content":{"rendered":"\n<figure class=\"wp-block-gallery has-nested-images columns-default is-cropped wp-block-gallery-1 is-layout-flex wp-block-gallery-is-layout-flex\">\n<figure class=\"wp-block-image size-large\"><img decoding=\"async\" width=\"500\" height=\"535\" data-id=\"1086091\" src=\"https:\/\/dimensionturistica.com\/es\/wp-content\/uploads\/2025\/12\/4ROO.jpg\" alt=\"\" class=\"wp-image-1086091\" srcset=\"https:\/\/dimensionturistica.com\/es\/wp-content\/uploads\/2025\/12\/4ROO.jpg 500w, https:\/\/dimensionturistica.com\/es\/wp-content\/uploads\/2025\/12\/4ROO-280x300.jpg 280w\" sizes=\"(max-width: 500px) 100vw, 500px\" \/><\/figure>\n<\/figure>\n\n\n\n<p><strong>Por: Sergio E. Gonz\u00e1lez Rubiera<\/strong><\/p>\n\n\n\n<p>Es un desastre que afecta a la convivencia humana, a la salud mental, a la calidad de vida, a los negocios, a la competitividad y hasta a la imagen como destinos tur\u00edsticos. Todos estamos hartos de conducir a \u201cvuelta de rueda\u201d, cansados de llegar tarde, malhumorados de pasar tantas horas en el veh\u00edculo, estresados por las largas filas, para atestiguar muchas veces, que la interminable fila de autos se deb\u00eda a una reparaci\u00f3n que se realiza a plena luz del d\u00eda en horas \u201cpico\u201d, porque quitaban un tope o colocaban uno<\/p>\n\n\n\n<figure class=\"wp-block-gallery has-nested-images columns-default is-cropped wp-block-gallery-2 is-layout-flex wp-block-gallery-is-layout-flex\">\n<figure class=\"wp-block-image size-large\"><img decoding=\"async\" width=\"500\" height=\"281\" data-id=\"1086092\" src=\"https:\/\/dimensionturistica.com\/es\/wp-content\/uploads\/2025\/12\/2ROO.jpg\" alt=\"\" class=\"wp-image-1086092\" srcset=\"https:\/\/dimensionturistica.com\/es\/wp-content\/uploads\/2025\/12\/2ROO.jpg 500w, https:\/\/dimensionturistica.com\/es\/wp-content\/uploads\/2025\/12\/2ROO-300x169.jpg 300w\" sizes=\"(max-width: 500px) 100vw, 500px\" \/><\/figure>\n<\/figure>\n\n\n\n<p>nuevo, en general por alguna de esas ocurrencias que tienen algunos funcionarios p\u00fablicos.<\/p>\n\n\n\n<p>La movilidad es un derecho humano y no se soluciona, sino que se complica, porque no se le aborda de manera integral, y porque se pretende resolver con \u201cocurrencias\u201d; no hay expertos en la materia, no hay soluciones integrales, no se le concede prioridad y lo que prevalece es la ocurrencia.<\/p>\n\n\n\n<figure class=\"wp-block-gallery has-nested-images columns-default is-cropped wp-block-gallery-3 is-layout-flex wp-block-gallery-is-layout-flex\">\n<figure class=\"wp-block-image size-large\"><img decoding=\"async\" width=\"500\" height=\"375\" data-id=\"1086094\" src=\"https:\/\/dimensionturistica.com\/es\/wp-content\/uploads\/2025\/12\/3ROO.jpg\" alt=\"\" class=\"wp-image-1086094\" srcset=\"https:\/\/dimensionturistica.com\/es\/wp-content\/uploads\/2025\/12\/3ROO.jpg 500w, https:\/\/dimensionturistica.com\/es\/wp-content\/uploads\/2025\/12\/3ROO-300x225.jpg 300w\" sizes=\"(max-width: 500px) 100vw, 500px\" \/><\/figure>\n<\/figure>\n\n\n\n<p>El puente de la laguna Nichupt\u00e9, no habr\u00e1 de resolver el tema del caos vial en la zona hotelera ni en el centro, de hecho, lo agravar\u00e1. Al no tener resuelto el aterrizaje del mismo en el Boulevard Kukulk\u00e1n, se eliminar\u00e1 un carril completo de norte a sur, en un tramo, lo que generar\u00e1 un verdadero caos en la zona hotelera, el lugar que genera la mayor parte de la econom\u00eda del municipio y parte del estado.<\/p>\n\n\n\n<figure class=\"wp-block-gallery has-nested-images columns-default is-cropped wp-block-gallery-4 is-layout-flex wp-block-gallery-is-layout-flex\">\n<figure class=\"wp-block-image size-large\"><img decoding=\"async\" width=\"500\" height=\"328\" data-id=\"1086095\" src=\"https:\/\/dimensionturistica.com\/es\/wp-content\/uploads\/2025\/12\/1ROO.jpg\" alt=\"\" class=\"wp-image-1086095\" srcset=\"https:\/\/dimensionturistica.com\/es\/wp-content\/uploads\/2025\/12\/1ROO.jpg 500w, https:\/\/dimensionturistica.com\/es\/wp-content\/uploads\/2025\/12\/1ROO-300x197.jpg 300w\" sizes=\"(max-width: 500px) 100vw, 500px\" \/><\/figure>\n<\/figure>\n\n\n\n<p>La soluci\u00f3n era la utilizaci\u00f3n de nuestros cuerpos lagunares. Transportar a los trabajadores desde Tajamar, zona hoy subutilizada, hacia la zona hotelera en barcos, toma solo trece minutos.<\/p>\n\n\n\n<figure class=\"wp-block-gallery has-nested-images columns-default is-cropped wp-block-gallery-5 is-layout-flex wp-block-gallery-is-layout-flex\">\n<figure class=\"wp-block-image size-large\"><img decoding=\"async\" width=\"500\" height=\"329\" data-id=\"1086098\" src=\"https:\/\/dimensionturistica.com\/es\/wp-content\/uploads\/2025\/12\/5ROO.jpg\" alt=\"\" class=\"wp-image-1086098\" srcset=\"https:\/\/dimensionturistica.com\/es\/wp-content\/uploads\/2025\/12\/5ROO.jpg 500w, https:\/\/dimensionturistica.com\/es\/wp-content\/uploads\/2025\/12\/5ROO-300x197.jpg 300w\" sizes=\"(max-width: 500px) 100vw, 500px\" \/><\/figure>\n<\/figure>\n\n\n\n<p>A\u00fan se puede, si hay voluntad, crear una gran terminal en la mencionada zona, en la cual adem\u00e1s de un muelle, deber\u00eda haber un gran estacionamiento para cinco mil autos, espacios para aparcar bicicletas, y andenes a donde llegar\u00edan los autobuses p\u00fablicos desde todas las regiones, con los trabajadores que podr\u00edan abordar embarcaciones que saldr\u00edan cada veinte minutos.<\/p>\n\n\n\n<figure class=\"wp-block-gallery has-nested-images columns-default is-cropped wp-block-gallery-6 is-layout-flex wp-block-gallery-is-layout-flex\">\n<figure class=\"wp-block-image size-large\"><img decoding=\"async\" width=\"500\" height=\"329\" data-id=\"1086099\" src=\"https:\/\/dimensionturistica.com\/es\/wp-content\/uploads\/2025\/12\/6ROO.jpg\" alt=\"\" class=\"wp-image-1086099\" srcset=\"https:\/\/dimensionturistica.com\/es\/wp-content\/uploads\/2025\/12\/6ROO.jpg 500w, https:\/\/dimensionturistica.com\/es\/wp-content\/uploads\/2025\/12\/6ROO-300x197.jpg 300w\" sizes=\"(max-width: 500px) 100vw, 500px\" \/><\/figure>\n<\/figure>\n\n\n\n<p>La idea es inhibir el uso del autom\u00f3vil y fomentar transportes p\u00fablicos masivos con calidad y confort.<\/p>\n\n\n\n<p>El puente, dicho sea de paso, tienen defectos de dise\u00f1o, empezando por que el carril de incorporaci\u00f3n desde la Av. Colosio en direcci\u00f3n a la zona hotelera es tan estrecho como esas peligrosas entradas y salidas que se hicieron en el paso elevado de Playa del Carmen, en donde apenas cabe un auto. Se puede observar que las enormes trabes del ya tristemente famoso puente actual, si que tienen el ancho que ameritaba el carril de incorporaci\u00f3n, pero este se hizo angostito digamos, \u00bfser\u00e1 el estilo, o la ocurrencia?&#8230;<\/p>\n\n\n\n<figure class=\"wp-block-gallery has-nested-images columns-default is-cropped wp-block-gallery-7 is-layout-flex wp-block-gallery-is-layout-flex\">\n<figure class=\"wp-block-image size-large\"><img decoding=\"async\" width=\"500\" height=\"333\" data-id=\"1086100\" src=\"https:\/\/dimensionturistica.com\/es\/wp-content\/uploads\/2025\/12\/7ROO.jpg\" alt=\"\" class=\"wp-image-1086100\" srcset=\"https:\/\/dimensionturistica.com\/es\/wp-content\/uploads\/2025\/12\/7ROO.jpg 500w, https:\/\/dimensionturistica.com\/es\/wp-content\/uploads\/2025\/12\/7ROO-300x200.jpg 300w\" sizes=\"(max-width: 500px) 100vw, 500px\" \/><\/figure>\n<\/figure>\n\n\n\n<p>En el Boulevard Colosio tambi\u00e9n se han hecho mal las cosas; la gran obra millonaria que se llev\u00f3 a cabo en esa v\u00eda resolvi\u00f3 los baches, pero no resolvi\u00f3 la movilidad, el tr\u00e1nsito lento y lo penoso que resulta entrar y salir de Canc\u00fan. Lo que se requer\u00eda es una v\u00eda elevada, de alta velocidad que conectara el centro de Canc\u00fan con el aeropuerto y la salida a la Riviera Maya, a alta velocidad, de esta manera la v\u00eda inferior servir\u00eda para acceder a las universidades, los desarrollos y los servicios existentes y la elevada para quienes van o vienen del aeropuerto y la Riviera Maya.<\/p>\n\n\n\n<figure class=\"wp-block-gallery has-nested-images columns-default is-cropped wp-block-gallery-8 is-layout-flex wp-block-gallery-is-layout-flex\">\n<figure class=\"wp-block-image size-large\"><img decoding=\"async\" width=\"500\" height=\"281\" data-id=\"1086101\" src=\"https:\/\/dimensionturistica.com\/es\/wp-content\/uploads\/2025\/12\/11ROO.jpg\" alt=\"\" class=\"wp-image-1086101\" srcset=\"https:\/\/dimensionturistica.com\/es\/wp-content\/uploads\/2025\/12\/11ROO.jpg 500w, https:\/\/dimensionturistica.com\/es\/wp-content\/uploads\/2025\/12\/11ROO-300x169.jpg 300w\" sizes=\"(max-width: 500px) 100vw, 500px\" \/><\/figure>\n<\/figure>\n\n\n\n<p>Por si fuera poco, a los sem\u00e1foros, los retornos, los accesos m\u00faltiples existentes, hay que agregar las \u201cocurrencias\u201d, como la de hace unos d\u00edas para colocar unos \u201cvibradores\u201d, peque\u00f1os topes, que implicaron interminables filas, demoras y malos humores, al colocarlos y luego al quitarlos.<\/p>\n\n\n\n<figure class=\"wp-block-gallery has-nested-images columns-default is-cropped wp-block-gallery-9 is-layout-flex wp-block-gallery-is-layout-flex\">\n<figure class=\"wp-block-image size-large\"><img decoding=\"async\" width=\"500\" height=\"281\" data-id=\"1086102\" src=\"https:\/\/dimensionturistica.com\/es\/wp-content\/uploads\/2025\/12\/9ROO.jpg\" alt=\"\" class=\"wp-image-1086102\" srcset=\"https:\/\/dimensionturistica.com\/es\/wp-content\/uploads\/2025\/12\/9ROO.jpg 500w, https:\/\/dimensionturistica.com\/es\/wp-content\/uploads\/2025\/12\/9ROO-300x169.jpg 300w\" sizes=\"(max-width: 500px) 100vw, 500px\" \/><\/figure>\n<\/figure>\n\n\n\n<p>En la ciudad tenemos tambi\u00e9n el asunto de las escuelas y el desquiciante tr\u00e1fico que generan alrededor de las dos de la tarde cada d\u00eda. Muy pocas escuelas tienen espacios suficientes para el ascenso y descenso de los alumnos que son transportados por sus padres y hasta hoy no se les ha exigido una soluci\u00f3n. Algunas de estas escuelas est\u00e1n en calles interiores y estrechas de Canc\u00fan, con lo que ello implica en materia de caos vial.<\/p>\n\n\n\n<figure class=\"wp-block-gallery has-nested-images columns-default is-cropped wp-block-gallery-10 is-layout-flex wp-block-gallery-is-layout-flex\">\n<figure class=\"wp-block-image size-large\"><img decoding=\"async\" width=\"500\" height=\"276\" data-id=\"1086103\" src=\"https:\/\/dimensionturistica.com\/es\/wp-content\/uploads\/2025\/12\/10ROO.jpg\" alt=\"\" class=\"wp-image-1086103\" srcset=\"https:\/\/dimensionturistica.com\/es\/wp-content\/uploads\/2025\/12\/10ROO.jpg 500w, https:\/\/dimensionturistica.com\/es\/wp-content\/uploads\/2025\/12\/10ROO-300x166.jpg 300w\" sizes=\"(max-width: 500px) 100vw, 500px\" \/><\/figure>\n<\/figure>\n\n\n\n<p>Y las que se ubican en la Av. Bonampak, lo han intentado solucionar colocando conos naranjas, que lo \u00fanico que logran es restarle un carril a la vialidad acrecentando el caos y la insoportable marcha lenta.<\/p>\n\n\n\n<figure class=\"wp-block-gallery has-nested-images columns-default is-cropped wp-block-gallery-11 is-layout-flex wp-block-gallery-is-layout-flex\">\n<figure class=\"wp-block-image size-large\"><img decoding=\"async\" width=\"500\" height=\"333\" data-id=\"1086104\" src=\"https:\/\/dimensionturistica.com\/es\/wp-content\/uploads\/2025\/12\/21ROO.jpg\" alt=\"\" class=\"wp-image-1086104\" srcset=\"https:\/\/dimensionturistica.com\/es\/wp-content\/uploads\/2025\/12\/21ROO.jpg 500w, https:\/\/dimensionturistica.com\/es\/wp-content\/uploads\/2025\/12\/21ROO-300x200.jpg 300w\" sizes=\"(max-width: 500px) 100vw, 500px\" \/><\/figure>\n<\/figure>\n\n\n\n<p>En materia de \u201cocurrencias\u201d, la fiscal\u00eda decidi\u00f3 establecer oficinas en plena avenida Cob\u00e1, muy pr\u00f3ximas al desaparecido Fonatur, no se les pod\u00eda ocurrir lugar m\u00e1s c\u00e9ntrico.<\/p>\n\n\n\n<figure class=\"wp-block-gallery has-nested-images columns-default is-cropped wp-block-gallery-12 is-layout-flex wp-block-gallery-is-layout-flex\">\n<figure class=\"wp-block-image size-large\"><img decoding=\"async\" width=\"500\" height=\"333\" data-id=\"1086105\" src=\"https:\/\/dimensionturistica.com\/es\/wp-content\/uploads\/2025\/12\/222ROO.jpg\" alt=\"\" class=\"wp-image-1086105\" srcset=\"https:\/\/dimensionturistica.com\/es\/wp-content\/uploads\/2025\/12\/222ROO.jpg 500w, https:\/\/dimensionturistica.com\/es\/wp-content\/uploads\/2025\/12\/222ROO-300x200.jpg 300w\" sizes=\"(max-width: 500px) 100vw, 500px\" \/><\/figure>\n<\/figure>\n\n\n\n<p>Ahora todos los fiscales, vice fiscales, oferentes y demandantes de alg\u00fan tipo de justicia, se estacionan flagrantemente y sin empacho a lo largo de esa avenida, obstaculizando un carril de esa concurrida vialidad, generando un caos que sumado al de la Bonampak hace la zona intransitable y desquiciante.<\/p>\n\n\n\n<figure class=\"wp-block-gallery has-nested-images columns-default is-cropped wp-block-gallery-13 is-layout-flex wp-block-gallery-is-layout-flex\">\n<figure class=\"wp-block-image size-large\"><img decoding=\"async\" width=\"500\" height=\"281\" data-id=\"1086106\" src=\"https:\/\/dimensionturistica.com\/es\/wp-content\/uploads\/2025\/12\/15ROO.jpg\" alt=\"\" class=\"wp-image-1086106\" srcset=\"https:\/\/dimensionturistica.com\/es\/wp-content\/uploads\/2025\/12\/15ROO.jpg 500w, https:\/\/dimensionturistica.com\/es\/wp-content\/uploads\/2025\/12\/15ROO-300x169.jpg 300w\" sizes=\"(max-width: 500px) 100vw, 500px\" \/><\/figure>\n<\/figure>\n\n\n\n<p>Que decir de las incontables motocicletas que ahora inundan las calles de Canc\u00fan, Playa del Carmen y tambi\u00e9n Cozumel. Aunque conducen de p\u00e9sima manera y son un peligro constante, como culparles a ellos, si no existen alternativas viables, eficientes y c\u00f3modas de transporte p\u00fablico. Hoy la aspiraci\u00f3n de muchos que viajan apretujados en las insalubres y pestilentes \u201cpeseras\u201d, es ahorrar un dinerito para comprarse una motito.<\/p>\n\n\n\n<figure class=\"wp-block-gallery has-nested-images columns-default is-cropped wp-block-gallery-14 is-layout-flex wp-block-gallery-is-layout-flex\">\n<figure class=\"wp-block-image size-large\"><img decoding=\"async\" width=\"500\" height=\"312\" data-id=\"1086107\" src=\"https:\/\/dimensionturistica.com\/es\/wp-content\/uploads\/2025\/12\/69ROO.jpg\" alt=\"\" class=\"wp-image-1086107\" srcset=\"https:\/\/dimensionturistica.com\/es\/wp-content\/uploads\/2025\/12\/69ROO.jpg 500w, https:\/\/dimensionturistica.com\/es\/wp-content\/uploads\/2025\/12\/69ROO-300x187.jpg 300w\" sizes=\"(max-width: 500px) 100vw, 500px\" \/><\/figure>\n<\/figure>\n\n\n\n<p>Esas \u201cpeseras\u201d, \u201ccombis\u201d o como sea que usted les llame, esas unidades dise\u00f1adas para 7 o 9 pasajeros y que llevan hasta 30 son un peligro constante, los choferes conducen de manera temeraria en la b\u00fasqueda de \u201cla chuleta\u201d, es decir del necesario sustento, paran donde se les antoja, o mejor dicho donde el pobre transe\u00fante les hace la parada, ante la ausencia de un adecuado sistema de rutas, de paraderos dignos y de autobuses c\u00f3modos con aire acondicionado.<\/p>\n\n\n\n<p>Ese sistema de transporte colectivo era, hasta donde pude saber, propiedad del ex gobernador preso, Roberto Borge. \u00bfLe habr\u00e1n decomisado el negocio? O \u00bfSeguir\u00e1 report\u00e1ndole utilidades?, mismas que usar\u00e1 en su defensa legal desde prisi\u00f3n.<\/p>\n\n\n\n<figure class=\"wp-block-gallery has-nested-images columns-default is-cropped wp-block-gallery-15 is-layout-flex wp-block-gallery-is-layout-flex\">\n<figure class=\"wp-block-image size-large\"><img decoding=\"async\" width=\"500\" height=\"250\" data-id=\"1086108\" src=\"https:\/\/dimensionturistica.com\/es\/wp-content\/uploads\/2025\/12\/17ROO.jpg\" alt=\"\" class=\"wp-image-1086108\" srcset=\"https:\/\/dimensionturistica.com\/es\/wp-content\/uploads\/2025\/12\/17ROO.jpg 500w, https:\/\/dimensionturistica.com\/es\/wp-content\/uploads\/2025\/12\/17ROO-300x150.jpg 300w, https:\/\/dimensionturistica.com\/es\/wp-content\/uploads\/2025\/12\/17ROO-360x180.jpg 360w\" sizes=\"(max-width: 500px) 100vw, 500px\" \/><\/figure>\n<\/figure>\n\n\n\n<p>Y qu\u00e9 decir de la carretera federal 307, la segunda m\u00e1s transitada de todo el pa\u00eds, despu\u00e9s de la M\u00e9xico-Cuernavaca. Se encuentra en estado lamentable, con baches que ponen en peligro la conducci\u00f3n, con obras, reparaciones y ocurrencias que generan no s\u00f3lo tr\u00e1nsito lento, sino angustia para turistas y vuelos perdidos. Ya ni le digo a mis ocho lectores que la v\u00eda est\u00e1 plagada, saturada de anuncios espectaculares, \u00bfpara qu\u00e9 decirlo m\u00e1s, si llevo solo 25 a\u00f1os quej\u00e1ndome?<\/p>\n\n\n\n<figure class=\"wp-block-gallery has-nested-images columns-default is-cropped wp-block-gallery-16 is-layout-flex wp-block-gallery-is-layout-flex\">\n<figure class=\"wp-block-image size-large\"><img decoding=\"async\" width=\"500\" height=\"375\" data-id=\"1086109\" src=\"https:\/\/dimensionturistica.com\/es\/wp-content\/uploads\/2025\/12\/20ROO.jpg\" alt=\"\" class=\"wp-image-1086109\" srcset=\"https:\/\/dimensionturistica.com\/es\/wp-content\/uploads\/2025\/12\/20ROO.jpg 500w, https:\/\/dimensionturistica.com\/es\/wp-content\/uploads\/2025\/12\/20ROO-300x225.jpg 300w\" sizes=\"(max-width: 500px) 100vw, 500px\" \/><\/figure>\n<\/figure>\n\n\n\n<p>Hace un par de d\u00edas al viajar con destino a Tulum, en el carril lateral de sur a norte al salir de Playa del Carmen, se observaban reparaciones, ocurrencias pues de alg\u00fan mun\u00edcipe, con la consecuente, larga, largu\u00edsima fila de autos que se extend\u00eda por kil\u00f3metros, en la cual pude observar decenas de transportes tur\u00edsticos y me angustiaba de pensar lo que pasar\u00eda por la mente de todos los inocentes e intr\u00e9pidos turistas abordo.<\/p>\n\n\n\n<figure class=\"wp-block-gallery has-nested-images columns-default is-cropped wp-block-gallery-17 is-layout-flex wp-block-gallery-is-layout-flex\">\n<figure class=\"wp-block-image size-large\"><img decoding=\"async\" width=\"500\" height=\"281\" data-id=\"1086110\" src=\"https:\/\/dimensionturistica.com\/es\/wp-content\/uploads\/2025\/12\/16ROO.jpg\" alt=\"\" class=\"wp-image-1086110\" srcset=\"https:\/\/dimensionturistica.com\/es\/wp-content\/uploads\/2025\/12\/16ROO.jpg 500w, https:\/\/dimensionturistica.com\/es\/wp-content\/uploads\/2025\/12\/16ROO-300x169.jpg 300w\" sizes=\"(max-width: 500px) 100vw, 500px\" \/><\/figure>\n<\/figure>\n\n\n\n<p>Parece que la movilidad no est\u00e1 en la mira ni en la agenda de nadie; en los discursos si, por supuesto, y probablemente hasta exista la intenci\u00f3n, pero soluciones integrales de fondo planteadas por expertos no se ven. Lo que, si se ve y mucho son esos artefactos naranjas por todos lados, supongo que deber\u00e1 estar millonario el fabricante o el que le vende esos mamotretos a los gobiernos de Quintana Roo, que suelen colocarse en donde antes hab\u00eda un retorno; \u00bfes decir, alguien dise\u00f1\u00f3 unos retornos, y luego otro ocurrente \u201calguien\u201d decidi\u00f3 colocarle los artefactos naranjas, que para eso se venden, para atajar retornos no?, o para prevenir de baches, que tambi\u00e9n abundan.<\/p>\n\n\n\n<p>A manera de prolepsis, Canc\u00fan y luego el resto del estado ser\u00e1 pronto un inmenso estacionamiento, la salud mental de todos los ciudadanos se ver\u00e1 afectada y la competitividad puesta en severo riesgo, si el tema no se atiende.<\/p>\n\n\n\n<figure class=\"wp-block-gallery has-nested-images columns-default is-cropped wp-block-gallery-18 is-layout-flex wp-block-gallery-is-layout-flex\">\n<figure class=\"wp-block-image size-large\"><img decoding=\"async\" width=\"500\" height=\"281\" data-id=\"1086118\" src=\"https:\/\/dimensionturistica.com\/es\/wp-content\/uploads\/2025\/12\/18ROO.jpg\" alt=\"\" class=\"wp-image-1086118\" srcset=\"https:\/\/dimensionturistica.com\/es\/wp-content\/uploads\/2025\/12\/18ROO.jpg 500w, https:\/\/dimensionturistica.com\/es\/wp-content\/uploads\/2025\/12\/18ROO-300x169.jpg 300w\" sizes=\"(max-width: 500px) 100vw, 500px\" \/><\/figure>\n<\/figure>\n\n\n\n<p>Un polic\u00eda de tr\u00e1nsito en Cozumel, detuvo a un padre de familia que conduc\u00eda su modesta motocicleta con su familia. Al detenerse, el conductor pregunt\u00f3 al oficial:<\/p>\n\n\n\n<p>&#8211; \u00bfPor qu\u00e9 me detiene?, el polic\u00eda contesta:<\/p>\n\n\n\n<p>&#8211; \u00bfC\u00f3mo que por qu\u00e9?&#8230; no puede usted conducir una moto con cuatro pasajeros !<\/p>\n\n\n\n<p>&#8211; \u00bfC\u00f3mo que cuatro?&#8230; \u00a1v\u00e1lgame Dios, ya se nos cay\u00f3 el Jacinto otra vez!&#8230;<\/p>\n\n\n\n<p>Cualquier comentario con esta columna que circula por esta ciudad de primera, porque no puede ir en segunda, favor de dirigirlo a:<\/p>\n\n\n\n<p>sgrubiera@acticonsultores.com<\/p>\n\n\n\n<p>#albuenentendedor\u2026<\/p>\n","protected":false},"excerpt":{"rendered":"<p>Por: Sergio E. Gonz\u00e1lez Rubiera Es un desastre que afecta a la convivencia humana, a la salud mental, a la calidad de vida, a los negocios, a la competitividad y hasta a la imagen como destinos tur\u00edsticos. Todos estamos hartos de conducir a \u201cvuelta de rueda\u201d, cansados de llegar tarde, malhumorados de pasar tantas horas [&hellip;]<\/p>\n","protected":false},"author":1,"featured_media":0,"comment_status":"open","ping_status":"closed","sticky":false,"template":"","format":"standard","meta":{"om_disable_all_campaigns":false,"jnews-multi-image_gallery":[],"jnews_single_post":{"format":"standard"},"jnews_primary_category":[],"jnews_social_meta":[],"footnotes":""},"categories":[39],"tags":[],"class_list":["post-1086090","post","type-post","status-publish","format-standard","hentry","category-viajes"],"_links":{"self":[{"href":"https:\/\/dimensionturistica.com\/es\/wp-json\/wp\/v2\/posts\/1086090","targetHints":{"allow":["GET"]}}],"collection":[{"href":"https:\/\/dimensionturistica.com\/es\/wp-json\/wp\/v2\/posts"}],"about":[{"href":"https:\/\/dimensionturistica.com\/es\/wp-json\/wp\/v2\/types\/post"}],"author":[{"embeddable":true,"href":"https:\/\/dimensionturistica.com\/es\/wp-json\/wp\/v2\/users\/1"}],"replies":[{"embeddable":true,"href":"https:\/\/dimensionturistica.com\/es\/wp-json\/wp\/v2\/comments?post=1086090"}],"version-history":[{"count":1,"href":"https:\/\/dimensionturistica.com\/es\/wp-json\/wp\/v2\/posts\/1086090\/revisions"}],"predecessor-version":[{"id":1086119,"href":"https:\/\/dimensionturistica.com\/es\/wp-json\/wp\/v2\/posts\/1086090\/revisions\/1086119"}],"wp:attachment":[{"href":"https:\/\/dimensionturistica.com\/es\/wp-json\/wp\/v2\/media?parent=1086090"}],"wp:term":[{"taxonomy":"category","embeddable":true,"href":"https:\/\/dimensionturistica.com\/es\/wp-json\/wp\/v2\/categories?post=1086090"},{"taxonomy":"post_tag","embeddable":true,"href":"https:\/\/dimensionturistica.com\/es\/wp-json\/wp\/v2\/tags?post=1086090"}],"curies":[{"name":"wp","href":"https:\/\/api.w.org\/{rel}","templated":true}]}}