{"id":1085854,"date":"2025-12-14T21:21:39","date_gmt":"2025-12-14T21:21:39","guid":{"rendered":"https:\/\/dimensionturistica.com\/es\/?p=1085854"},"modified":"2025-12-14T21:21:39","modified_gmt":"2025-12-14T21:21:39","slug":"en-su-cumpleanos-recordando-los-mejores-momentos-de-belleza-de-jane-birkin","status":"publish","type":"post","link":"https:\/\/dimensionturistica.com\/es\/en-su-cumpleanos-recordando-los-mejores-momentos-de-belleza-de-jane-birkin\/","title":{"rendered":"En su Cumplea\u00f1os, Recordando los Mejores Momentos de Belleza de Jane Birkin"},"content":{"rendered":"<h3>La Belleza de Jane Birkin: Un Icono que Trasciende \u00c9pocas<\/h3>\n<p>En el universo de la moda, ciertas figuras se destacan no solo por su estilo, sino tambi\u00e9n por la capacidad de redefinir la belleza a trav\u00e9s de su personalidad y apariencia. Jane Birkin, una de las musas m\u00e1s influyentes del siglo XX, ha dejado una huella imborrable que contin\u00faa inspirando a las generaciones actuales.<\/p>\n<p><strong>Un Estilo Inconfundible<\/strong><\/p>\n<p>Birkin es reconocida no solo por su inigualable voz y talento actoral, sino tambi\u00e9n por su est\u00e9tica distintiva. Su estilo, marcado por la mezcla de lo bohemio y lo elegante, ha sido copiado e imitado en m\u00faltiples ocasiones. Uno de los sellos de su imagen es su ic\u00f3nica melena. Sus cabellos, con esa textura desenfadada y natural, se convirtieron en un s\u00edmbolo de lo casual-Chic. Las tendencias actuales reafirman que la autenticidad y la sencillez son siempre bienvenidas, algo que Jane supo manejar con maestr\u00eda.<\/p>\n<p><strong>El Poder de los Flequillos<\/strong><\/p>\n<p>Los flequillos de Birkin han cobrado vida propia en el mundo de la moda. Su elecci\u00f3n de llevarlos no solo realza su rostro, sino que tambi\u00e9n otorga un aire de frescura y juventud. Momentos de inspiraci\u00f3n para quienes buscan una renovaci\u00f3n en su apariencia y ambicionan comunicar una personalidad vibrante y desinhibida. Los flequillos, que han tenido un auge reciente en diversas pasarelas, parecen recuperar la fuerza que les otorg\u00f3 Birkin, convirti\u00e9ndose en un must para quienes desean a\u00f1adir un toque de ingenio a su look.<\/p>\n<p><strong>Maquillaje Natural: La Belleza de Ser Uno Mismo<\/strong><\/p>\n<p>En lo que respecta al maquillaje, Birkin siempre abog\u00f3 por la belleza natural. Su enfoque minimalista pone en evidencia que menos es m\u00e1s. Piel radiante, labios sutilmente coloreados y un ligero toque de m\u00e1scara para realzar sus pesta\u00f1as eran su elecci\u00f3n habitual. Este enfoque resuena con las tendencias contempor\u00e1neas que favorecen la luminosidad y la autenticidad, pasando por alto los excesos. Este estilo de maquillaje es un recordatorio de que la verdadera belleza radica en resaltar nuestras caracter\u00edsticas naturales.<\/p>\n<p><strong>Un Legado que Perdura<\/strong><\/p>\n<p>Aunque han pasado d\u00e9cadas desde que Jane Birkin robusteci\u00f3 la escena de la moda, su legado permanece intacto. Hoy, su estilo es emulado por influencers y celebridades, quienes reconocen su influencia atemporal. La Dawson  y el esp\u00edritu libre que ella personificaba ha inspirado a una multitud a abrazar la individualidad, haciendo hincapi\u00e9 en la importancia de ser uno mismo.<\/p>\n<p><strong>La Moda como Forma de Expresi\u00f3n<\/strong><\/p>\n<p>La historia de Birkin va m\u00e1s all\u00e1 del simple aspecto f\u00edsico; se trata de una celebraci\u00f3n de la individualidad y la confianza. La moda, para ella, era un medio de expresi\u00f3n que desafiaba las normas establecidas y fomentaba la creatividad. Este enfoque perene hacia la moda nos recuerda que cada uno puede encontrar su propio estilo, fragmentando de esta manera el concepto homog\u00e9neo de belleza.<\/p>\n<p>En un mundo que avanza a pasos agigantados, la esencia de Jane Birkin sigue viva, sus lecciones sobre belleza, estilo y autenticidad resuenan con fuerza, record\u00e1ndonos que la verdadera moda no solo se viste, se vive.<\/p>\n<p><em> &#8221; Fuentes www.vogue.com &#8221; <\/em><\/p>\n","protected":false},"excerpt":{"rendered":"<p>La Belleza de Jane Birkin: Un Icono que Trasciende \u00c9pocas En el universo de la moda, ciertas figuras se destacan no solo por su estilo, sino tambi\u00e9n por la capacidad de redefinir la belleza a trav\u00e9s de su personalidad y apariencia. Jane Birkin, una de las musas m\u00e1s influyentes del siglo XX, ha dejado una [&hellip;]<\/p>\n","protected":false},"author":14,"featured_media":1085855,"comment_status":"open","ping_status":"closed","sticky":false,"template":"","format":"standard","meta":{"om_disable_all_campaigns":false,"jnews-multi-image_gallery":[],"jnews_single_post":[],"jnews_primary_category":[],"jnews_social_meta":[],"footnotes":""},"categories":[144872],"tags":[200435,223546,200440,75680,210267,166,222479,2992,204811,8595,27866,372,72687],"class_list":["post-1085854","post","type-post","status-publish","format-standard","has-post-thumbnail","hentry","category-fashion","tag-bangs","tag-beauty-moments","tag-beauty-trends","tag-birthday","tag-eyeliner","tag-fashion","tag-french-girl-style","tag-icons","tag-jane-birkin","tag-mascara","tag-nostalgia","tag-style","tag-tribute"],"_links":{"self":[{"href":"https:\/\/dimensionturistica.com\/es\/wp-json\/wp\/v2\/posts\/1085854","targetHints":{"allow":["GET"]}}],"collection":[{"href":"https:\/\/dimensionturistica.com\/es\/wp-json\/wp\/v2\/posts"}],"about":[{"href":"https:\/\/dimensionturistica.com\/es\/wp-json\/wp\/v2\/types\/post"}],"author":[{"embeddable":true,"href":"https:\/\/dimensionturistica.com\/es\/wp-json\/wp\/v2\/users\/14"}],"replies":[{"embeddable":true,"href":"https:\/\/dimensionturistica.com\/es\/wp-json\/wp\/v2\/comments?post=1085854"}],"version-history":[{"count":1,"href":"https:\/\/dimensionturistica.com\/es\/wp-json\/wp\/v2\/posts\/1085854\/revisions"}],"predecessor-version":[{"id":1085856,"href":"https:\/\/dimensionturistica.com\/es\/wp-json\/wp\/v2\/posts\/1085854\/revisions\/1085856"}],"wp:featuredmedia":[{"embeddable":true,"href":"https:\/\/dimensionturistica.com\/es\/wp-json\/wp\/v2\/media\/1085855"}],"wp:attachment":[{"href":"https:\/\/dimensionturistica.com\/es\/wp-json\/wp\/v2\/media?parent=1085854"}],"wp:term":[{"taxonomy":"category","embeddable":true,"href":"https:\/\/dimensionturistica.com\/es\/wp-json\/wp\/v2\/categories?post=1085854"},{"taxonomy":"post_tag","embeddable":true,"href":"https:\/\/dimensionturistica.com\/es\/wp-json\/wp\/v2\/tags?post=1085854"}],"curies":[{"name":"wp","href":"https:\/\/api.w.org\/{rel}","templated":true}]}}