{"id":1085796,"date":"2025-12-14T18:20:02","date_gmt":"2025-12-14T18:20:02","guid":{"rendered":"https:\/\/dimensionturistica.com\/es\/?p=1085796"},"modified":"2025-12-14T18:20:02","modified_gmt":"2025-12-14T18:20:02","slug":"grupo-lomas-premia-a-agentes-de-viajes-y-tour-operadores-mas-destacados-durante-el-lomas-apreciation-week-2025","status":"publish","type":"post","link":"https:\/\/dimensionturistica.com\/es\/grupo-lomas-premia-a-agentes-de-viajes-y-tour-operadores-mas-destacados-durante-el-lomas-apreciation-week-2025\/","title":{"rendered":"Grupo Lomas premia a Agentes de Viajes y Tour Operadores m\u00e1s destacados durante el \u201cLomas Apreciation Week 2025\u201d"},"content":{"rendered":"\n<figure class=\"wp-block-gallery has-nested-images columns-default is-cropped wp-block-gallery-1 is-layout-flex wp-block-gallery-is-layout-flex\">\n<figure class=\"wp-block-image size-large\"><img decoding=\"async\" width=\"500\" height=\"261\" data-id=\"1085799\" src=\"https:\/\/dimensionturistica.com\/es\/wp-content\/uploads\/2025\/12\/1LOMAS.jpg\" alt=\"\" class=\"wp-image-1085799\" srcset=\"https:\/\/dimensionturistica.com\/es\/wp-content\/uploads\/2025\/12\/1LOMAS.jpg 500w, https:\/\/dimensionturistica.com\/es\/wp-content\/uploads\/2025\/12\/1LOMAS-300x157.jpg 300w\" sizes=\"(max-width: 500px) 100vw, 500px\" \/><\/figure>\n<\/figure>\n\n\n\n<p>Grupo Lomas reuni\u00f3 a m\u00e1s de 250 agentes de viajes de Estados Unidos, Canad\u00e1 y M\u00e9xico en el marco del Lomas Appreciation Week 2025 con el prop\u00f3sito de reconocer su lealtad y altas ventas generadas hacia las propiedades del corporativo que celebra 43 a\u00f1os de liderazgo en el Caribe Mexicano.<\/p>\n\n\n\n<p>La Presidenta del Consejo de Grupo Lomas, Dolores L\u00f3pez Lira y la Vicepresidenta del grupo y CEO, Sammantha Frachey fueron las anfitrionas de este ic\u00f3nico encuentro que premi\u00f3 a los agentes de viajes que generaron m\u00e1s negocio hacia los hoteles de Lomas Hospitality, ubicados en el corredor tur\u00edstico de la Riviera Maya.<\/p>\n\n\n\n<p>Durante la ceremonia de gala, L\u00f3pez Lira y Jos\u00e9 Luis Mart\u00ednez, fundadores del consorcio empresarial, entregaron el Lomas Legacy Award, a Monica y Tom Karnes, de LaMacchia Travel; premio que se otorga a quienes, a trav\u00e9s de los a\u00f1os han demostrado su lealtad, compromiso y constancia convirti\u00e9ndose en un referente para otros agentes de la industria.<\/p>\n\n\n\n<figure class=\"wp-block-gallery has-nested-images columns-default is-cropped wp-block-gallery-2 is-layout-flex wp-block-gallery-is-layout-flex\">\n<figure class=\"wp-block-image size-large\"><img decoding=\"async\" width=\"500\" height=\"327\" data-id=\"1085801\" src=\"https:\/\/dimensionturistica.com\/es\/wp-content\/uploads\/2025\/12\/2LOMAS.jpg\" alt=\"\" class=\"wp-image-1085801\" srcset=\"https:\/\/dimensionturistica.com\/es\/wp-content\/uploads\/2025\/12\/2LOMAS.jpg 500w, https:\/\/dimensionturistica.com\/es\/wp-content\/uploads\/2025\/12\/2LOMAS-300x196.jpg 300w\" sizes=\"(max-width: 500px) 100vw, 500px\" \/><\/figure>\n<\/figure>\n\n\n\n<p>Otros de los galardones m\u00e1s significativos de la gala fueron los Palm Awards: El Palm Award M\u00e9xico lo recibi\u00f3 Almira Salda\u00f1a, de Viajes Trotamundo y el Palm Award USA, fue para Mark Faldmo, de Blue Planet Travel. Estos galardones se otorgan a los agentes que han demostrado resiliencia, se han adaptado a los desaf\u00edos como una palmera y se han convertido en embajadores de las marcas del grupo, al impulsar a m\u00e1s personas a conocer la Riviera Maya y M\u00e9xico.<\/p>\n\n\n\n<p>En el marco del evento se entregaron alrededor de 50 premios en las categor\u00edas Crystal 1,2 y 3, as\u00ed como Perla a agentes de viajes que se destacaron por sus altas ventas.<\/p>\n\n\n\n<p>Para la edici\u00f3n de este a\u00f1o, Lomas Appreciation Week tuvo un formato redise\u00f1ado para que los participantes vivieran y disfrutaran del evento m\u00e1s all\u00e1 de las reuniones de trabajo tradicionales.<\/p>\n\n\n\n<figure class=\"wp-block-gallery has-nested-images columns-default is-cropped wp-block-gallery-3 is-layout-flex wp-block-gallery-is-layout-flex\">\n<figure class=\"wp-block-image size-large\"><img decoding=\"async\" width=\"500\" height=\"330\" data-id=\"1085802\" src=\"https:\/\/dimensionturistica.com\/es\/wp-content\/uploads\/2025\/12\/4LOMAS.jpg\" alt=\"\" class=\"wp-image-1085802\" srcset=\"https:\/\/dimensionturistica.com\/es\/wp-content\/uploads\/2025\/12\/4LOMAS.jpg 500w, https:\/\/dimensionturistica.com\/es\/wp-content\/uploads\/2025\/12\/4LOMAS-300x198.jpg 300w\" sizes=\"(max-width: 500px) 100vw, 500px\" \/><\/figure>\n<\/figure>\n\n\n\n<p>En el primer d\u00eda se organiz\u00f3 una conferencia en la que se dieron a conocer las proyecciones del grupo para el 2026, con la participaci\u00f3n de la Presidente del Consejo, Dolores L\u00f3pez Lira; la Vicepresidenta del grupo, Sammantha Frachey; de Alejandro L\u00f3pez, Director Corporativo de Operaciones de Hoteles, y de Vicente Madrigal, Director Comercial del grupo, entre otros directivos.<\/p>\n\n\n\n<p>Ese mismo d\u00eda, el Director de Nuevos Proyectos de Grupo Lomas, Jeroen Hanlo y la Directora de Sostenibilidad, Roc\u00edo Moreno dieron a conocer los m\u00e1s recientes proyectos de energ\u00edas limpias implementadas por el corporativo como la instalaci\u00f3n de paneles solares y el manejo responsable del sargazo, utilizado en compostas y mantenimiento de sus hortalizas y \u00e1reas verdes.<\/p>\n\n\n\n<p>El segundo d\u00eda del evento se llev\u00f3 a cabo un tradeshow donde los socios comerciales de Lomas Travel tuvieron la oportunidad de promover sus servicios tur\u00edsticos a los agentes de viajes y cerrar contratos para las pr\u00f3ximas temporadas vacacionales. M\u00e1s tarde, los agentes realizaron un site inspection para conocer algunas de las renovadas suites de El Dorado Royale que se destacan por la belleza del arte local y maderas de la regi\u00f3n.<\/p>\n\n\n\n<figure class=\"wp-block-gallery has-nested-images columns-default is-cropped wp-block-gallery-4 is-layout-flex wp-block-gallery-is-layout-flex\">\n<figure class=\"wp-block-image size-large\"><img decoding=\"async\" width=\"500\" height=\"330\" data-id=\"1085803\" src=\"https:\/\/dimensionturistica.com\/es\/wp-content\/uploads\/2025\/12\/3LOMAS.jpg\" alt=\"\" class=\"wp-image-1085803\" srcset=\"https:\/\/dimensionturistica.com\/es\/wp-content\/uploads\/2025\/12\/3LOMAS.jpg 500w, https:\/\/dimensionturistica.com\/es\/wp-content\/uploads\/2025\/12\/3LOMAS-300x198.jpg 300w\" sizes=\"(max-width: 500px) 100vw, 500px\" \/><\/figure>\n<\/figure>\n\n\n\n<p>El tercer d\u00eda se organiz\u00f3 un Foro de Ventas y Mercadotecnia, donde el corporativo tur\u00edstico present\u00f3 su nueva estructura organizacional y su exclusivo concepto More Inclusive, una experiencia integral que va m\u00e1s all\u00e1 del tradicional todo incluido, con servicio de transportaci\u00f3n, actividades recreativas dentro y fuera del hotel, y una oferta gastron\u00f3mica diversa y de alta calidad. Posterior al foro, los agentes disfrutaron de un paseo en catamar\u00e1n y del exquisito bufete del Maroma Beach, como parte de las experiencias que conforman el concepto More Inclusive.<\/p>\n\n\n\n<p>El \u00faltimo d\u00eda del evento los agentes visitaron el parque natural Aktun Chen y se deleitaron con platillos t\u00edpicos de la regi\u00f3n en El Dorado Seaside. Por la noche se celebr\u00f3 la cena de gala donde se reconoci\u00f3 el esfuerzo y labor de ventas de los agentes m\u00e1s productivos de Estados Unidos, Canad\u00e1 y M\u00e9xico.<\/p>\n\n\n\n<p>Sobre Grupo Lomas:<\/p>\n\n\n\n<figure class=\"wp-block-gallery has-nested-images columns-default is-cropped wp-block-gallery-5 is-layout-flex wp-block-gallery-is-layout-flex\">\n<figure class=\"wp-block-image size-large\"><img decoding=\"async\" width=\"500\" height=\"260\" data-id=\"1085804\" src=\"https:\/\/dimensionturistica.com\/es\/wp-content\/uploads\/2025\/12\/6LOMAS.jpg\" alt=\"\" class=\"wp-image-1085804\" srcset=\"https:\/\/dimensionturistica.com\/es\/wp-content\/uploads\/2025\/12\/6LOMAS.jpg 500w, https:\/\/dimensionturistica.com\/es\/wp-content\/uploads\/2025\/12\/6LOMAS-300x156.jpg 300w\" sizes=\"(max-width: 500px) 100vw, 500px\" \/><\/figure>\n<\/figure>\n\n\n\n<p>Grupo Lomas es un grupo 100 % mexicano fundado en 1981 en Canc\u00fan, Quintana Roo. Sin\u00f3nimo de c\u00e1lida hospitalidad mexicana, Grupo Lomas se distingue por sus cuatro unidades de negocios: Lomas Hospitality en donde destacan sus hoteles en la Riviera Maya: El Dorado Maroma, El Dorado Royale, El Dorado Casitas Royale, El Dorado Seaside Palms, El Dorado Seaside Suites, Generations Riviera Maya, Palafitos Overwater Bungalows y Hidden Beach Au Naturel Resort. Lomas Travel, agencia de viajes con servicios B2B, B2C y DMC, el club vacacional Exotic Travelers, y los parques Aqua Nick, parque acu\u00e1tico del hotel Nickelodeon Riviera Maya, Maroma Beach y Rancho Ecotur\u00edstico. Grupo Lomas tambi\u00e9n es propietario de los hoteles Nickelodeon Riviera Maya y El Cielo, en Valle de Guadalupe, BC. Entre los reconocimientos y premios que ha recibido el grupo figuran el Award of Excellence 2022 de Wine Spectator, la distinci\u00f3n de 4 Diamantes de la AAA y la certificaci\u00f3n de buenas pr\u00e1cticas de sostenibilidad Earth Check. Sitio web: www.grupolomas.com www.lomashospitality.com<\/p>\n","protected":false},"excerpt":{"rendered":"<p>Grupo Lomas reuni\u00f3 a m\u00e1s de 250 agentes de viajes de Estados Unidos, Canad\u00e1 y M\u00e9xico en el marco del Lomas Appreciation Week 2025 con el prop\u00f3sito de reconocer su lealtad y altas ventas generadas hacia las propiedades del corporativo que celebra 43 a\u00f1os de liderazgo en el Caribe Mexicano. La Presidenta del Consejo de [&hellip;]<\/p>\n","protected":false},"author":1,"featured_media":0,"comment_status":"open","ping_status":"closed","sticky":false,"template":"","format":"standard","meta":{"om_disable_all_campaigns":false,"jnews-multi-image_gallery":[],"jnews_single_post":{"format":"standard"},"jnews_primary_category":[],"jnews_social_meta":[],"footnotes":""},"categories":[39],"tags":[],"class_list":["post-1085796","post","type-post","status-publish","format-standard","hentry","category-viajes"],"_links":{"self":[{"href":"https:\/\/dimensionturistica.com\/es\/wp-json\/wp\/v2\/posts\/1085796","targetHints":{"allow":["GET"]}}],"collection":[{"href":"https:\/\/dimensionturistica.com\/es\/wp-json\/wp\/v2\/posts"}],"about":[{"href":"https:\/\/dimensionturistica.com\/es\/wp-json\/wp\/v2\/types\/post"}],"author":[{"embeddable":true,"href":"https:\/\/dimensionturistica.com\/es\/wp-json\/wp\/v2\/users\/1"}],"replies":[{"embeddable":true,"href":"https:\/\/dimensionturistica.com\/es\/wp-json\/wp\/v2\/comments?post=1085796"}],"version-history":[{"count":1,"href":"https:\/\/dimensionturistica.com\/es\/wp-json\/wp\/v2\/posts\/1085796\/revisions"}],"predecessor-version":[{"id":1085805,"href":"https:\/\/dimensionturistica.com\/es\/wp-json\/wp\/v2\/posts\/1085796\/revisions\/1085805"}],"wp:attachment":[{"href":"https:\/\/dimensionturistica.com\/es\/wp-json\/wp\/v2\/media?parent=1085796"}],"wp:term":[{"taxonomy":"category","embeddable":true,"href":"https:\/\/dimensionturistica.com\/es\/wp-json\/wp\/v2\/categories?post=1085796"},{"taxonomy":"post_tag","embeddable":true,"href":"https:\/\/dimensionturistica.com\/es\/wp-json\/wp\/v2\/tags?post=1085796"}],"curies":[{"name":"wp","href":"https:\/\/api.w.org\/{rel}","templated":true}]}}