{"id":1085467,"date":"2025-12-13T17:15:54","date_gmt":"2025-12-13T17:15:54","guid":{"rendered":"https:\/\/dimensionturistica.com\/es\/?p=1085467"},"modified":"2025-12-13T17:15:54","modified_gmt":"2025-12-13T17:15:54","slug":"anuncia-pricetravel-holding-y-decameron-all-inclusive-hotels-and-resorts-nueva-alianza-estrategica-para-impulsar-las-ventas-en-mexico-latinoamerica-y-estados-unidos","status":"publish","type":"post","link":"https:\/\/dimensionturistica.com\/es\/anuncia-pricetravel-holding-y-decameron-all-inclusive-hotels-and-resorts-nueva-alianza-estrategica-para-impulsar-las-ventas-en-mexico-latinoamerica-y-estados-unidos\/","title":{"rendered":"Anuncia PriceTravel Holding y Decameron All Inclusive Hotels And Resorts, nueva alianza estrat\u00e9gica para impulsar las ventas en M\u00e9xico, Latinoam\u00e9rica y Estados Unidos"},"content":{"rendered":"\n<figure class=\"wp-block-gallery has-nested-images columns-default is-cropped wp-block-gallery-1 is-layout-flex wp-block-gallery-is-layout-flex\">\n<figure class=\"wp-block-image size-large\"><img decoding=\"async\" width=\"500\" height=\"241\" data-id=\"1085468\" src=\"https:\/\/dimensionturistica.com\/es\/wp-content\/uploads\/2025\/12\/5price.jpg\" alt=\"\" class=\"wp-image-1085468\" srcset=\"https:\/\/dimensionturistica.com\/es\/wp-content\/uploads\/2025\/12\/5price.jpg 500w, https:\/\/dimensionturistica.com\/es\/wp-content\/uploads\/2025\/12\/5price-300x145.jpg 300w\" sizes=\"(max-width: 500px) 100vw, 500px\" \/><\/figure>\n<\/figure>\n\n\n\n<p>PriceTravel Holding, l\u00edder en distribuci\u00f3n tur\u00edstica global, anuncia una nueva alianza estrat\u00e9gica con Decameron All Inclusive Hotels &amp; Resorts, con el objetivo de fortalecer la presencia digital de la cadena hotelera en M\u00e9xico, Latinoam\u00e9rica y Estados Unidos.<\/p>\n\n\n\n<p>A trav\u00e9s de su unidad de negocio PriceAffiliates, la compa\u00f1\u00eda proporcionar\u00e1 un motor de reservaciones de paquetes din\u00e1micos que permitir\u00e1 combinar hospedaje, vuelos y servicios adicionales, ofreciendo as\u00ed una experiencia de compra integral, \u00e1gil y competitiva.<\/p>\n\n\n\n<p>Gracias a la conexi\u00f3n directa con aerol\u00edneas y la integraci\u00f3n de m\u00e9todos de pago locales, los clientes de Decameron All Inclusive Hotels &amp; Resorts, cadena especializada en el concepto \u201ctodo incluido\u201d con fuerte presencia en Latinoam\u00e9rica y el Caribe, podr\u00e1n acceder a tarifas a\u00e9reas preferenciales, precios competitivos y un proceso de reserva completamente adaptado a las necesidades del mercado latinoamericano.<\/p>\n\n\n\n<figure class=\"wp-block-gallery has-nested-images columns-default is-cropped wp-block-gallery-2 is-layout-flex wp-block-gallery-is-layout-flex\">\n<figure class=\"wp-block-image size-large\"><img decoding=\"async\" width=\"500\" height=\"298\" data-id=\"1085469\" src=\"https:\/\/dimensionturistica.com\/es\/wp-content\/uploads\/2025\/12\/6triva.jpg\" alt=\"\" class=\"wp-image-1085469\" srcset=\"https:\/\/dimensionturistica.com\/es\/wp-content\/uploads\/2025\/12\/6triva.jpg 500w, https:\/\/dimensionturistica.com\/es\/wp-content\/uploads\/2025\/12\/6triva-300x179.jpg 300w\" sizes=\"(max-width: 500px) 100vw, 500px\" \/><\/figure>\n<\/figure>\n\n\n\n<p>Esta optimizaci\u00f3n tecnol\u00f3gica no solo mejora la experiencia de compra, sino que fortalece la fidelidad de los hu\u00e9spedes hacia la marca; adem\u00e1s, el call center de PriceAffiliates, especializado en el producto Decameron, brindar\u00e1 soporte personalizado, garantizando un servicio de excelencia en todas las etapas del proceso de compra.<\/p>\n\n\n\n<p>Entusiasmado con esta nueva alianza, Juan Socas, Chief Commercial Officer (CCO) de PriceTravel Holding, coment\u00f3: \u201cNuestra tecnolog\u00eda, contenido, formas de pago y servicio especializado permiten a nuestros socios incrementar la tasa de conversi\u00f3n, aumentar la rentabilidad y fidelidad de los clientes.\u201d<\/p>\n\n\n\n<p>Por su parte, David Pressler, Vicepresidente Comercial de Decameron All Inclusive Hotel &amp; Resorts, destac\u00f3: &#8220;Estamos entusiasmados de sumar las capacidades tecnol\u00f3gicas. Esta colaboraci\u00f3n nos permitir\u00e1 ofrecer m\u00e1s opciones, mayor flexibilidad y una experiencia de reserva superior a nuestros hu\u00e9spedes.\u201d<\/p>\n\n\n\n<p>Con esta alianza, PriceTravel Holding reafirma su posici\u00f3n como socio estrat\u00e9gico en la distribuci\u00f3n tur\u00edstica global. M\u00e1s de 300 empresas, entre hoteles, aerol\u00edneas, bancos, tiendas departamentales y agencias de viajes, conf\u00edan actualmente en la tecnolog\u00eda, marca blanca y soluciones digitales de PriceAffiliates para potenciar su crecimiento.<\/p>\n","protected":false},"excerpt":{"rendered":"<p>PriceTravel Holding, l\u00edder en distribuci\u00f3n tur\u00edstica global, anuncia una nueva alianza estrat\u00e9gica con Decameron All Inclusive Hotels &amp; Resorts, con el objetivo de fortalecer la presencia digital de la cadena hotelera en M\u00e9xico, Latinoam\u00e9rica y Estados Unidos. A trav\u00e9s de su unidad de negocio PriceAffiliates, la compa\u00f1\u00eda proporcionar\u00e1 un motor de reservaciones de paquetes din\u00e1micos [&hellip;]<\/p>\n","protected":false},"author":1,"featured_media":0,"comment_status":"open","ping_status":"closed","sticky":false,"template":"","format":"standard","meta":{"om_disable_all_campaigns":false,"jnews-multi-image_gallery":[],"jnews_single_post":[],"jnews_primary_category":[],"jnews_social_meta":[],"footnotes":""},"categories":[39],"tags":[],"class_list":["post-1085467","post","type-post","status-publish","format-standard","hentry","category-viajes"],"_links":{"self":[{"href":"https:\/\/dimensionturistica.com\/es\/wp-json\/wp\/v2\/posts\/1085467","targetHints":{"allow":["GET"]}}],"collection":[{"href":"https:\/\/dimensionturistica.com\/es\/wp-json\/wp\/v2\/posts"}],"about":[{"href":"https:\/\/dimensionturistica.com\/es\/wp-json\/wp\/v2\/types\/post"}],"author":[{"embeddable":true,"href":"https:\/\/dimensionturistica.com\/es\/wp-json\/wp\/v2\/users\/1"}],"replies":[{"embeddable":true,"href":"https:\/\/dimensionturistica.com\/es\/wp-json\/wp\/v2\/comments?post=1085467"}],"version-history":[{"count":1,"href":"https:\/\/dimensionturistica.com\/es\/wp-json\/wp\/v2\/posts\/1085467\/revisions"}],"predecessor-version":[{"id":1085470,"href":"https:\/\/dimensionturistica.com\/es\/wp-json\/wp\/v2\/posts\/1085467\/revisions\/1085470"}],"wp:attachment":[{"href":"https:\/\/dimensionturistica.com\/es\/wp-json\/wp\/v2\/media?parent=1085467"}],"wp:term":[{"taxonomy":"category","embeddable":true,"href":"https:\/\/dimensionturistica.com\/es\/wp-json\/wp\/v2\/categories?post=1085467"},{"taxonomy":"post_tag","embeddable":true,"href":"https:\/\/dimensionturistica.com\/es\/wp-json\/wp\/v2\/tags?post=1085467"}],"curies":[{"name":"wp","href":"https:\/\/api.w.org\/{rel}","templated":true}]}}