{"id":1085277,"date":"2025-12-13T07:09:01","date_gmt":"2025-12-13T07:09:01","guid":{"rendered":"https:\/\/dimensionturistica.com\/es\/?p=1085277"},"modified":"2025-12-13T07:09:01","modified_gmt":"2025-12-13T07:09:01","slug":"promocion-2026-vida-urbana-gastronomia-y-bienestar-emocional","status":"publish","type":"post","link":"https:\/\/dimensionturistica.com\/es\/promocion-2026-vida-urbana-gastronomia-y-bienestar-emocional\/","title":{"rendered":"Promoci\u00f3n 2026: vida urbana, gastronom\u00eda y bienestar emocional"},"content":{"rendered":"\n<figure class=\"wp-block-gallery has-nested-images columns-default is-cropped wp-block-gallery-1 is-layout-flex wp-block-gallery-is-layout-flex\">\n<figure class=\"wp-block-image size-large\"><img decoding=\"async\" width=\"550\" height=\"229\" data-id=\"1085278\" src=\"https:\/\/dimensionturistica.com\/es\/wp-content\/uploads\/2025\/12\/PORTADA-1.jpg\" alt=\"\" class=\"wp-image-1085278\" srcset=\"https:\/\/dimensionturistica.com\/es\/wp-content\/uploads\/2025\/12\/PORTADA-1.jpg 550w, https:\/\/dimensionturistica.com\/es\/wp-content\/uploads\/2025\/12\/PORTADA-1-300x125.jpg 300w\" sizes=\"(max-width: 550px) 100vw, 550px\" \/><\/figure>\n<\/figure>\n\n\n\n<p>En 2026, la ONAT centrar\u00e1 su promoci\u00f3n internacional en cuatro grandes campa\u00f1as tem\u00e1ticas. \u201cCity Life\u201d pondr\u00e1 el foco en el dinamismo y la diversidad cultural de las ciudades alemanas, desde metr\u00f3polis vibrantes hasta joyas urbanas menos conocidas. La campa\u00f1a \u201cAlemania culinaria\u201d destacar\u00e1 el atractivo gastron\u00f3mico del pa\u00eds, con propuestas que van desde la cocina con estrella Michelin hasta tradiciones regionales y mercados locales.<\/p>\n\n\n\n<p>Con \u201cSimply FeelGood\u201d, seguiremos impulsando un turismo consciente y orientado al bienestar, que invita a viajar de manera equilibrada, relajada y con experiencias aut\u00e9nticas en el centro. Ya en el tramo final del a\u00f1o, \u201cSeason\u2019s Greetings from Germany\u201d se centrar\u00e1 en el encanto de la Navidad alemana, con mercados navide\u00f1os, tradiciones invernales y paisajes festivos.<\/p>\n\n\n\n<figure class=\"wp-block-gallery has-nested-images columns-default is-cropped wp-block-gallery-2 is-layout-flex wp-block-gallery-is-layout-flex\">\n<figure class=\"wp-block-image size-large\"><img decoding=\"async\" width=\"500\" height=\"333\" data-id=\"1085279\" src=\"https:\/\/dimensionturistica.com\/es\/wp-content\/uploads\/2025\/12\/1BERLIN.jpg\" alt=\"\" class=\"wp-image-1085279\" srcset=\"https:\/\/dimensionturistica.com\/es\/wp-content\/uploads\/2025\/12\/1BERLIN.jpg 500w, https:\/\/dimensionturistica.com\/es\/wp-content\/uploads\/2025\/12\/1BERLIN-300x200.jpg 300w\" sizes=\"(max-width: 500px) 100vw, 500px\" \/><\/figure>\n<\/figure>\n\n\n\n<p><a href=\"http:\/\/www.germany.travel\">www.germany.travel<\/a><\/p>\n\n\n\n<p><strong>Alemania se prepara para un 2026 lleno de aniversarios<\/strong><\/p>\n\n\n\n<p>El a\u00f1o pr\u00f3ximo, Alemania volver\u00e1 a celebrar<\/p>\n\n\n\n<p>efem\u00e9rides importantes, desde el 150 aniversario del surgimiento del Festival de Bayreuth hasta los 60 a\u00f1os de la Ruta Barroca de la Alta Suabia. Ya sea en el campo de la m\u00fasica, la arquitectura, el dise\u00f1o o la tecnolog\u00eda, habr\u00e1 m\u00faltiples ocasiones para festejar, recordar y redescubrir en ciudades como Bayreuth, Berl\u00edn, Fr\u00e1ncfort, Wuppertal o a lo largo de la Ruta Barroca de la Alta Suabia. Esta variedad de motivos de celebraci\u00f3n convierte el a\u00f1o 2026 en el momento perfecto para vivir el patrimonio cultural de Alemania en todas sus facetas, entre la tradici\u00f3n y la irrupci\u00f3n de nuevas tendencias.<\/p>\n\n\n\n<figure class=\"wp-block-gallery has-nested-images columns-default is-cropped wp-block-gallery-3 is-layout-flex wp-block-gallery-is-layout-flex\">\n<figure class=\"wp-block-image size-large\"><img decoding=\"async\" width=\"500\" height=\"333\" data-id=\"1085280\" src=\"https:\/\/dimensionturistica.com\/es\/wp-content\/uploads\/2025\/12\/2BERLIN.jpg\" alt=\"\" class=\"wp-image-1085280\" srcset=\"https:\/\/dimensionturistica.com\/es\/wp-content\/uploads\/2025\/12\/2BERLIN.jpg 500w, https:\/\/dimensionturistica.com\/es\/wp-content\/uploads\/2025\/12\/2BERLIN-300x200.jpg 300w\" sizes=\"(max-width: 500px) 100vw, 500px\" \/><\/figure>\n<\/figure>\n\n\n\n<p>150\u202faniversario del surgimiento del Festival de Bayreuth<\/p>\n\n\n\n<p>Este prestigioso festival que gira en torno a la m\u00fasica de Richard Wagner celebra en 2026 sus 150 a\u00f1os de existencia. Con ese motivo, la ciudad de Bayreuth despliega el programa art\u00edstico de este evento por toda el \u00e1rea urbana: el festival del aniversario, que tendr\u00e1 lugar en la Colina Verde, estar\u00e1 acompa\u00f1ado por actuaciones en 150 escenarios repartidos por toda la ciudad y los alrededores. Bajo el lema \u00abDe los \u00faltimos 150 a los pr\u00f3ximos 150 a\u00f1os\u00bb, la regi\u00f3n mostrar\u00e1 toda su diversidad cultural, con m\u00fasica, teatro y arte, tendiendo un puente desde la obra de Wagner hasta el presente.&nbsp;<\/p>\n\n\n\n<figure class=\"wp-block-gallery has-nested-images columns-default is-cropped wp-block-gallery-4 is-layout-flex wp-block-gallery-is-layout-flex\">\n<figure class=\"wp-block-image size-large\"><img decoding=\"async\" width=\"500\" height=\"365\" data-id=\"1085281\" src=\"https:\/\/dimensionturistica.com\/es\/wp-content\/uploads\/2025\/12\/5BERLIN.jpg\" alt=\"\" class=\"wp-image-1085281\" srcset=\"https:\/\/dimensionturistica.com\/es\/wp-content\/uploads\/2025\/12\/5BERLIN.jpg 500w, https:\/\/dimensionturistica.com\/es\/wp-content\/uploads\/2025\/12\/5BERLIN-300x219.jpg 300w\" sizes=\"(max-width: 500px) 100vw, 500px\" \/><\/figure>\n<\/figure>\n\n\n\n<p>+Info&nbsp;<\/p>\n\n\n\n<p>La Ruta Barroca de la Alta Suabia cumple 60 a\u00f1os<\/p>\n\n\n\n<p>Con 860 kil\u00f3metros de largo, cuatro trayectos y m\u00e1s de 50 estaciones barrocas, la Ruta Barroca de la Alta Suabia es uno de los recorridos tur\u00edsticos y culturales m\u00e1s antiguos de Alemania, pues tiene su origen en 1966. Integrada en un paisaje de suaves colinas,<\/p>\n\n\n\n<p>despliega todo su esplendor en la regi\u00f3n de Alta Suabia-Algovia: iglesias ricamente ornamentadas invitan a volver la vista al cielo para admirar los frescos pintados en sus techos y magn\u00edficas creaciones pict\u00f3ricas consiguen revivir el genuino esp\u00edritu barroco, como tambi\u00e9n ocurre en los palacios y monasterios de la regi\u00f3n.<\/p>\n\n\n\n<figure class=\"wp-block-gallery has-nested-images columns-default is-cropped wp-block-gallery-5 is-layout-flex wp-block-gallery-is-layout-flex\">\n<figure class=\"wp-block-image size-large\"><img decoding=\"async\" width=\"500\" height=\"375\" data-id=\"1085282\" src=\"https:\/\/dimensionturistica.com\/es\/wp-content\/uploads\/2025\/12\/6BERLIN.jpg\" alt=\"\" class=\"wp-image-1085282\" srcset=\"https:\/\/dimensionturistica.com\/es\/wp-content\/uploads\/2025\/12\/6BERLIN.jpg 500w, https:\/\/dimensionturistica.com\/es\/wp-content\/uploads\/2025\/12\/6BERLIN-300x225.jpg 300w\" sizes=\"(max-width: 500px) 100vw, 500px\" \/><\/figure>\n<\/figure>\n\n\n\n<p>La BAROCKwoche, la semana barroca anual que se celebra a partir del segundo<\/p>\n\n\n\n<p>s\u00e1bado de agosto, ser\u00e1 uno de los grandes atractivos de esta efem\u00e9ride. Entonces abrir\u00e1n sus puertas fastuosos salones y se podr\u00e1 disfrutar de visitas guiadas especiales, conciertos y excursiones gastron\u00f3micas que transportar\u00e1n al visitante a la \u00e9poca de los placeres barrocos. +Info 125 aniversario del tren colgante de Wuppertal<\/p>\n\n\n\n<p>El tren colgante de Wuppertal es monumento protegido y el \u00fanico ferrocarril de este tipo que sigue en funcionamiento en todo el mundo. Desde su inauguraci\u00f3n en el a\u00f1o 1901 transporta pasajeros sobre el r\u00edo Wupper de forma segura y con mucho estilo, ofreciendo unas vistas \u00fanicas de la ciudad. Con cerca de 13 kil\u00f3metros de recorrido, es uno de los elementos integrantes del transporte urbano de cercan\u00edas. Esta efem\u00e9ride se celebrar\u00e1 con exposiciones, viajes conmemorativos y campa\u00f1as ciudadanas como las \u00ab125 historias del tren colgante\u00bb. +info 200 aniversario de la muerte de Carl Maria von Weber Carl Maria von Weber (1786\u20131826) est\u00e1 considerado como el precursor del Romanticismo alem\u00e1n y la obra que m\u00e1s fama le ha reportado es la \u00f3pera El cazador furtivo. Este compositor, director de orquesta y pianista muri\u00f3 con tan solo 40 a\u00f1os de edad durante una estancia en Londres.<\/p>\n\n\n\n<p>Con motivo de este bicentenario, se han organizado numerosos eventos a lo largo del a\u00f1o 2026, sobre todo en las localidades de Dresde y Pirna, donde Weber desarroll\u00f3 buena parte de su quehacer. Conciertos, por ejemplo, en la iglesia de Santa Mar\u00eda de Pirna, recordar\u00e1n su legado musical. El Museo Carl Maria von Weber de Dresde est\u00e1 actualmente en proceso de renovaci\u00f3n. Por eso, mientras duren las obras, todos los eventos tendr\u00e1n lugar en la K\u00fcgelgenhaus\u2013Museo del Romanticismo de Dresde.<\/p>\n\n\n\n<figure class=\"wp-block-gallery has-nested-images columns-default is-cropped wp-block-gallery-6 is-layout-flex wp-block-gallery-is-layout-flex\">\n<figure class=\"wp-block-image size-large\"><img decoding=\"async\" width=\"500\" height=\"333\" data-id=\"1085283\" src=\"https:\/\/dimensionturistica.com\/es\/wp-content\/uploads\/2025\/12\/111BEWRLIN.jpg\" alt=\"\" class=\"wp-image-1085283\" srcset=\"https:\/\/dimensionturistica.com\/es\/wp-content\/uploads\/2025\/12\/111BEWRLIN.jpg 500w, https:\/\/dimensionturistica.com\/es\/wp-content\/uploads\/2025\/12\/111BEWRLIN-300x200.jpg 300w\" sizes=\"(max-width: 500px) 100vw, 500px\" \/><\/figure>\n<\/figure>\n\n\n\n<p>La Sociedad Internacional Weber tambi\u00e9n tiene previsto sumarse a estas celebraciones con diversas actividades y publicaciones.<\/p>\n\n\n\n<p>Fr\u00e1ncfort 2026: World Design Capital y 40 aniversario del Museo Schirn<\/p>\n\n\n\n<p>En 2026 Fr\u00e1ncfort tiene motivos de celebraci\u00f3n por partida doble: el Schirn Kunsthalle cumple 40 a\u00f1os. Se trata de uno de los centros de exposiciones de arte moderno y contempor\u00e1neo m\u00e1s importantes de Alemania. Desde 1986 cautiva a los visitantes con muestras tem\u00e1ticas y exposiciones dedicadas a la obra de artistas internacionales, algunas de ellas en cooperaci\u00f3n con el Centre Pompidou, la Tate Gallery o el MoMA.<\/p>\n\n\n\n<figure class=\"wp-block-gallery has-nested-images columns-default is-cropped wp-block-gallery-7 is-layout-flex wp-block-gallery-is-layout-flex\">\n<figure class=\"wp-block-image size-large\"><img decoding=\"async\" width=\"500\" height=\"207\" data-id=\"1085284\" src=\"https:\/\/dimensionturistica.com\/es\/wp-content\/uploads\/2025\/12\/4BERLIN.jpg\" alt=\"\" class=\"wp-image-1085284\" srcset=\"https:\/\/dimensionturistica.com\/es\/wp-content\/uploads\/2025\/12\/4BERLIN.jpg 500w, https:\/\/dimensionturistica.com\/es\/wp-content\/uploads\/2025\/12\/4BERLIN-300x124.jpg 300w\" sizes=\"(max-width: 500px) 100vw, 500px\" \/><\/figure>\n<\/figure>\n\n\n\n<p>Coincidiendo con su 40 cumplea\u00f1os, se est\u00e1 renovando su sede junto al R\u00f6mer, el ayuntamiento de la ciudad; por eso hasta 2027 el Schirn se aloja en la antigua Imprenta Dondorf en Frankfurt-Bockenheim, con exposiciones rodeadas de una atm\u00f3sfera industrial muy especial. +info&nbsp; Pero adem\u00e1s, el a\u00f1o que viene la regi\u00f3n de Fr\u00e1ncfort Rin-Meno ostentar\u00e1 el t\u00edtulo de World Design Capital 2026. Bajo el lema \u00abLooking forward \u2013 dise\u00f1ar el ma\u00f1ana juntos\u00bb, se organizar\u00e1n cerca de 2000 proyectos y eventos que comprenden desde exposiciones y talleres hasta formatos participativos. Esta iniciativa convertir\u00e1 a Fr\u00e1ncfort en epicentro del panorama internacional del dise\u00f1o y la creatividad. +info Berl\u00edn 2026: t\u00e9cnica y dise\u00f1o se dan la mano Inminente celebraci\u00f3n de un aniversario doble en Berl\u00edn: la torre de la radio berlinesa,<\/p>\n\n\n\n<figure class=\"wp-block-gallery has-nested-images columns-default is-cropped wp-block-gallery-8 is-layout-flex wp-block-gallery-is-layout-flex\">\n<figure class=\"wp-block-image size-large\"><img decoding=\"async\" width=\"500\" height=\"191\" data-id=\"1085285\" src=\"https:\/\/dimensionturistica.com\/es\/wp-content\/uploads\/2025\/12\/8BERLIN.jpg\" alt=\"\" class=\"wp-image-1085285\" srcset=\"https:\/\/dimensionturistica.com\/es\/wp-content\/uploads\/2025\/12\/8BERLIN.jpg 500w, https:\/\/dimensionturistica.com\/es\/wp-content\/uploads\/2025\/12\/8BERLIN-300x115.jpg 300w\" sizes=\"(max-width: 500px) 100vw, 500px\" \/><\/figure>\n<\/figure>\n\n\n\n<p>inaugurada en 1926 con motivo de la Exposici\u00f3n Alemana de la Radio, cumple 100 a\u00f1os. Con sus 146\u202fmetros de altura, la \u00abLange Lulatsch\u00bb, la \u00ablarguirucha\u00bb, ha marcado la historia de la radio y la televisi\u00f3n y actualmente es uno de los emblemas m\u00e1s famosos de la ciudad y un lugar muy frecuentado por los berlineses. Adem\u00e1s, Berl\u00edn celebra sus 20 a\u00f1os como UNESCO City of Design. Con motivo de este aniversario, en septiembre de 2026 la capital se transformar\u00e1 en plataforma de la arquitectura, el interiorismo y la cultura urbana con el nuevo festival DesignDays. Berl\u00edn reunir\u00e1 propuestas creativas, marcas y talentos procedentes de todo el mundo, dando visibilidad internacional a la competencia berlinesa en materia de dise\u00f1o. +info M\u00e1s informaci\u00f3n sobre Alemania como destino tur\u00edstico en www.germany.t<\/p>\n","protected":false},"excerpt":{"rendered":"<p>En 2026, la ONAT centrar\u00e1 su promoci\u00f3n internacional en cuatro grandes campa\u00f1as tem\u00e1ticas. \u201cCity Life\u201d pondr\u00e1 el foco en el dinamismo y la diversidad cultural de las ciudades alemanas, desde metr\u00f3polis vibrantes hasta joyas urbanas menos conocidas. La campa\u00f1a \u201cAlemania culinaria\u201d destacar\u00e1 el atractivo gastron\u00f3mico del pa\u00eds, con propuestas que van desde la cocina con [&hellip;]<\/p>\n","protected":false},"author":1,"featured_media":0,"comment_status":"open","ping_status":"closed","sticky":false,"template":"","format":"standard","meta":{"om_disable_all_campaigns":false,"jnews-multi-image_gallery":[],"jnews_single_post":[],"jnews_primary_category":[],"jnews_social_meta":[],"footnotes":""},"categories":[39],"tags":[],"class_list":["post-1085277","post","type-post","status-publish","format-standard","hentry","category-viajes"],"_links":{"self":[{"href":"https:\/\/dimensionturistica.com\/es\/wp-json\/wp\/v2\/posts\/1085277","targetHints":{"allow":["GET"]}}],"collection":[{"href":"https:\/\/dimensionturistica.com\/es\/wp-json\/wp\/v2\/posts"}],"about":[{"href":"https:\/\/dimensionturistica.com\/es\/wp-json\/wp\/v2\/types\/post"}],"author":[{"embeddable":true,"href":"https:\/\/dimensionturistica.com\/es\/wp-json\/wp\/v2\/users\/1"}],"replies":[{"embeddable":true,"href":"https:\/\/dimensionturistica.com\/es\/wp-json\/wp\/v2\/comments?post=1085277"}],"version-history":[{"count":1,"href":"https:\/\/dimensionturistica.com\/es\/wp-json\/wp\/v2\/posts\/1085277\/revisions"}],"predecessor-version":[{"id":1085286,"href":"https:\/\/dimensionturistica.com\/es\/wp-json\/wp\/v2\/posts\/1085277\/revisions\/1085286"}],"wp:attachment":[{"href":"https:\/\/dimensionturistica.com\/es\/wp-json\/wp\/v2\/media?parent=1085277"}],"wp:term":[{"taxonomy":"category","embeddable":true,"href":"https:\/\/dimensionturistica.com\/es\/wp-json\/wp\/v2\/categories?post=1085277"},{"taxonomy":"post_tag","embeddable":true,"href":"https:\/\/dimensionturistica.com\/es\/wp-json\/wp\/v2\/tags?post=1085277"}],"curies":[{"name":"wp","href":"https:\/\/api.w.org\/{rel}","templated":true}]}}