{"id":1085201,"date":"2025-12-13T04:09:25","date_gmt":"2025-12-13T04:09:25","guid":{"rendered":"https:\/\/dimensionturistica.com\/es\/?p=1085201"},"modified":"2025-12-13T04:09:25","modified_gmt":"2025-12-13T04:09:25","slug":"el-festival-internacional-sabor-es-morelos-deja-una-derrama-superior-a-los-43-millones-de-pesos","status":"publish","type":"post","link":"https:\/\/dimensionturistica.com\/es\/el-festival-internacional-sabor-es-morelos-deja-una-derrama-superior-a-los-43-millones-de-pesos\/","title":{"rendered":"El Festival Internacional \u201cSabor Es Morelos\u201d deja una derrama superior a los 43 millones de pesos"},"content":{"rendered":"\n<p><\/p>\n\n\n\n<figure class=\"wp-block-gallery has-nested-images columns-default is-cropped wp-block-gallery-1 is-layout-flex wp-block-gallery-is-layout-flex\">\n<figure class=\"wp-block-image size-large\"><img decoding=\"async\" width=\"500\" height=\"139\" data-id=\"1085202\" src=\"https:\/\/dimensionturistica.com\/es\/wp-content\/uploads\/2025\/12\/1MORELOS.jpg\" alt=\"\" class=\"wp-image-1085202\" srcset=\"https:\/\/dimensionturistica.com\/es\/wp-content\/uploads\/2025\/12\/1MORELOS.jpg 500w, https:\/\/dimensionturistica.com\/es\/wp-content\/uploads\/2025\/12\/1MORELOS-300x83.jpg 300w\" sizes=\"(max-width: 500px) 100vw, 500px\" \/><\/figure>\n<\/figure>\n\n\n\n<p>&nbsp;La Secretar\u00eda de Turismo del Estado de Morelos inform\u00f3 que el Festival Internacional \u201cSabor Es Morelos\u201d se consolid\u00f3 como una plataforma estrat\u00e9gica para el desarrollo econ\u00f3mico y tur\u00edstico, ya que gener\u00f3 una derrama estimada en 43 millones 915 mil 266 pesos, lo que represent\u00f3 un crecimiento del 25.88 por ciento respecto a la edici\u00f3n anterior.<\/p>\n\n\n\n<figure class=\"wp-block-gallery has-nested-images columns-default is-cropped wp-block-gallery-2 is-layout-flex wp-block-gallery-is-layout-flex\">\n<figure class=\"wp-block-image size-large\"><img decoding=\"async\" width=\"500\" height=\"281\" data-id=\"1085203\" src=\"https:\/\/dimensionturistica.com\/es\/wp-content\/uploads\/2025\/12\/2MORE.jpg\" alt=\"\" class=\"wp-image-1085203\" srcset=\"https:\/\/dimensionturistica.com\/es\/wp-content\/uploads\/2025\/12\/2MORE.jpg 500w, https:\/\/dimensionturistica.com\/es\/wp-content\/uploads\/2025\/12\/2MORE-300x169.jpg 300w\" sizes=\"(max-width: 500px) 100vw, 500px\" \/><\/figure>\n<\/figure>\n\n\n\n<p>Daniel Altafi Valladares, titular de la Secretar\u00eda de Turismo, inform\u00f3 que, a trav\u00e9s del Observatorio Tur\u00edstico del estado, el evento registr\u00f3 una afluencia total de 111 mil 562 asistentes, cifra que signific\u00f3 un incremento del 7.23 por ciento en comparaci\u00f3n con el a\u00f1o previo, confirmando el posicionamiento del festival como uno de los encuentros gastron\u00f3micos m\u00e1s relevantes de la regi\u00f3n centro del pa\u00eds.<\/p>\n\n\n\n<p>Del total de personas asistentes, el 79.7 por ciento correspondi\u00f3 a visitantes provenientes de distintos municipios del estado de Morelos, mientras que el 18.43 por ciento fueron turistas nacionales, adem\u00e1s de cerca de dos mil visitantes extranjeros que arribaron a la entidad durante el desarrollo del Festival.<\/p>\n\n\n\n<figure class=\"wp-block-gallery has-nested-images columns-default is-cropped wp-block-gallery-3 is-layout-flex wp-block-gallery-is-layout-flex\">\n<figure class=\"wp-block-image size-large\"><img decoding=\"async\" width=\"500\" height=\"281\" data-id=\"1085205\" src=\"https:\/\/dimensionturistica.com\/es\/wp-content\/uploads\/2025\/12\/6MORE.jpg\" alt=\"\" class=\"wp-image-1085205\" srcset=\"https:\/\/dimensionturistica.com\/es\/wp-content\/uploads\/2025\/12\/6MORE.jpg 500w, https:\/\/dimensionturistica.com\/es\/wp-content\/uploads\/2025\/12\/6MORE-300x169.jpg 300w\" sizes=\"(max-width: 500px) 100vw, 500px\" \/><\/figure>\n<\/figure>\n\n\n\n<p>Por su parte, Jos\u00e9 V\u00edctor S\u00e1nchez Trujillo, titular de la Secretar\u00eda de Desarrollo Econ\u00f3mico y del Trabajo (SDEyT), destac\u00f3 que estos resultados reflejan el impacto positivo del consumo local, el fortalecimiento de las cadenas productivas y la proyecci\u00f3n de marcas morelenses, particularmente en los sectores gastron\u00f3mico, artesanal y agroalimentario.<\/p>\n\n\n\n<p>Morelos, la Primavera de M\u00e9xico, reafirma su visi\u00f3n de desarrollo econ\u00f3mico con rostro humano, en la que el turismo se consolida como un motor de crecimiento, generaci\u00f3n de ingresos y bienestar compartido para las familias morelenses, en sinton\u00eda con la identidad y vocaci\u00f3n productiva del estado.<\/p>\n\n\n\n<p>ooOOoo<\/p>\n","protected":false},"excerpt":{"rendered":"<p>&nbsp;La Secretar\u00eda de Turismo del Estado de Morelos inform\u00f3 que el Festival Internacional \u201cSabor Es Morelos\u201d se consolid\u00f3 como una plataforma estrat\u00e9gica para el desarrollo econ\u00f3mico y tur\u00edstico, ya que gener\u00f3 una derrama estimada en 43 millones 915 mil 266 pesos, lo que represent\u00f3 un crecimiento del 25.88 por ciento respecto a la edici\u00f3n anterior. [&hellip;]<\/p>\n","protected":false},"author":1,"featured_media":0,"comment_status":"open","ping_status":"closed","sticky":false,"template":"","format":"standard","meta":{"om_disable_all_campaigns":false,"jnews-multi-image_gallery":[],"jnews_single_post":[],"jnews_primary_category":[],"jnews_social_meta":[],"footnotes":""},"categories":[43],"tags":[],"class_list":["post-1085201","post","type-post","status-publish","format-standard","hentry","category-gourmet"],"_links":{"self":[{"href":"https:\/\/dimensionturistica.com\/es\/wp-json\/wp\/v2\/posts\/1085201","targetHints":{"allow":["GET"]}}],"collection":[{"href":"https:\/\/dimensionturistica.com\/es\/wp-json\/wp\/v2\/posts"}],"about":[{"href":"https:\/\/dimensionturistica.com\/es\/wp-json\/wp\/v2\/types\/post"}],"author":[{"embeddable":true,"href":"https:\/\/dimensionturistica.com\/es\/wp-json\/wp\/v2\/users\/1"}],"replies":[{"embeddable":true,"href":"https:\/\/dimensionturistica.com\/es\/wp-json\/wp\/v2\/comments?post=1085201"}],"version-history":[{"count":1,"href":"https:\/\/dimensionturistica.com\/es\/wp-json\/wp\/v2\/posts\/1085201\/revisions"}],"predecessor-version":[{"id":1085208,"href":"https:\/\/dimensionturistica.com\/es\/wp-json\/wp\/v2\/posts\/1085201\/revisions\/1085208"}],"wp:attachment":[{"href":"https:\/\/dimensionturistica.com\/es\/wp-json\/wp\/v2\/media?parent=1085201"}],"wp:term":[{"taxonomy":"category","embeddable":true,"href":"https:\/\/dimensionturistica.com\/es\/wp-json\/wp\/v2\/categories?post=1085201"},{"taxonomy":"post_tag","embeddable":true,"href":"https:\/\/dimensionturistica.com\/es\/wp-json\/wp\/v2\/tags?post=1085201"}],"curies":[{"name":"wp","href":"https:\/\/api.w.org\/{rel}","templated":true}]}}