{"id":1085097,"date":"2025-12-12T23:10:51","date_gmt":"2025-12-12T23:10:51","guid":{"rendered":"https:\/\/dimensionturistica.com\/es\/?p=1085097"},"modified":"2025-12-12T23:10:51","modified_gmt":"2025-12-12T23:10:51","slug":"aeromexico-lanza-una-emocionante-ruta-internacional-que-comenzara-en-abril-de-2026","status":"publish","type":"post","link":"https:\/\/dimensionturistica.com\/es\/aeromexico-lanza-una-emocionante-ruta-internacional-que-comenzara-en-abril-de-2026\/","title":{"rendered":"Aerom\u00e9xico lanza una emocionante ruta internacional que comenzar\u00e1 en abril de 2026."},"content":{"rendered":"<p><strong>Aerom\u00e9xico ampl\u00eda sus horizontes: una nueva ruta internacional que promete conectar culturas<\/strong><\/p>\n<p>El mundo del turismo est\u00e1 en constante evoluci\u00f3n, y cada novedad en las rutas a\u00e9reas reaviva el inter\u00e9s por viajar. En este contexto, Aerom\u00e9xico, la emblem\u00e1tica aerol\u00ednea del pa\u00eds, ha sorprendido a los amantes de los viajes con el anuncio de una nueva ruta internacional que comenzar\u00e1 operaciones en abril de 2026. Esta iniciativa no solo representa un adelanto en la conectividad de M\u00e9xico con el mundo, sino que tambi\u00e9n se convierte en un puente para explorar una de las ciudades m\u00e1s vibrantes y llenas de vida.<\/p>\n<p>La nueva conexi\u00f3n a\u00e9rea, que unir\u00e1 el coraz\u00f3n de M\u00e9xico con un destino anhelado por muchos, busca facilitar el intercambio cultural, econ\u00f3mico y tur\u00edstico. Desde su presentaci\u00f3n, la noticia ha suscitado gran entusiasmo entre los potenciales viajeros. Imagina aterrizar en una ciudad donde la historia y la modernidad coexisten de forma arm\u00f3nica, ofreciendo infinitas posibilidades de exploraci\u00f3n.<\/p>\n<p>Este nuevo trayecto permitir\u00e1 a los turistas disfrutar de una experiencia enriquecedora, al tiempo que promueve la diversidad cultural y gastron\u00f3mica que caracteriza a ambos destinos. Los viajeros podr\u00e1n deleitarse con la oferta culinaria, que va desde platillos tradicionales hasta fusiones contempor\u00e1neas, adem\u00e1s de sumergirse en la riqueza hist\u00f3rica que cada lugar tiene para ofrecer. Desde museos y galer\u00edas de arte, hasta festivales y eventos culturales que se llevan a cabo durante todo el a\u00f1o, la agenda llena de actividades descubrimientos estar\u00e1 garantizada.<\/p>\n<p>Adem\u00e1s de la experiencia cultural, la nueva ruta tambi\u00e9n es un paso significativo para la industria tur\u00edstica, que sigue recuper\u00e1ndose tras el impacto de la pandemia. El lanzamiento de esta conexi\u00f3n pone de manifiesto la confianza en el futuro del turismo internacional y el compromiso de la aerol\u00ednea de hacer de cada viaje una experiencia memorable.<\/p>\n<p>Los viajeros frecuentes y los amantes de la aventura pueden esperar promociones especiales y paquetes atractivos en el lanzamiento de esta ruta. Sin duda, ser\u00e1 una excelente oportunidad para que turistas de diferentes partes del mundo descubran el encanto de M\u00e9xico, al mismo tiempo que se acercan a as\u00ed a nuevos horizontes.<\/p>\n<p>Con movimientos as\u00ed, Aerom\u00e9xico reafirma su posici\u00f3n como una de las aerol\u00edneas l\u00edderes en el sector, fomentando el turismo, el comercio y el v\u00ednculo entre naciones. As\u00ed que, a partir de 2026, prep\u00e1rate para abrir tus alas y volar hacia nuevos destinos, donde cada viaje se convierte en una historia que contar.<\/p>\n<p><em> &#8221; Fuentes www.informador.mx &#8221; <\/em><\/p>\n","protected":false},"excerpt":{"rendered":"<p>Aerom\u00e9xico ampl\u00eda sus horizontes: una nueva ruta internacional que promete conectar culturas El mundo del turismo est\u00e1 en constante evoluci\u00f3n, y cada novedad en las rutas a\u00e9reas reaviva el inter\u00e9s por viajar. En este contexto, Aerom\u00e9xico, la emblem\u00e1tica aerol\u00ednea del pa\u00eds, ha sorprendido a los amantes de los viajes con el anuncio de una nueva [&hellip;]<\/p>\n","protected":false},"author":4,"featured_media":1085098,"comment_status":"open","ping_status":"closed","sticky":false,"template":"","format":"standard","meta":{"om_disable_all_campaigns":false,"jnews-multi-image_gallery":[],"jnews_single_post":[],"jnews_primary_category":[],"jnews_social_meta":[],"footnotes":""},"categories":[39],"tags":[127686,1820,1958,1654,25981,1416,24876,2289,544,545,740],"class_list":["post-1085097","post","type-post","status-publish","format-standard","has-post-thumbnail","hentry","category-viajes","tag-abril-2026","tag-aerolinea","tag-aeromexico","tag-aviacion","tag-expansion","tag-internacional","tag-nueva-ruta","tag-paris","tag-turismo","tag-viajes","tag-vuelos"],"_links":{"self":[{"href":"https:\/\/dimensionturistica.com\/es\/wp-json\/wp\/v2\/posts\/1085097","targetHints":{"allow":["GET"]}}],"collection":[{"href":"https:\/\/dimensionturistica.com\/es\/wp-json\/wp\/v2\/posts"}],"about":[{"href":"https:\/\/dimensionturistica.com\/es\/wp-json\/wp\/v2\/types\/post"}],"author":[{"embeddable":true,"href":"https:\/\/dimensionturistica.com\/es\/wp-json\/wp\/v2\/users\/4"}],"replies":[{"embeddable":true,"href":"https:\/\/dimensionturistica.com\/es\/wp-json\/wp\/v2\/comments?post=1085097"}],"version-history":[{"count":1,"href":"https:\/\/dimensionturistica.com\/es\/wp-json\/wp\/v2\/posts\/1085097\/revisions"}],"predecessor-version":[{"id":1085099,"href":"https:\/\/dimensionturistica.com\/es\/wp-json\/wp\/v2\/posts\/1085097\/revisions\/1085099"}],"wp:featuredmedia":[{"embeddable":true,"href":"https:\/\/dimensionturistica.com\/es\/wp-json\/wp\/v2\/media\/1085098"}],"wp:attachment":[{"href":"https:\/\/dimensionturistica.com\/es\/wp-json\/wp\/v2\/media?parent=1085097"}],"wp:term":[{"taxonomy":"category","embeddable":true,"href":"https:\/\/dimensionturistica.com\/es\/wp-json\/wp\/v2\/categories?post=1085097"},{"taxonomy":"post_tag","embeddable":true,"href":"https:\/\/dimensionturistica.com\/es\/wp-json\/wp\/v2\/tags?post=1085097"}],"curies":[{"name":"wp","href":"https:\/\/api.w.org\/{rel}","templated":true}]}}