{"id":1085070,"date":"2025-12-12T21:39:01","date_gmt":"2025-12-12T21:39:01","guid":{"rendered":"https:\/\/dimensionturistica.com\/es\/?p=1085070"},"modified":"2025-12-12T21:39:01","modified_gmt":"2025-12-12T21:39:01","slug":"las-12-mejores-mascarillas-para-cada-problema-de-cuidado-facial","status":"publish","type":"post","link":"https:\/\/dimensionturistica.com\/es\/las-12-mejores-mascarillas-para-cada-problema-de-cuidado-facial\/","title":{"rendered":"Las 12 Mejores Mascarillas para Cada Problema de Cuidado Facial"},"content":{"rendered":"<h3>La M\u00e1scara Facial Perfecta para Cada Tipo de Piel: La Gu\u00eda Definitiva<\/h3>\n<p>El cuidado de la piel ha cobrado una relevancia sin precedentes, impulsando la b\u00fasqueda de productos que se adapten a las variadas necesidades de cada tipo de piel. Entre las opciones m\u00e1s populares, las mascarillas faciales se destacan como aliadas infalibles en rituales de belleza. Pero, \u00bfc\u00f3mo elegir la m\u00e1scara adecuada y maximizar sus beneficios? Aqu\u00ed te presentamos una gu\u00eda completa para lograr resultados impresionantes.<\/p>\n<h4>1. <strong>Piel Seca: Hidrataci\u00f3n Intensiva<\/strong><\/h4>\n<p>La piel seca necesita un extra de humedad. Las mascarillas en crema, ricas en ingredientes humectantes como el \u00e1cido hialur\u00f3nico y los aceites naturales, son ideales para combatir la deshidrataci\u00f3n. Estas f\u00f3rmulas crean una barrera que atrapa la humedad, dej\u00e1ndola suave y radiante al instante.<\/p>\n<h4>2. <strong>Piel Grasa: Control de Brillo y Poros<\/strong><\/h4>\n<p>Para quienes tienen piel grasa, las mascarillas de arcilla son el must-have. No solo eliminan el exceso de sebo, sino que tambi\u00e9n purifican los poros. Las de carb\u00f3n activado son esenciales para limpiar profundamente y evitar brotes indeseados. La clave aqu\u00ed es optar por texturas que no deshidraten la piel, manteniendo siempre el equilibrio necesario.<\/p>\n<h4>3. <strong>Piel Mixta: Equilibrio Perfecto<\/strong><\/h4>\n<p>Las pieles mixtas requieren un enfoque dual. Se recomiendan mascarillas que ofrezcan tanto hidrataci\u00f3n como control de grasa. Un producto de tratamiento localizado en la zona T, combinado con una mascarilla nutritiva en las mejillas, puede ser la soluci\u00f3n deseada. Busca f\u00f3rmulas que incluyan ingredientes como el aloe vera y el niacinamida, conocidos por sus propiedades equilibrantes.<\/p>\n<h4>4. <strong>Piel Sensible: Calma y Reconstrucci\u00f3n<\/strong><\/h4>\n<p>La piel sensible demanda cuidado extra. Las mascarillas con ingredientes naturales como la avena y el pepino son clave para calmar irritaciones y reducir enrojecimientos. Estas opciones son suaves y est\u00e1n dise\u00f1adas para aportar alivio inmediato, fortaleciendo la barrera cut\u00e1nea y minimizando la reacci\u00f3n a agentes externos.<\/p>\n<h4>5. <strong>Piel Madura: Rejuvenecimiento y Luminosidad<\/strong><\/h4>\n<p>Para combatir los signos de la edad, las mascarillas anti-edad son imprescindibles. Ingredientes como el col\u00e1geno, retinol y antioxidantes ayudan a mejorar la elasticidad y firmeza de la piel. Las mascarillas en gel pueden ofrecer un efecto lifting, promoviendo una apariencia m\u00e1s fresca y luminosa.<\/p>\n<h4><strong>Consejos para la Aplicaci\u00f3n Efectiva<\/strong><\/h4>\n<ul>\n<li><strong>Preparaci\u00f3n<\/strong>: Limpia tu rostro a fondo antes de aplicar cualquier mascarilla para asegurar una m\u00e1xima absorci\u00f3n.<\/li>\n<li><strong>Tiempo de Exposici\u00f3n<\/strong>: Respetar el tiempo indicado en el producto es esencial. Dejarla m\u00e1s tiempo del recomendado no siempre equivale a mejores resultados.<\/li>\n<li><strong>Hidrataci\u00f3n Post-Tratamiento<\/strong>: Finaliza tu rutina de cuidado con un hidratante apropiado para sellar los beneficios obtenidos.<\/li>\n<\/ul>\n<h4><strong>Elige y Comparte<\/strong><\/h4>\n<p>Las mascarillas faciales no solo son una forma de mejorar el aspecto de la piel, sino tambi\u00e9n un ritual de autocuidado que merece ser compartido. Explora diferentes opciones y descubre cu\u00e1l se adapta mejor a tus necesidades. Invita a amigos a esta aventura de belleza, y no dudes en discutir tus hallazgos en redes sociales.<\/p>\n<h3>Conclusi\u00f3n<\/h3>\n<p>El universo de las mascarillas faciales es vasto y fascinante. Desde la hidrataci\u00f3n intensa hasta el control del brillo, cada tipo de piel tiene una soluci\u00f3n adecuada. Su integraci\u00f3n en la rutina de cuidado diario no solo mejora la est\u00e9tica, sino que tambi\u00e9n promueve el bienestar y la autoestima. \u00a1Es hora de descubrir la m\u00e1scara perfecta para ti!<\/p>\n<p><em> &#8221; Fuentes www.vogue.com &#8221; <\/em><\/p>\n","protected":false},"excerpt":{"rendered":"<p>La M\u00e1scara Facial Perfecta para Cada Tipo de Piel: La Gu\u00eda Definitiva El cuidado de la piel ha cobrado una relevancia sin precedentes, impulsando la b\u00fasqueda de productos que se adapten a las variadas necesidades de cada tipo de piel. Entre las opciones m\u00e1s populares, las mascarillas faciales se destacan como aliadas infalibles en rituales [&hellip;]<\/p>\n","protected":false},"author":14,"featured_media":1085071,"comment_status":"open","ping_status":"closed","sticky":false,"template":"","format":"standard","meta":{"om_disable_all_campaigns":false,"jnews-multi-image_gallery":[],"jnews_single_post":[],"jnews_primary_category":[],"jnews_social_meta":[],"footnotes":""},"categories":[144872],"tags":[198537,198594,198536,198535,106910,96127,72867,129306,210441,201512,145081,198499,137498,206242,202,95669,107900,260128,202266,200836,200581,217122,373],"class_list":["post-1085070","post","type-post","status-publish","format-standard","has-post-thumbnail","hentry","category-fashion","tag-_commerce","tag-_sensitivecontent","tag-_seo","tag-_syndication_noshow","tag-acne","tag-anti-aging","tag-beauty","tag-dry-skin","tag-face-masks","tag-moisturizing","tag-oily-skin","tag-onecolumn","tag-rejuvenation","tag-sensitive-skin","tag-shopping","tag-skin","tag-skin-care","tag-skincare-concerns","tag-skincare-products","tag-skincare-routine","tag-splitscreenimageleftfullbleed","tag-storytypecategory-guide-comparison","tag-web"],"_links":{"self":[{"href":"https:\/\/dimensionturistica.com\/es\/wp-json\/wp\/v2\/posts\/1085070","targetHints":{"allow":["GET"]}}],"collection":[{"href":"https:\/\/dimensionturistica.com\/es\/wp-json\/wp\/v2\/posts"}],"about":[{"href":"https:\/\/dimensionturistica.com\/es\/wp-json\/wp\/v2\/types\/post"}],"author":[{"embeddable":true,"href":"https:\/\/dimensionturistica.com\/es\/wp-json\/wp\/v2\/users\/14"}],"replies":[{"embeddable":true,"href":"https:\/\/dimensionturistica.com\/es\/wp-json\/wp\/v2\/comments?post=1085070"}],"version-history":[{"count":1,"href":"https:\/\/dimensionturistica.com\/es\/wp-json\/wp\/v2\/posts\/1085070\/revisions"}],"predecessor-version":[{"id":1085072,"href":"https:\/\/dimensionturistica.com\/es\/wp-json\/wp\/v2\/posts\/1085070\/revisions\/1085072"}],"wp:featuredmedia":[{"embeddable":true,"href":"https:\/\/dimensionturistica.com\/es\/wp-json\/wp\/v2\/media\/1085071"}],"wp:attachment":[{"href":"https:\/\/dimensionturistica.com\/es\/wp-json\/wp\/v2\/media?parent=1085070"}],"wp:term":[{"taxonomy":"category","embeddable":true,"href":"https:\/\/dimensionturistica.com\/es\/wp-json\/wp\/v2\/categories?post=1085070"},{"taxonomy":"post_tag","embeddable":true,"href":"https:\/\/dimensionturistica.com\/es\/wp-json\/wp\/v2\/tags?post=1085070"}],"curies":[{"name":"wp","href":"https:\/\/api.w.org\/{rel}","templated":true}]}}