{"id":1085042,"date":"2025-12-12T21:14:48","date_gmt":"2025-12-12T21:14:48","guid":{"rendered":"https:\/\/dimensionturistica.com\/es\/?p=1085042"},"modified":"2025-12-12T21:14:48","modified_gmt":"2025-12-12T21:14:48","slug":"hola-america-invita-a-unirte-a-la-conversacion-con-todosemueve-por-el-dia-el-18-de-diciembre-dia-internacional-de-las-personas-migrantes","status":"publish","type":"post","link":"https:\/\/dimensionturistica.com\/es\/hola-america-invita-a-unirte-a-la-conversacion-con-todosemueve-por-el-dia-el-18-de-diciembre-dia-internacional-de-las-personas-migrantes\/","title":{"rendered":"Hola Am\u00e9rica invita a unirte a la conversaci\u00f3n con #TodoSeMueve, por el d\u00eda El 18 de diciembre d\u00eda Internacional de las Personas Migrantes"},"content":{"rendered":"\n<figure class=\"wp-block-gallery has-nested-images columns-default is-cropped wp-block-gallery-1 is-layout-flex wp-block-gallery-is-layout-flex\">\n<figure class=\"wp-block-image size-large\"><img decoding=\"async\" width=\"500\" height=\"81\" data-id=\"1085043\" src=\"https:\/\/dimensionturistica.com\/es\/wp-content\/uploads\/2025\/12\/amrica-2.jpg\" alt=\"\" class=\"wp-image-1085043\" srcset=\"https:\/\/dimensionturistica.com\/es\/wp-content\/uploads\/2025\/12\/amrica-2.jpg 500w, https:\/\/dimensionturistica.com\/es\/wp-content\/uploads\/2025\/12\/amrica-2-300x49.jpg 300w\" sizes=\"(max-width: 500px) 100vw, 500px\" \/><\/figure>\n<\/figure>\n\n\n\n<p>&nbsp;En el marco del D\u00eda Internacional de las Personas Migrantes que es celebra el 18 de diciembre, Hola Am\u00e9rica, la iniciativa de innovaci\u00f3n social para la migraci\u00f3n de Ashoka, lanza la campa\u00f1a #TodoSeMueve, una acci\u00f3n colectiva en redes sociales que busca ampliar la conversaci\u00f3n p\u00fablica y ofrecer nuevas narrativas sobre la movilidad humana. La campa\u00f1a se desarrolla pocas semanas despu\u00e9s de la realizaci\u00f3n del Festival Hola Am\u00e9rica en Ciudad de M\u00e9xico, un espacio que reuni\u00f3 a m\u00e1s de 500 actores de diversos sectores en la Universidad Nacional Aut\u00f3noma de M\u00e9xico (UNAM). El evento tuvo como premisa ser un espacio para repensar el rol de las personas migrantes como agentes de cambio, ante la polarizaci\u00f3n que genera el tema en la sociedad.<\/p>\n\n\n\n<figure class=\"wp-block-gallery has-nested-images columns-default is-cropped wp-block-gallery-2 is-layout-flex wp-block-gallery-is-layout-flex\">\n<figure class=\"wp-block-image size-large\"><img decoding=\"async\" width=\"500\" height=\"372\" data-id=\"1085052\" src=\"https:\/\/dimensionturistica.com\/es\/wp-content\/uploads\/2025\/12\/5AMERICA-2.jpg\" alt=\"\" class=\"wp-image-1085052\" srcset=\"https:\/\/dimensionturistica.com\/es\/wp-content\/uploads\/2025\/12\/5AMERICA-2.jpg 500w, https:\/\/dimensionturistica.com\/es\/wp-content\/uploads\/2025\/12\/5AMERICA-2-300x223.jpg 300w\" sizes=\"(max-width: 500px) 100vw, 500px\" \/><\/figure>\n<\/figure>\n\n\n\n<p>Estamos ante una encrucijada hist\u00f3rica que marcar\u00e1 el rumbo de las pr\u00f3ximas d\u00e9cadas. Las sociedades discuten hoy transformaciones profundas en torno a la democracia, la participaci\u00f3n ciudadana, la gobernanza internacional y el cuidado del planeta. En medio de estos debates, la migraci\u00f3n suele ocupar un lugar central.<\/p>\n\n\n\n<p>&nbsp;A menudo, este protagonismo es injusto: se utiliza a las personas migrantes como chivo expiatorio para desviar la atenci\u00f3n de problemas estructurales. Pero tambi\u00e9n es cierto que la forma en la que abordemos la migraci\u00f3n tendr\u00e1 consecuencias determinantes en todas estas \u00e1reas.<\/p>\n\n\n\n<figure class=\"wp-block-gallery has-nested-images columns-default is-cropped wp-block-gallery-3 is-layout-flex wp-block-gallery-is-layout-flex\">\n<figure class=\"wp-block-image size-large\"><img decoding=\"async\" width=\"500\" height=\"279\" data-id=\"1085053\" src=\"https:\/\/dimensionturistica.com\/es\/wp-content\/uploads\/2025\/12\/6AMERICA-3.jpg\" alt=\"\" class=\"wp-image-1085053\" srcset=\"https:\/\/dimensionturistica.com\/es\/wp-content\/uploads\/2025\/12\/6AMERICA-3.jpg 500w, https:\/\/dimensionturistica.com\/es\/wp-content\/uploads\/2025\/12\/6AMERICA-3-300x167.jpg 300w\" sizes=\"(max-width: 500px) 100vw, 500px\" \/><\/figure>\n<\/figure>\n\n\n\n<p>\u201cC\u00f3mo pensamos y actuamos en torno a la migraci\u00f3n influir\u00e1 directamente en el rumbo que tomar\u00e1n nuestras sociedades: en su capacidad de sostener una democracia viva, en la forma en que se construye la gobernanza internacional y en la posibilidad de cuidar el planeta de manera colectiva. Si acertamos, podemos encaminar los grandes retos de nuestro tiempo hacia soluciones viables para todos. Si no lo hacemos, las consecuencias pueden ser profundas y durar d\u00e9cadas.\u201d, afirma Marianny Pacheco, directora de Hola Am\u00e9rica.<\/p>\n\n\n\n<p>El estado actual de la opini\u00f3n p\u00fablica sobre la migraci\u00f3n est\u00e1 en crisis y se polariza cada vez m\u00e1s. Proliferan marcos narrativos reduccionistas que presentan a las personas migrantes como amenaza, costo o causantes de caos. Esta mirada estrecha impide ajustar pol\u00edticas, experimentar, innovar y adaptarse a realidades cambiantes. El resultado es un c\u00edrculo vicioso en el que predominan discursos alarmistas que llevan a sensaci\u00f3n de descontrol. Ante ese escenario, emergen respuestas extremas que conducen a pol\u00edticas r\u00edgidas, generando a su vez m\u00e1s sensaci\u00f3n de crisis.<\/p>\n\n\n\n<p>Romper este ciclo es urgente.<\/p>\n\n\n\n<figure class=\"wp-block-gallery has-nested-images columns-default is-cropped wp-block-gallery-4 is-layout-flex wp-block-gallery-is-layout-flex\">\n<figure class=\"wp-block-image size-large\"><img decoding=\"async\" width=\"500\" height=\"333\" data-id=\"1085054\" src=\"https:\/\/dimensionturistica.com\/es\/wp-content\/uploads\/2025\/12\/2AMERICA-2.jpg\" alt=\"\" class=\"wp-image-1085054\" srcset=\"https:\/\/dimensionturistica.com\/es\/wp-content\/uploads\/2025\/12\/2AMERICA-2.jpg 500w, https:\/\/dimensionturistica.com\/es\/wp-content\/uploads\/2025\/12\/2AMERICA-2-300x200.jpg 300w\" sizes=\"(max-width: 500px) 100vw, 500px\" \/><\/figure>\n<\/figure>\n\n\n\n<p>Frente a este contexto, Hola Am\u00e9rica propone un enfoque diferente. La campa\u00f1a #TodoSeMueve invita a reconocer que el movimiento humano es una constante hist\u00f3rica, una fuente de innovaci\u00f3n social y un motor de transformaci\u00f3n. La acci\u00f3n busca que las personas, organizaciones y medios se sumen con contenido, reflexiones y materiales visuales que celebran a Am\u00e9rica Latina como una regi\u00f3n en permanente movimiento.<\/p>\n\n\n\n<p>\u201cNo necesitamos una \u00fanica pol\u00edtica p\u00fablica perfecta, sino un marco narrativo m\u00e1s amplio, realista y humano que permita experimentar, ajustar y construir soluciones. Cuando el debate se encierra en posiciones extremas, perdemos la capacidad de innovar. Con #TodoSeMueve queremos abrir ese , agrega Pacheco.<\/p>\n\n\n\n<figure class=\"wp-block-gallery has-nested-images columns-default is-cropped wp-block-gallery-5 is-layout-flex wp-block-gallery-is-layout-flex\">\n<figure class=\"wp-block-image size-large\"><img decoding=\"async\" width=\"500\" height=\"374\" data-id=\"1085055\" src=\"https:\/\/dimensionturistica.com\/es\/wp-content\/uploads\/2025\/12\/4AMERICA-2.jpg\" alt=\"\" class=\"wp-image-1085055\" srcset=\"https:\/\/dimensionturistica.com\/es\/wp-content\/uploads\/2025\/12\/4AMERICA-2.jpg 500w, https:\/\/dimensionturistica.com\/es\/wp-content\/uploads\/2025\/12\/4AMERICA-2-300x224.jpg 300w\" sizes=\"(max-width: 500px) 100vw, 500px\" \/><\/figure>\n<\/figure>\n\n\n\n<p>Durante el 17 y 18 de diciembre, la comunidad de Hola Am\u00e9rica, aliados en toda la regi\u00f3n y m\u00faltiples oficinas de Ashoka en Am\u00e9rica Latina estar\u00e1n difundiendo recursos, historias y mensajes que buscan resignificar la narrativa alrededor de la movilidad humana y las personas migrantes. El kit de participaci\u00f3n incluye stickers, marcos de perfil, piezas visuales y contenido educativo disponible para cualquier persona u organizaci\u00f3n que quiera sumarse.<\/p>\n\n\n\n<p>Quienes deseen sumarse a esta acci\u00f3n colectiva pueden acceder a todos los recursos a partir del 17 de diciembre, contenidos e historias en las redes de Hola Am\u00e9rica @festivalholaamerica y las cuentas de Ashoka (@ashokaconosur, @ashokaregionandina, @ashoka_mcc) en la regi\u00f3n, donde se estar\u00e1 amplificando la campa\u00f1a #TodoSeMueve.<\/p>\n","protected":false},"excerpt":{"rendered":"<p>&nbsp;En el marco del D\u00eda Internacional de las Personas Migrantes que es celebra el 18 de diciembre, Hola Am\u00e9rica, la iniciativa de innovaci\u00f3n social para la migraci\u00f3n de Ashoka, lanza la campa\u00f1a #TodoSeMueve, una acci\u00f3n colectiva en redes sociales que busca ampliar la conversaci\u00f3n p\u00fablica y ofrecer nuevas narrativas sobre la movilidad humana. La campa\u00f1a [&hellip;]<\/p>\n","protected":false},"author":1,"featured_media":0,"comment_status":"open","ping_status":"closed","sticky":false,"template":"","format":"standard","meta":{"om_disable_all_campaigns":false,"jnews-multi-image_gallery":[],"jnews_single_post":[],"jnews_primary_category":[],"jnews_social_meta":[],"footnotes":""},"categories":[39],"tags":[],"class_list":["post-1085042","post","type-post","status-publish","format-standard","hentry","category-viajes"],"_links":{"self":[{"href":"https:\/\/dimensionturistica.com\/es\/wp-json\/wp\/v2\/posts\/1085042","targetHints":{"allow":["GET"]}}],"collection":[{"href":"https:\/\/dimensionturistica.com\/es\/wp-json\/wp\/v2\/posts"}],"about":[{"href":"https:\/\/dimensionturistica.com\/es\/wp-json\/wp\/v2\/types\/post"}],"author":[{"embeddable":true,"href":"https:\/\/dimensionturistica.com\/es\/wp-json\/wp\/v2\/users\/1"}],"replies":[{"embeddable":true,"href":"https:\/\/dimensionturistica.com\/es\/wp-json\/wp\/v2\/comments?post=1085042"}],"version-history":[{"count":1,"href":"https:\/\/dimensionturistica.com\/es\/wp-json\/wp\/v2\/posts\/1085042\/revisions"}],"predecessor-version":[{"id":1085056,"href":"https:\/\/dimensionturistica.com\/es\/wp-json\/wp\/v2\/posts\/1085042\/revisions\/1085056"}],"wp:attachment":[{"href":"https:\/\/dimensionturistica.com\/es\/wp-json\/wp\/v2\/media?parent=1085042"}],"wp:term":[{"taxonomy":"category","embeddable":true,"href":"https:\/\/dimensionturistica.com\/es\/wp-json\/wp\/v2\/categories?post=1085042"},{"taxonomy":"post_tag","embeddable":true,"href":"https:\/\/dimensionturistica.com\/es\/wp-json\/wp\/v2\/tags?post=1085042"}],"curies":[{"name":"wp","href":"https:\/\/api.w.org\/{rel}","templated":true}]}}