{"id":1085017,"date":"2025-12-12T20:22:00","date_gmt":"2025-12-12T20:22:00","guid":{"rendered":"https:\/\/dimensionturistica.com\/es\/?p=1085017"},"modified":"2025-12-12T20:22:00","modified_gmt":"2025-12-12T20:22:00","slug":"con-cuidados-diciembre-tambien-es-una-buena-temporada-para-personas-que-viven-con-colitis-ulcerosa","status":"publish","type":"post","link":"https:\/\/dimensionturistica.com\/es\/con-cuidados-diciembre-tambien-es-una-buena-temporada-para-personas-que-viven-con-colitis-ulcerosa\/","title":{"rendered":"*Con cuidados, diciembre tambi\u00e9n es una buena temporada para personas que viven con colitis ulcerosa*"},"content":{"rendered":"\n<figure class=\"wp-block-gallery has-nested-images columns-default is-cropped wp-block-gallery-1 is-layout-flex wp-block-gallery-is-layout-flex\">\n<figure class=\"wp-block-image size-large\"><img decoding=\"async\" width=\"500\" height=\"187\" data-id=\"1085018\" src=\"https:\/\/dimensionturistica.com\/es\/wp-content\/uploads\/2025\/12\/11GASTRO.jpg\" alt=\"\" class=\"wp-image-1085018\" srcset=\"https:\/\/dimensionturistica.com\/es\/wp-content\/uploads\/2025\/12\/11GASTRO.jpg 500w, https:\/\/dimensionturistica.com\/es\/wp-content\/uploads\/2025\/12\/11GASTRO-300x112.jpg 300w\" sizes=\"(max-width: 500px) 100vw, 500px\" \/><\/figure>\n<\/figure>\n\n\n\n<p>&nbsp;Las celebraciones decembrinas suelen estar marcadas por reuniones, brindis y comidas abundantes, pero para quienes viven con colitis ulcerosa, estos excesos pueden representar un desaf\u00edo adicional, explica la doctora Ceriolith Tenorio, especialista en gastroenter\u00f3loga.<\/p>\n\n\n\n<p>La doctora Tenorio Flores agrega que los cambios en la dieta, el consumo de alcohol, los desvelos y el estr\u00e9s caracter\u00edsticos de la temporada pueden alterar la salud intestinal y detonar brotes que afectan la calidad de vida de los pacientes.<\/p>\n\n\n\n<p>En cuanto a la colitis ulcerosa, la experta detalla que provoca inflamaci\u00f3n cr\u00f3nica del colon, lo cual genera episodios de diarrea con sangre, dolor abdominal y una sensaci\u00f3n constante de urgencia para evacuar.<\/p>\n\n\n\n<figure class=\"wp-block-gallery has-nested-images columns-default is-cropped wp-block-gallery-2 is-layout-flex wp-block-gallery-is-layout-flex\">\n<figure class=\"wp-block-image size-large\"><img decoding=\"async\" width=\"500\" height=\"333\" data-id=\"1085019\" src=\"https:\/\/dimensionturistica.com\/es\/wp-content\/uploads\/2025\/12\/1GASTRO.jpg\" alt=\"\" class=\"wp-image-1085019\" srcset=\"https:\/\/dimensionturistica.com\/es\/wp-content\/uploads\/2025\/12\/1GASTRO.jpg 500w, https:\/\/dimensionturistica.com\/es\/wp-content\/uploads\/2025\/12\/1GASTRO-300x200.jpg 300w\" sizes=\"(max-width: 500px) 100vw, 500px\" \/><\/figure>\n<\/figure>\n\n\n\n<p>En M\u00e9xico se estima que alrededor de 48 mil personas viven con este padecimiento, muchas de ellas sin diagn\u00f3stico formal porque se confunden los s\u00edntomas con infecciones, s\u00edndrome de intestino irritable u otras causas de diarrea.<\/p>\n\n\n\n<p>\u201cLa colitis ulcerosa puede comenzar entre los 20 y 40 a\u00f1os, justo en etapas de gran actividad social y laboral. Hay un segundo pico despu\u00e9s de los 50 a\u00f1os, aunque es menos frecuente\u201d, explic\u00f3 la tambi\u00e9n gerente m\u00e9dico del laboratorio Alfasigma M\u00e9xico.<\/p>\n\n\n\n<p>La especialista advirti\u00f3 que los excesos t\u00edpicos de fin de a\u00f1o \u2014comidas abundantes, bebidas alcoh\u00f3licas y horarios desordenados\u2014 pueden precipitar reca\u00eddas. \u201cEl intestino es sensible al estr\u00e9s y a la alimentaci\u00f3n. En quienes viven con colitis ulcerosa, la mala adherencia al tratamiento asociado a factores como estr\u00e9s emocional o f\u00edsico y cambios en la alimentaci\u00f3n puede provocar un rebrote de la enfermedad\u201d, coment\u00f3.<\/p>\n\n\n\n<p>Adem\u00e1s del impacto f\u00edsico, la colitis ulcerosa conlleva consecuencias emocionales significativas. Veamos la otra cara de la moneda, muchos pacientes evitan reuniones o viajes por miedo a un episodio inesperado. \u201cEl aislamiento social y la ansiedad son frecuentes, sobre todo cuando no se cuenta con informaci\u00f3n detallada sobre el diagn\u00f3stico o un plan de manejo adecuado\u201d, puntualiz\u00f3 la doctora Tenorio.<\/p>\n\n\n\n<figure class=\"wp-block-gallery has-nested-images columns-default is-cropped wp-block-gallery-3 is-layout-flex wp-block-gallery-is-layout-flex\">\n<figure class=\"wp-block-image size-large\"><img decoding=\"async\" width=\"500\" height=\"203\" data-id=\"1085020\" src=\"https:\/\/dimensionturistica.com\/es\/wp-content\/uploads\/2025\/12\/2GASTRO.jpg\" alt=\"\" class=\"wp-image-1085020\" srcset=\"https:\/\/dimensionturistica.com\/es\/wp-content\/uploads\/2025\/12\/2GASTRO.jpg 500w, https:\/\/dimensionturistica.com\/es\/wp-content\/uploads\/2025\/12\/2GASTRO-300x122.jpg 300w\" sizes=\"(max-width: 500px) 100vw, 500px\" \/><\/figure>\n<\/figure>\n\n\n\n<p>El diagn\u00f3stico temprano y el seguimiento de un tratamiento integral son esenciales para controlar la inflamaci\u00f3n y mantener la enfermedad en remisi\u00f3n. De no hacerlo, el da\u00f1o intestinal puede progresar y aumentar el riesgo de complicaciones graves como c\u00e1ncer de colon. Por ello, los expertos recomiendan acudir al m\u00e9dico si los s\u00edntomas digestivos persisten o si se presentan datos de alarma como diarrea con sangre o p\u00e9rdida de peso.<\/p>\n\n\n\n<p>\u201cVivir con colitis ulcerosa requiere atenci\u00f3n m\u00e9dica continua y acompa\u00f1amiento integral que incluya nutrici\u00f3n, bienestar emocional y adherencia terap\u00e9utica\u201d, agreg\u00f3 la gastroenter\u00f3loga. \u201cEl objetivo es que las personas retomen su vida con normalidad, incluso en \u00e9pocas festivas\u201d.<\/p>\n\n\n\n<p>Finalmente, la especialista record\u00f3 que, ante cualquier s\u00edntoma persistente de dolor abdominal, diarrea con sangre o fatiga, es fundamental acudir con el gastroenter\u00f3logo para valoraci\u00f3n cl\u00ednica oportuna. Agreg\u00f3 que quienes deseen conocer m\u00e1s sobre enfermedad inflamatoria intestinal pueden consultar la p\u00e1gina www.viviendoconcolitisulcerosa.com un espacio informativo con materiales educativos y orientaci\u00f3n confiable para pacientes y familiares.<\/p>\n\n\n\n<p><\/p>\n","protected":false},"excerpt":{"rendered":"<p>&nbsp;Las celebraciones decembrinas suelen estar marcadas por reuniones, brindis y comidas abundantes, pero para quienes viven con colitis ulcerosa, estos excesos pueden representar un desaf\u00edo adicional, explica la doctora Ceriolith Tenorio, especialista en gastroenter\u00f3loga. La doctora Tenorio Flores agrega que los cambios en la dieta, el consumo de alcohol, los desvelos y el estr\u00e9s caracter\u00edsticos [&hellip;]<\/p>\n","protected":false},"author":1,"featured_media":0,"comment_status":"open","ping_status":"closed","sticky":false,"template":"","format":"standard","meta":{"om_disable_all_campaigns":false,"jnews-multi-image_gallery":[],"jnews_single_post":[],"jnews_primary_category":[],"jnews_social_meta":[],"footnotes":""},"categories":[40],"tags":[],"class_list":["post-1085017","post","type-post","status-publish","format-standard","hentry","category-industria"],"_links":{"self":[{"href":"https:\/\/dimensionturistica.com\/es\/wp-json\/wp\/v2\/posts\/1085017","targetHints":{"allow":["GET"]}}],"collection":[{"href":"https:\/\/dimensionturistica.com\/es\/wp-json\/wp\/v2\/posts"}],"about":[{"href":"https:\/\/dimensionturistica.com\/es\/wp-json\/wp\/v2\/types\/post"}],"author":[{"embeddable":true,"href":"https:\/\/dimensionturistica.com\/es\/wp-json\/wp\/v2\/users\/1"}],"replies":[{"embeddable":true,"href":"https:\/\/dimensionturistica.com\/es\/wp-json\/wp\/v2\/comments?post=1085017"}],"version-history":[{"count":1,"href":"https:\/\/dimensionturistica.com\/es\/wp-json\/wp\/v2\/posts\/1085017\/revisions"}],"predecessor-version":[{"id":1085021,"href":"https:\/\/dimensionturistica.com\/es\/wp-json\/wp\/v2\/posts\/1085017\/revisions\/1085021"}],"wp:attachment":[{"href":"https:\/\/dimensionturistica.com\/es\/wp-json\/wp\/v2\/media?parent=1085017"}],"wp:term":[{"taxonomy":"category","embeddable":true,"href":"https:\/\/dimensionturistica.com\/es\/wp-json\/wp\/v2\/categories?post=1085017"},{"taxonomy":"post_tag","embeddable":true,"href":"https:\/\/dimensionturistica.com\/es\/wp-json\/wp\/v2\/tags?post=1085017"}],"curies":[{"name":"wp","href":"https:\/\/api.w.org\/{rel}","templated":true}]}}