{"id":1084989,"date":"2025-12-12T19:25:44","date_gmt":"2025-12-12T19:25:44","guid":{"rendered":"https:\/\/dimensionturistica.com\/es\/?p=1084989"},"modified":"2025-12-12T19:25:44","modified_gmt":"2025-12-12T19:25:44","slug":"las-12-actividades-emblematicas-de-yucatan-lo-cierto-es-que-apetece-vivir-todas-estas-experiencias","status":"publish","type":"post","link":"https:\/\/dimensionturistica.com\/es\/las-12-actividades-emblematicas-de-yucatan-lo-cierto-es-que-apetece-vivir-todas-estas-experiencias\/","title":{"rendered":"Las 12 actividades emblem\u00e1ticas de Yucat\u00e1n, lo cierto es que apetece vivir todas estas experiencias."},"content":{"rendered":"\n<figure class=\"wp-block-gallery has-nested-images columns-default is-cropped wp-block-gallery-1 is-layout-flex wp-block-gallery-is-layout-flex\">\n<figure class=\"wp-block-image size-large\"><img decoding=\"async\" width=\"1024\" height=\"275\" data-id=\"1084990\" src=\"https:\/\/dimensionturistica.com\/es\/wp-content\/uploads\/2025\/12\/unnamed-1024x275.png\" alt=\"\" class=\"wp-image-1084990\" srcset=\"https:\/\/dimensionturistica.com\/es\/wp-content\/uploads\/2025\/12\/unnamed-1024x275.png 1024w, https:\/\/dimensionturistica.com\/es\/wp-content\/uploads\/2025\/12\/unnamed-300x81.png 300w, https:\/\/dimensionturistica.com\/es\/wp-content\/uploads\/2025\/12\/unnamed-768x206.png 768w, https:\/\/dimensionturistica.com\/es\/wp-content\/uploads\/2025\/12\/unnamed-1536x413.png 1536w, https:\/\/dimensionturistica.com\/es\/wp-content\/uploads\/2025\/12\/unnamed-2048x551.png 2048w, https:\/\/dimensionturistica.com\/es\/wp-content\/uploads\/2025\/12\/unnamed-750x202.png 750w, https:\/\/dimensionturistica.com\/es\/wp-content\/uploads\/2025\/12\/unnamed-1140x307.png 1140w\" sizes=\"(max-width: 1024px) 100vw, 1024px\" \/><\/figure>\n<\/figure>\n\n\n\n<p>Con un crecimiento tur\u00edstico sostenido y el reconocimiento internacional como uno de los destinos culturales y gastron\u00f3micos m\u00e1s importantes de M\u00e9xico, Yucat\u00e1n cierra el a\u00f1o con una sobresaliente lista de experiencias que han marcado tendencia entre viajeros nacionales e internacionales. De acuerdo con cifras recientes de la Secretar\u00eda de Fomento Tur\u00edstico, el estado registr\u00f3 este a\u00f1o un incremento estimado del 11% en llegada de turistas, consolid\u00e1ndose como uno de los destinos m\u00e1s seguros y diversos del pa\u00eds.<\/p>\n\n\n\n<figure class=\"wp-block-gallery has-nested-images columns-default is-cropped wp-block-gallery-2 is-layout-flex wp-block-gallery-is-layout-flex\">\n<figure class=\"wp-block-image size-large\"><img decoding=\"async\" width=\"500\" height=\"333\" data-id=\"1084991\" src=\"https:\/\/dimensionturistica.com\/es\/wp-content\/uploads\/2025\/12\/25YUCA.jpg\" alt=\"\" class=\"wp-image-1084991\" srcset=\"https:\/\/dimensionturistica.com\/es\/wp-content\/uploads\/2025\/12\/25YUCA.jpg 500w, https:\/\/dimensionturistica.com\/es\/wp-content\/uploads\/2025\/12\/25YUCA-300x200.jpg 300w\" sizes=\"(max-width: 500px) 100vw, 500px\" \/><\/figure>\n<\/figure>\n\n\n\n<p>A continuaci\u00f3n, una recapitulaci\u00f3n de las 12 m\u00e1ximas experiencias tur\u00edsticas que definieron la esencia de Yucat\u00e1n en 2025 y que contin\u00faan posicionando al estado como referente de hospitalidad, cultura y naturaleza:<\/p>\n\n\n\n<p>1. La Ruta Puuc: Patrimonio vivo de la civilizaci\u00f3n maya<\/p>\n\n\n\n<p>Uxmal, Kabah, Sayil y Labn\u00e1 ofrecieron este a\u00f1o circuitos arqueol\u00f3gicos renovados con recorridos guiados, observaci\u00f3n astron\u00f3mica y experiencias culturales nocturnas.<\/p>\n\n\n\n<figure class=\"wp-block-gallery has-nested-images columns-default is-cropped wp-block-gallery-3 is-layout-flex wp-block-gallery-is-layout-flex\">\n<figure class=\"wp-block-image size-large\"><img decoding=\"async\" width=\"500\" height=\"332\" data-id=\"1084992\" src=\"https:\/\/dimensionturistica.com\/es\/wp-content\/uploads\/2025\/12\/6YUCA.jpg\" alt=\"\" class=\"wp-image-1084992\" srcset=\"https:\/\/dimensionturistica.com\/es\/wp-content\/uploads\/2025\/12\/6YUCA.jpg 500w, https:\/\/dimensionturistica.com\/es\/wp-content\/uploads\/2025\/12\/6YUCA-300x199.jpg 300w\" sizes=\"(max-width: 500px) 100vw, 500px\" \/><\/figure>\n<\/figure>\n\n\n\n<p>Dato curioso sobresaliente: la Pir\u00e1mide del Adivino, emblema de Uxmal, es la \u00fanica pir\u00e1mide maya con base el\u00edptica en lugar de rectangular. Su silueta curva la hace visualmente \u00fanica en Mesoam\u00e9rica. Adem\u00e1s de la leyenda que relata que fue construida \u201cde la noche a la ma\u00f1ana\u201d por un enano m\u00edtico, estudios arqueoastron\u00f3micos han demostrado que su orientaci\u00f3n responde a fen\u00f3menos solares y lunares que los mayas utilizaban para marcar ciclos rituales y agr\u00edcolas.<\/p>\n\n\n\n<p>2. Cenotes Sagrados: Maravillas naturales<\/p>\n\n\n\n<figure class=\"wp-block-gallery has-nested-images columns-default is-cropped wp-block-gallery-4 is-layout-flex wp-block-gallery-is-layout-flex\">\n<figure class=\"wp-block-image size-large\"><img decoding=\"async\" width=\"500\" height=\"333\" data-id=\"1084993\" src=\"https:\/\/dimensionturistica.com\/es\/wp-content\/uploads\/2025\/12\/4YUCA-1.jpg\" alt=\"\" class=\"wp-image-1084993\" srcset=\"https:\/\/dimensionturistica.com\/es\/wp-content\/uploads\/2025\/12\/4YUCA-1.jpg 500w, https:\/\/dimensionturistica.com\/es\/wp-content\/uploads\/2025\/12\/4YUCA-1-300x200.jpg 300w\" sizes=\"(max-width: 500px) 100vw, 500px\" \/><\/figure>\n<\/figure>\n\n\n\n<p>Cenotes como X\u2019Bat\u00fan, Yokdzonot y Suytun se consolidaron como escenarios esenciales para turismo de aventura, fotograf\u00eda y ceremonias de purificaci\u00f3n guiadas por comunidades locales.<\/p>\n\n\n\n<p>3. M\u00e9rida Blanca: Capital cultural y gastron\u00f3mica<\/p>\n\n\n\n<p>La ciudad reforz\u00f3 su lugar como referente culinario gracias a su nombramiento como Capital Iberoamericana de la Gastronom\u00eda 2025, generando un impacto econ\u00f3mico notable en la industria restaurantera.<\/p>\n\n\n\n<p>4. Valladolid: El coraz\u00f3n multicultural del oriente yucateco<\/p>\n\n\n\n<figure class=\"wp-block-gallery has-nested-images columns-default is-cropped wp-block-gallery-5 is-layout-flex wp-block-gallery-is-layout-flex\">\n<figure class=\"wp-block-image size-large\"><img decoding=\"async\" width=\"500\" height=\"334\" data-id=\"1084994\" src=\"https:\/\/dimensionturistica.com\/es\/wp-content\/uploads\/2025\/12\/3YUVA.jpg\" alt=\"\" class=\"wp-image-1084994\" srcset=\"https:\/\/dimensionturistica.com\/es\/wp-content\/uploads\/2025\/12\/3YUVA.jpg 500w, https:\/\/dimensionturistica.com\/es\/wp-content\/uploads\/2025\/12\/3YUVA-300x200.jpg 300w\" sizes=\"(max-width: 500px) 100vw, 500px\" \/><\/figure>\n<\/figure>\n\n\n\n<p>Declarado nuevamente como uno de los Pueblos M\u00e1gicos m\u00e1s visitados del pa\u00eds, Valladolid atrajo a miles por su patrimonio colonial, cenotes urbanos y tradiciones vivas.<\/p>\n\n\n\n<p>5. Izamal: La Ciudad Amarilla que enamora<\/p>\n\n\n\n<p>Sus calles doradas, el Convento de San Antonio de Padua y su oferta artesanal impulsaron un notable aumento de turismo fotogr\u00e1fico y \u201cslow travel\u201d.<\/p>\n\n\n\n<p>6. Las playas del litoral yucateco<\/p>\n\n\n\n<p>Progreso, El Cuyo y Sisal contin\u00faan destacando por su ambiente relajado, gastronom\u00eda marina y opciones eco-friendly que han transformado la imagen costera del estado.<\/p>\n\n\n\n<p>7. Observaci\u00f3n de flamencos en Celest\u00fan y R\u00edo Lagartos<\/p>\n\n\n\n<p>Una de las experiencias m\u00e1s representativas del turismo sustentable, con avistamientos espectaculares de esta especie emblem\u00e1tica de la pen\u00ednsula<\/p>\n\n\n\n<p>8. Haciendas hist\u00f3ricas: Lujo, descanso y tradici\u00f3n<\/p>\n\n\n\n<p>La recuperaci\u00f3n de haciendas como Temoz\u00f3n, Sotuta de Pe\u00f3n y San Jos\u00e9 ha convertido estos espacios en destinos ideales para bodas, wellness retreats y turismo boutique.<\/p>\n\n\n\n<figure class=\"wp-block-gallery has-nested-images columns-default is-cropped wp-block-gallery-6 is-layout-flex wp-block-gallery-is-layout-flex\">\n<figure class=\"wp-block-image size-large\"><img decoding=\"async\" width=\"500\" height=\"333\" data-id=\"1084995\" src=\"https:\/\/dimensionturistica.com\/es\/wp-content\/uploads\/2025\/12\/1yuca-1.jpg\" alt=\"\" class=\"wp-image-1084995\" srcset=\"https:\/\/dimensionturistica.com\/es\/wp-content\/uploads\/2025\/12\/1yuca-1.jpg 500w, https:\/\/dimensionturistica.com\/es\/wp-content\/uploads\/2025\/12\/1yuca-1-300x200.jpg 300w\" sizes=\"(max-width: 500px) 100vw, 500px\" \/><\/figure>\n<\/figure>\n\n\n\n<p>9. Festividades mayas y patrimonio intangible<\/p>\n\n\n\n<p>Ceremonias como el Hanal Pix\u00e1n, la vaquer\u00eda y el Paseo de las \u00c1nimas fortalecieron el v\u00ednculo entre viajeros y tradiciones ancestrales.<\/p>\n\n\n\n<p>10. Ruta de los Conventos: Espiritualidad y legado colonial<\/p>\n\n\n\n<p>Tekax, Man\u00ed y Oxkutzcab recibieron a miles de visitantes que buscan historia, arquitectura y la experiencia aut\u00e9ntica de los pueblos del sur.<\/p>\n\n\n\n<p>11. Gastronom\u00eda yucateca de autor<\/p>\n\n\n\n<figure class=\"wp-block-gallery has-nested-images columns-default is-cropped wp-block-gallery-7 is-layout-flex wp-block-gallery-is-layout-flex\">\n<figure class=\"wp-block-image size-large\"><img decoding=\"async\" width=\"500\" height=\"333\" data-id=\"1084996\" src=\"https:\/\/dimensionturistica.com\/es\/wp-content\/uploads\/2025\/12\/11YUCA-1.jpg\" alt=\"\" class=\"wp-image-1084996\" srcset=\"https:\/\/dimensionturistica.com\/es\/wp-content\/uploads\/2025\/12\/11YUCA-1.jpg 500w, https:\/\/dimensionturistica.com\/es\/wp-content\/uploads\/2025\/12\/11YUCA-1-300x200.jpg 300w\" sizes=\"(max-width: 500px) 100vw, 500px\" \/><\/figure>\n<\/figure>\n\n\n\n<p>Chefs locales elevaron platillos emblem\u00e1ticos \u2014cochinita pibil, relleno negro y papadzules\u2014 a nuevas expresiones culinarias que conquistaron paladares internacionales.<\/p>\n\n\n\n<p>12. Turismo de aventura y naturaleza<\/p>\n\n\n\n<p>Desde kayak en manglares hasta ciclismo por caminos mayas, Yucat\u00e1n se consolid\u00f3 como un destino para quienes buscan experiencias al aire libre con un enfoque respetuoso del ecosistema.<\/p>\n\n\n\n<p>Yucat\u00e1n, un destino en crecimiento y renovaci\u00f3n constante<\/p>\n\n\n\n<figure class=\"wp-block-gallery has-nested-images columns-default is-cropped wp-block-gallery-8 is-layout-flex wp-block-gallery-is-layout-flex\">\n<figure class=\"wp-block-image size-large\"><img decoding=\"async\" width=\"500\" height=\"333\" data-id=\"1084997\" src=\"https:\/\/dimensionturistica.com\/es\/wp-content\/uploads\/2025\/12\/8YUCA.jpg\" alt=\"\" class=\"wp-image-1084997\" srcset=\"https:\/\/dimensionturistica.com\/es\/wp-content\/uploads\/2025\/12\/8YUCA.jpg 500w, https:\/\/dimensionturistica.com\/es\/wp-content\/uploads\/2025\/12\/8YUCA-300x200.jpg 300w\" sizes=\"(max-width: 500px) 100vw, 500px\" \/><\/figure>\n<\/figure>\n\n\n\n<p>El estado contin\u00faa fortaleciendo infraestructura tur\u00edstica, capacitaci\u00f3n comunitaria y estrategias de sostenibilidad, garantizando que cada visitante encuentre experiencias aut\u00e9nticas y seguras. Con paisajes vibrantes, ciudades hist\u00f3ricas, gastronom\u00eda galardonada y una cultura que honra su pasado sin renunciar al futuro, Yucat\u00e1n se reafirma como uno de los destinos m\u00e1s completos y fascinantes de M\u00e9xico.<\/p>\n","protected":false},"excerpt":{"rendered":"<p>Con un crecimiento tur\u00edstico sostenido y el reconocimiento internacional como uno de los destinos culturales y gastron\u00f3micos m\u00e1s importantes de M\u00e9xico, Yucat\u00e1n cierra el a\u00f1o con una sobresaliente lista de experiencias que han marcado tendencia entre viajeros nacionales e internacionales. De acuerdo con cifras recientes de la Secretar\u00eda de Fomento Tur\u00edstico, el estado registr\u00f3 este [&hellip;]<\/p>\n","protected":false},"author":1,"featured_media":0,"comment_status":"open","ping_status":"closed","sticky":false,"template":"","format":"standard","meta":{"om_disable_all_campaigns":false,"jnews-multi-image_gallery":[],"jnews_single_post":[],"jnews_primary_category":[],"jnews_social_meta":[],"footnotes":""},"categories":[39],"tags":[],"class_list":["post-1084989","post","type-post","status-publish","format-standard","hentry","category-viajes"],"_links":{"self":[{"href":"https:\/\/dimensionturistica.com\/es\/wp-json\/wp\/v2\/posts\/1084989","targetHints":{"allow":["GET"]}}],"collection":[{"href":"https:\/\/dimensionturistica.com\/es\/wp-json\/wp\/v2\/posts"}],"about":[{"href":"https:\/\/dimensionturistica.com\/es\/wp-json\/wp\/v2\/types\/post"}],"author":[{"embeddable":true,"href":"https:\/\/dimensionturistica.com\/es\/wp-json\/wp\/v2\/users\/1"}],"replies":[{"embeddable":true,"href":"https:\/\/dimensionturistica.com\/es\/wp-json\/wp\/v2\/comments?post=1084989"}],"version-history":[{"count":1,"href":"https:\/\/dimensionturistica.com\/es\/wp-json\/wp\/v2\/posts\/1084989\/revisions"}],"predecessor-version":[{"id":1084998,"href":"https:\/\/dimensionturistica.com\/es\/wp-json\/wp\/v2\/posts\/1084989\/revisions\/1084998"}],"wp:attachment":[{"href":"https:\/\/dimensionturistica.com\/es\/wp-json\/wp\/v2\/media?parent=1084989"}],"wp:term":[{"taxonomy":"category","embeddable":true,"href":"https:\/\/dimensionturistica.com\/es\/wp-json\/wp\/v2\/categories?post=1084989"},{"taxonomy":"post_tag","embeddable":true,"href":"https:\/\/dimensionturistica.com\/es\/wp-json\/wp\/v2\/tags?post=1084989"}],"curies":[{"name":"wp","href":"https:\/\/api.w.org\/{rel}","templated":true}]}}