{"id":1084930,"date":"2025-12-12T17:01:31","date_gmt":"2025-12-12T17:01:31","guid":{"rendered":"https:\/\/dimensionturistica.com\/es\/?p=1084930"},"modified":"2025-12-12T17:01:31","modified_gmt":"2025-12-12T17:01:31","slug":"chirey-cierra-2025-con-crecimiento-record-y-adelanta-un-2026-con-nuevos-modelos-mayor-electrificacion-y-una-red-mas-solida-en-mexico","status":"publish","type":"post","link":"https:\/\/dimensionturistica.com\/es\/chirey-cierra-2025-con-crecimiento-record-y-adelanta-un-2026-con-nuevos-modelos-mayor-electrificacion-y-una-red-mas-solida-en-mexico\/","title":{"rendered":"Chirey cierra 2025 con crecimiento r\u00e9cord y adelanta un 2026 con nuevos modelos, mayor electrificaci\u00f3n y una red m\u00e1s s\u00f3lida en M\u00e9xico"},"content":{"rendered":"\n<figure class=\"wp-block-gallery has-nested-images columns-default is-cropped wp-block-gallery-1 is-layout-flex wp-block-gallery-is-layout-flex\">\n<figure class=\"wp-block-image size-large\"><img decoding=\"async\" width=\"474\" height=\"165\" data-id=\"1084931\" src=\"https:\/\/dimensionturistica.com\/es\/wp-content\/uploads\/2025\/12\/2CARRO.jpg\" alt=\"\" class=\"wp-image-1084931\" srcset=\"https:\/\/dimensionturistica.com\/es\/wp-content\/uploads\/2025\/12\/2CARRO.jpg 474w, https:\/\/dimensionturistica.com\/es\/wp-content\/uploads\/2025\/12\/2CARRO-300x104.jpg 300w\" sizes=\"(max-width: 474px) 100vw, 474px\" \/><\/figure>\n<\/figure>\n\n\n\n<p>Chirey Motor M\u00e9xico (conformado por sus marcas Chirey, OMODA y JAECOO) celebr\u00f3 su evento de fin de a\u00f1o, en el que comparti\u00f3 los resultados alcanzados durante 2025 y adelant\u00f3 los planes que marcar\u00e1n su estrategia en 2026. Con una ruta definida sobre tres pilares \u2014distribuidores, postventa y producto\u2014, la marca asegur\u00f3 que la consolidaci\u00f3n de su red y el fortalecimiento de su portafolio ser\u00e1n los motores de su crecimiento para el pr\u00f3ximo a\u00f1o.<\/p>\n\n\n\n<p>Red m\u00e1s fuerte para cubrir ventas y servicio<\/p>\n\n\n\n<p>Durante 2025, Chirey avanz\u00f3 de forma significativa en su presencia nacional. La marca report\u00f3:<\/p>\n\n\n\n<p>\u25cf 94% de cobertura en ventas<\/p>\n\n\n\n<p>\u25cf 100% de cobertura en servicio, gracias a la operaci\u00f3n de centros de atenci\u00f3n en ciudades donde a\u00fan no existen agencias<\/p>\n\n\n\n<p>\u25cf 4 nuevas agencias inauguradas, lo que refleja la inversi\u00f3n continua de la red<\/p>\n\n\n\n<p>Estos avances delinean el camino para la estrategia de expansi\u00f3n de 2026.<\/p>\n\n\n\n<p>Postventa como pilar estrat\u00e9gico<\/p>\n\n\n\n<p>En el evento, la marca reafirm\u00f3 que la experiencia del cliente es el centro de su<\/p>\n\n\n\n<p>operaci\u00f3n. Chirey Motor M\u00e9xico mantiene:<\/p>\n\n\n\n<figure class=\"wp-block-gallery has-nested-images columns-default is-cropped wp-block-gallery-2 is-layout-flex wp-block-gallery-is-layout-flex\">\n<figure class=\"wp-block-image size-large\"><img decoding=\"async\" width=\"500\" height=\"334\" data-id=\"1084932\" src=\"https:\/\/dimensionturistica.com\/es\/wp-content\/uploads\/2025\/12\/CARRO.jpg\" alt=\"\" class=\"wp-image-1084932\" srcset=\"https:\/\/dimensionturistica.com\/es\/wp-content\/uploads\/2025\/12\/CARRO.jpg 500w, https:\/\/dimensionturistica.com\/es\/wp-content\/uploads\/2025\/12\/CARRO-300x200.jpg 300w\" sizes=\"(max-width: 500px) 100vw, 500px\" \/><\/figure>\n<\/figure>\n\n\n\n<p>\u25cf 96% de fill rate,<\/p>\n\n\n\n<p>\u25cf Tiempo promedio nacional de entrega de refacciones de 3.6 d\u00edas, incluso en<\/p>\n\n\n\n<p>ciudades remotas. Svein Azcu\u00e9, vicepresidente de operaciones de Chirey Motor M\u00e9xico, resumi\u00f3 la visi\u00f3n de la compa\u00f1\u00eda rumbo a 2026: \u201cUna marca no se mide solo por los autos que fabrica, sino por las historias que inspira.\u201d<\/p>\n\n\n\n<p>Renovaci\u00f3n total del portafolio y r\u00e9cord mundial de autonom\u00eda<\/p>\n\n\n\n<p>Durante 2025, Chirey concluy\u00f3 la renovaci\u00f3n completa de su gama en M\u00e9xico. Adem\u00e1s, uno de los modelos equipados con Chirey Super Hybrid (CSH) alcanz\u00f3 un hito hist\u00f3rico: recorrer 1,675.1 kil\u00f3metros con un solo tanque, con lo que estableci\u00f3 un nuevo r\u00e9cord de autonom\u00eda y demostr\u00f3 el avance tecnol\u00f3gico del grupo.<\/p>\n\n\n\n<p>De cara al 2026: nuevos segmentos y una pick-up para M\u00e9xico<\/p>\n\n\n\n<p>La marca confirm\u00f3 que 2026 ser\u00e1 un a\u00f1o clave gracias a una ofensiva de producto sin precedentes. Entre los anuncios destacan:<\/p>\n\n\n\n<p>\u25cf HIMLA: la primera pick-up de Chirey en el pa\u00eds<\/p>\n\n\n\n<p>HIMLA abrir\u00e1 un nuevo segmento de la marca en M\u00e9xico, y llegar\u00e1 equipada con capacidades todoterreno y soluciones enfocadas en versatilidad.<\/p>\n\n\n\n<p>\u25cf OMODA C5 SHS-H<\/p>\n\n\n\n<p>La nueva variante s\u00faper h\u00edbrida de la OMODA C5 formar\u00e1 parte de la siguiente generaci\u00f3n de h\u00edbridos del grupo.<\/p>\n\n\n\n<p>Cierre de a\u00f1o mirando hacia adelante<\/p>\n\n\n\n<p>Para Chirey, OMODA y JAECOO, 2025 represent\u00f3 un periodo de transformaci\u00f3n interna y crecimiento estrat\u00e9gico.<\/p>\n\n\n\n<p>Con una red m\u00e1s robusta, un portafolio renovado y una estrategia clara para 2026, la marca se prepara para fortalecer su presencia en el mercado mexicano y seguir construyendo una oferta de movilidad accesible, eficiente y tecnol\u00f3gicamente avanzada, mientras avanza en colaboraciones con instituciones como UNICEF, ampliando su impacto no solo a nivel nacional, sino tambi\u00e9n en el \u00e1mbito global.<\/p>\n\n\n\n<p>Conoce m\u00e1s de Chirey, OMODA I JAECOO en nuestras cuentas oficiales:<\/p>\n\n\n\n<p>Facebook: OMODA JAECOO I CHIREY<\/p>\n\n\n\n<p>Instagram: OMODA JAECOO I CHIREY<\/p>\n\n\n\n<p>TikTok: OMODA JAECOO I CHIREY<\/p>\n","protected":false},"excerpt":{"rendered":"<p>Chirey Motor M\u00e9xico (conformado por sus marcas Chirey, OMODA y JAECOO) celebr\u00f3 su evento de fin de a\u00f1o, en el que comparti\u00f3 los resultados alcanzados durante 2025 y adelant\u00f3 los planes que marcar\u00e1n su estrategia en 2026. Con una ruta definida sobre tres pilares \u2014distribuidores, postventa y producto\u2014, la marca asegur\u00f3 que la consolidaci\u00f3n de [&hellip;]<\/p>\n","protected":false},"author":1,"featured_media":0,"comment_status":"open","ping_status":"closed","sticky":false,"template":"","format":"standard","meta":{"om_disable_all_campaigns":false,"jnews-multi-image_gallery":[],"jnews_single_post":[],"jnews_primary_category":[],"jnews_social_meta":[],"footnotes":""},"categories":[40],"tags":[],"class_list":["post-1084930","post","type-post","status-publish","format-standard","hentry","category-industria"],"_links":{"self":[{"href":"https:\/\/dimensionturistica.com\/es\/wp-json\/wp\/v2\/posts\/1084930","targetHints":{"allow":["GET"]}}],"collection":[{"href":"https:\/\/dimensionturistica.com\/es\/wp-json\/wp\/v2\/posts"}],"about":[{"href":"https:\/\/dimensionturistica.com\/es\/wp-json\/wp\/v2\/types\/post"}],"author":[{"embeddable":true,"href":"https:\/\/dimensionturistica.com\/es\/wp-json\/wp\/v2\/users\/1"}],"replies":[{"embeddable":true,"href":"https:\/\/dimensionturistica.com\/es\/wp-json\/wp\/v2\/comments?post=1084930"}],"version-history":[{"count":1,"href":"https:\/\/dimensionturistica.com\/es\/wp-json\/wp\/v2\/posts\/1084930\/revisions"}],"predecessor-version":[{"id":1084933,"href":"https:\/\/dimensionturistica.com\/es\/wp-json\/wp\/v2\/posts\/1084930\/revisions\/1084933"}],"wp:attachment":[{"href":"https:\/\/dimensionturistica.com\/es\/wp-json\/wp\/v2\/media?parent=1084930"}],"wp:term":[{"taxonomy":"category","embeddable":true,"href":"https:\/\/dimensionturistica.com\/es\/wp-json\/wp\/v2\/categories?post=1084930"},{"taxonomy":"post_tag","embeddable":true,"href":"https:\/\/dimensionturistica.com\/es\/wp-json\/wp\/v2\/tags?post=1084930"}],"curies":[{"name":"wp","href":"https:\/\/api.w.org\/{rel}","templated":true}]}}