{"id":1084805,"date":"2025-12-12T10:59:41","date_gmt":"2025-12-12T10:59:41","guid":{"rendered":"https:\/\/dimensionturistica.com\/es\/?p=1084805"},"modified":"2025-12-12T10:59:41","modified_gmt":"2025-12-12T10:59:41","slug":"deslumbrantes-luces-del-norte-en-un-paisaje-cubierto-de-nieve","status":"publish","type":"post","link":"https:\/\/dimensionturistica.com\/es\/deslumbrantes-luces-del-norte-en-un-paisaje-cubierto-de-nieve\/","title":{"rendered":"Deslumbrantes luces del norte en un paisaje cubierto de nieve"},"content":{"rendered":"<h3>Viaje en el \u00c9xtasis Invernal: Un Paseo en Tren por el \u00c1rtico Europeo<\/h3>\n<p>Cuando la Navidad se asoma en el horizonte, una magia especial cubre las tierras del norte de Europa. Entre la nieve que cubre paisajes fascinantes y el brillo de las luces que adornan cada rinc\u00f3n, surge una experiencia \u00fanica que promete dejar una huella imborrable en la memoria de quienes se atrevan a emprenderla: un viaje en tren por el \u00c1rtico.<\/p>\n<p>Imagina abordar un tren que serpentea a trav\u00e9s de paisajes dignos de un cuento de hadas, envuelto en un abrigo de nieve y rodeado de una naturaleza pr\u00edstina. Este no es un viaje ordinario; es una excursi\u00f3n en la que cada kil\u00f3metro recorre un territorio lleno de historia, cultura y vistas que desaf\u00edan la imaginaci\u00f3n. Desde el bullicioso inicio en una de las ciudades costeras hasta el coraz\u00f3n del invierno \u00e1rtico, el recorrido est\u00e1 dise\u00f1ado para deleitar todos los sentidos.<\/p>\n<h3>Un Viaje Sensorial<\/h3>\n<p>Desde el momento en que las puertas del tren se cierran y los motores empiezan a ronronear, los pasajeros son recibidos por una atm\u00f3sfera c\u00e1lida y acogedora. El suave clamor de la m\u00e1quina es acompa\u00f1ado por el aroma reconfortante de un chocolate caliente, listo para combatir el fr\u00edo que flota en el aire exterior. A medida que el tren avanza, la belleza del paisaje se despliega a trav\u00e9s de grandes ventanales, mostrando una sinfon\u00eda de tonos blancos y azules que parecen sacados de un cuadro de invierno.<\/p>\n<p>Durante el trayecto, cada parada ofrece la oportunidad de sumergirse en la cultura local. Los pasajeros pueden explorar mercados navide\u00f1os que rebosan de artesan\u00eda, donde los creadores locales exhiben sus obras. Imagina probar la gastronom\u00eda t\u00edpica mientras est\u00e1s rodeado de genuinos habitantes que cuentan leyendas sobre su tierra, sumergi\u00e9ndote as\u00ed en una experiencia que trasciende lo tur\u00edstico.<\/p>\n<h3>Bailando con las Auroras Boreales<\/h3>\n<p>Al caer la noche, el verdadero espect\u00e1culo comienza. El tren se convierte en una plataforma privilegiada para observar uno de los fen\u00f3menos naturales m\u00e1s asombrosos: la aurora boreal. En un claro en la nieve, lejos de las luces de la ciudad, los viajeros pueden deleitarse con el espect\u00e1culo c\u00f3smico que danzan en el cielo, creando un lienzo brillante que cambia de color y forma. Este momento, que parece sacado de un sue\u00f1o, queda grabado en el coraz\u00f3n para siempre.<\/p>\n<h3>Festival del Invierno y M\u00e1s All\u00e1<\/h3>\n<p>A medida que la Navidad se acerca, las ciudades por las que pasa el tren se llenan de celebraciones. Desde conciertos al aire libre hasta festivales que ponen de manifiesto las tradiciones n\u00f3rdicas, cada parada es una oportunidad para disfrutar del esp\u00edritu festivo que inunda el aire. Las luces titilantes y el canto de villancicos acompa\u00f1an a quienes buscan sumergirse por completo en la experiencia festiva.<\/p>\n<h3>Planifica Tu Aventura \u00c1rtica<\/h3>\n<p>Para quienes ans\u00edan escapar del bullicio diario y buscar una experiencia significativa, el tren por el \u00c1rtico europeo se presenta como una opci\u00f3n ideal. Con diferentes itinerarios que abarcan desde viajes cortos a escapadas m\u00e1s prolongadas, hay m\u00faltiples oportunidades para elegir la aventura perfecta. Recorrer los paisajes de invierno, conocer a sus gentes y compartir momentos m\u00e1gicos en un entorno id\u00edlico nunca fue tan accesible.<\/p>\n<p>Si este invierno buscas un viaje que eleve tus expectativas, considera subir a bordo de este tren que recorre el coraz\u00f3n del \u00c1rtico. A trav\u00e9s de los ventanales, no solo ver\u00e1s el paisaje; sentir\u00e1s la esencia pura de un mundo encantado, donde cada instante est\u00e1 dise\u00f1ado para celebrar la belleza, la vida y, sobre todo, la magia de la Navidad en el norte de Europa.<\/p>\n<p><em> &#8221; Fuentes www.elconfidencial.com &#8221; <\/em><\/p>\n","protected":false},"excerpt":{"rendered":"<p>Viaje en el \u00c9xtasis Invernal: Un Paseo en Tren por el \u00c1rtico Europeo Cuando la Navidad se asoma en el horizonte, una magia especial cubre las tierras del norte de Europa. Entre la nieve que cubre paisajes fascinantes y el brillo de las luces que adornan cada rinc\u00f3n, surge una experiencia \u00fanica que promete dejar [&hellip;]<\/p>\n","protected":false},"author":4,"featured_media":1084806,"comment_status":"open","ping_status":"closed","sticky":false,"template":"","format":"standard","meta":{"om_disable_all_campaigns":false,"jnews-multi-image_gallery":[],"jnews_single_post":[],"jnews_primary_category":[],"jnews_social_meta":[],"footnotes":""},"categories":[39],"tags":[12112,13687,82144,2486,10932,6209,5713,2189,126290,545],"class_list":["post-1084805","post","type-post","status-publish","format-standard","has-post-thumbnail","hentry","category-viajes","tag-auroras-boreales","tag-aventura","tag-belleza-natural","tag-clima","tag-fenomenos-naturales","tag-fotografia","tag-invierno","tag-naturaleza","tag-paisajes-nevados","tag-viajes"],"_links":{"self":[{"href":"https:\/\/dimensionturistica.com\/es\/wp-json\/wp\/v2\/posts\/1084805","targetHints":{"allow":["GET"]}}],"collection":[{"href":"https:\/\/dimensionturistica.com\/es\/wp-json\/wp\/v2\/posts"}],"about":[{"href":"https:\/\/dimensionturistica.com\/es\/wp-json\/wp\/v2\/types\/post"}],"author":[{"embeddable":true,"href":"https:\/\/dimensionturistica.com\/es\/wp-json\/wp\/v2\/users\/4"}],"replies":[{"embeddable":true,"href":"https:\/\/dimensionturistica.com\/es\/wp-json\/wp\/v2\/comments?post=1084805"}],"version-history":[{"count":1,"href":"https:\/\/dimensionturistica.com\/es\/wp-json\/wp\/v2\/posts\/1084805\/revisions"}],"predecessor-version":[{"id":1084807,"href":"https:\/\/dimensionturistica.com\/es\/wp-json\/wp\/v2\/posts\/1084805\/revisions\/1084807"}],"wp:featuredmedia":[{"embeddable":true,"href":"https:\/\/dimensionturistica.com\/es\/wp-json\/wp\/v2\/media\/1084806"}],"wp:attachment":[{"href":"https:\/\/dimensionturistica.com\/es\/wp-json\/wp\/v2\/media?parent=1084805"}],"wp:term":[{"taxonomy":"category","embeddable":true,"href":"https:\/\/dimensionturistica.com\/es\/wp-json\/wp\/v2\/categories?post=1084805"},{"taxonomy":"post_tag","embeddable":true,"href":"https:\/\/dimensionturistica.com\/es\/wp-json\/wp\/v2\/tags?post=1084805"}],"curies":[{"name":"wp","href":"https:\/\/api.w.org\/{rel}","templated":true}]}}