{"id":1084504,"date":"2025-12-11T23:26:59","date_gmt":"2025-12-11T23:26:59","guid":{"rendered":"https:\/\/dimensionturistica.com\/es\/?p=1084504"},"modified":"2025-12-11T23:26:59","modified_gmt":"2025-12-11T23:26:59","slug":"como-afrontar-las-fiestas-navidenas-en-ausencia-de-tu-mascota","status":"publish","type":"post","link":"https:\/\/dimensionturistica.com\/es\/como-afrontar-las-fiestas-navidenas-en-ausencia-de-tu-mascota\/","title":{"rendered":"Como afrontar las fiestas navide\u00f1as en ausencia de tu mascota\u00a0\u00a0\u00a0\u00a0\u00a0\u00a0\u00a0\u00a0\u00a0\u00a0"},"content":{"rendered":"\n<p><\/p>\n\n\n\n<figure class=\"wp-block-gallery has-nested-images columns-default is-cropped wp-block-gallery-1 is-layout-flex wp-block-gallery-is-layout-flex\">\n<figure class=\"wp-block-image size-large\"><img decoding=\"async\" width=\"500\" height=\"223\" data-id=\"1084506\" src=\"https:\/\/dimensionturistica.com\/es\/wp-content\/uploads\/2025\/12\/1BYE.jpg\" alt=\"\" class=\"wp-image-1084506\" srcset=\"https:\/\/dimensionturistica.com\/es\/wp-content\/uploads\/2025\/12\/1BYE.jpg 500w, https:\/\/dimensionturistica.com\/es\/wp-content\/uploads\/2025\/12\/1BYE-300x134.jpg 300w\" sizes=\"(max-width: 500px) 100vw, 500px\" \/><\/figure>\n<\/figure>\n\n\n\n<p>Estas fiestas decembrinas no ser\u00e1n iguales para muchas familias. La ausencia de una mascota deja un silencio profundo y costumbres que ya no suceder\u00e1n. Para transitar este momento, Bye Bye Friend, el primer Santuario Funerario para Mascotas, acompa\u00f1a a quienes enfrentan la ausencia de ese compa\u00f1ero, invitando a honrar su memoria.<\/p>\n\n\n\n<p>Las celebraciones de fin de a\u00f1o, son la oportunidad de estar en familia. Para aquellos que perdieron recientemente a su mascota, puede convertirse en un momento de profunda nostalgia. La ausencia de ruido en el pasillo donde antes se escuchaban patitas, el espacio donde sol\u00edan descansar o la tradici\u00f3n de abrir regalos con ellos, se siente diferente. Sin embargo, el amor que se construy\u00f3 prevalece. No se trata de olvidar, sino de aprender a recordar sin que duela tanto.<\/p>\n\n\n\n<figure class=\"wp-block-gallery has-nested-images columns-default is-cropped wp-block-gallery-2 is-layout-flex wp-block-gallery-is-layout-flex\">\n<figure class=\"wp-block-image size-large\"><img decoding=\"async\" width=\"500\" height=\"685\" data-id=\"1084507\" src=\"https:\/\/dimensionturistica.com\/es\/wp-content\/uploads\/2025\/12\/2BYE.jpg\" alt=\"\" class=\"wp-image-1084507\" srcset=\"https:\/\/dimensionturistica.com\/es\/wp-content\/uploads\/2025\/12\/2BYE.jpg 500w, https:\/\/dimensionturistica.com\/es\/wp-content\/uploads\/2025\/12\/2BYE-219x300.jpg 219w\" sizes=\"(max-width: 500px) 100vw, 500px\" \/><\/figure>\n<\/figure>\n\n\n\n<p>Ana Febles, psic\u00f3loga y tanat\u00f3loga especialista en duelo animal explica que \u201cpese al dolor, recordar es tambi\u00e9n la forma m\u00e1s poderosa de permanecer. Las mascotas forman v\u00ednculos reales con nosotros, y despedirlas duele. Reconocerlo no es debilidad, es humanidad. Por ello, en compa\u00f1\u00eda de nuestras familias podemos crear peque\u00f1as ceremonias que ayuden a dar sentido a la ausencia. Encender una vela, poner una foto cerca del \u00e1rbol o escribir una carta, son actos sencillos que nos permiten agradecer. No buscamos revivir el dolor, sino honrar su compa\u00f1\u00eda.\u201d<\/p>\n\n\n\n<p>Recordar es el puente m\u00e1s noble entre el dolor y la gratitud. La memoria es una forma de amor, y para ello podemos realizar diferentes acciones que nos permitan honrar su vida, como colocar su collar en un sitio especial o contar an\u00e9cdotas en familia.<\/p>\n\n\n\n<p>Para honrar su amor incondicional, Bye Bye Friend integr\u00f3 la experiencia del \u00daltimo Viaje de la mano de tanat\u00f3logos especializados para ayudar a cerrar la conexi\u00f3n emocional con ellos. A trav\u00e9s de la Carta del Coraz\u00f3n que se deposita en el \u00c1rbol de los Guardianes.&nbsp;<\/p>\n\n\n\n<figure class=\"wp-block-gallery has-nested-images columns-default is-cropped wp-block-gallery-3 is-layout-flex wp-block-gallery-is-layout-flex\">\n<figure class=\"wp-block-image size-large\"><img decoding=\"async\" width=\"500\" height=\"685\" data-id=\"1084508\" src=\"https:\/\/dimensionturistica.com\/es\/wp-content\/uploads\/2025\/12\/3BYE.jpg\" alt=\"\" class=\"wp-image-1084508\" srcset=\"https:\/\/dimensionturistica.com\/es\/wp-content\/uploads\/2025\/12\/3BYE.jpg 500w, https:\/\/dimensionturistica.com\/es\/wp-content\/uploads\/2025\/12\/3BYE-219x300.jpg 219w\" sizes=\"(max-width: 500px) 100vw, 500px\" \/><\/figure>\n<\/figure>\n\n\n\n<p>\u201cDesde la tanatolog\u00eda se sabe que prepararse ayuda a disminuir el dolor posterior. En el caso de las mascotas, no es diferente. Planear su despedida tambi\u00e9n es un acto de amor. Hacerlo con anticipaci\u00f3n reduce la angustia y la urgencia. Ocuparnos de este tema de manera anticipada no es frialdad, es responsabilidad y amor\u201d destaca Ana Febles.<\/p>\n\n\n\n<figure class=\"wp-block-gallery has-nested-images columns-default is-cropped wp-block-gallery-4 is-layout-flex wp-block-gallery-is-layout-flex\">\n<figure class=\"wp-block-image size-large\"><img decoding=\"async\" width=\"500\" height=\"324\" data-id=\"1084509\" src=\"https:\/\/dimensionturistica.com\/es\/wp-content\/uploads\/2025\/12\/4BYE.jpg\" alt=\"\" class=\"wp-image-1084509\" srcset=\"https:\/\/dimensionturistica.com\/es\/wp-content\/uploads\/2025\/12\/4BYE.jpg 500w, https:\/\/dimensionturistica.com\/es\/wp-content\/uploads\/2025\/12\/4BYE-300x194.jpg 300w\" sizes=\"(max-width: 500px) 100vw, 500px\" \/><\/figure>\n<\/figure>\n\n\n\n<p>Esta temporada decembrina, suele destacar lo que nos falta: un sonido, un olor, un paseo. Para muchos tutores, es la primera temporada sin compa\u00f1\u00eda en la ma\u00f1ana del 25 de diciembre y el inicio del a\u00f1o nuevo. Ante ello es importante reconocer que el amor contin\u00faa de otras formas: manteniendo viva su memoria, reconociendo su impacto positivo en nuestras vidas y en la calma de haberlo cuidado hasta el final. Una mascota no muere cuando deja de respirar, muere cuando dejamos de recordarla, por eso, su huella es para siempre.<\/p>\n","protected":false},"excerpt":{"rendered":"<p>Estas fiestas decembrinas no ser\u00e1n iguales para muchas familias. La ausencia de una mascota deja un silencio profundo y costumbres que ya no suceder\u00e1n. Para transitar este momento, Bye Bye Friend, el primer Santuario Funerario para Mascotas, acompa\u00f1a a quienes enfrentan la ausencia de ese compa\u00f1ero, invitando a honrar su memoria. Las celebraciones de fin [&hellip;]<\/p>\n","protected":false},"author":1,"featured_media":0,"comment_status":"open","ping_status":"closed","sticky":false,"template":"","format":"standard","meta":{"om_disable_all_campaigns":false,"jnews-multi-image_gallery":[],"jnews_single_post":[],"jnews_primary_category":[],"jnews_social_meta":[],"footnotes":""},"categories":[40],"tags":[],"class_list":["post-1084504","post","type-post","status-publish","format-standard","hentry","category-industria"],"_links":{"self":[{"href":"https:\/\/dimensionturistica.com\/es\/wp-json\/wp\/v2\/posts\/1084504","targetHints":{"allow":["GET"]}}],"collection":[{"href":"https:\/\/dimensionturistica.com\/es\/wp-json\/wp\/v2\/posts"}],"about":[{"href":"https:\/\/dimensionturistica.com\/es\/wp-json\/wp\/v2\/types\/post"}],"author":[{"embeddable":true,"href":"https:\/\/dimensionturistica.com\/es\/wp-json\/wp\/v2\/users\/1"}],"replies":[{"embeddable":true,"href":"https:\/\/dimensionturistica.com\/es\/wp-json\/wp\/v2\/comments?post=1084504"}],"version-history":[{"count":1,"href":"https:\/\/dimensionturistica.com\/es\/wp-json\/wp\/v2\/posts\/1084504\/revisions"}],"predecessor-version":[{"id":1084510,"href":"https:\/\/dimensionturistica.com\/es\/wp-json\/wp\/v2\/posts\/1084504\/revisions\/1084510"}],"wp:attachment":[{"href":"https:\/\/dimensionturistica.com\/es\/wp-json\/wp\/v2\/media?parent=1084504"}],"wp:term":[{"taxonomy":"category","embeddable":true,"href":"https:\/\/dimensionturistica.com\/es\/wp-json\/wp\/v2\/categories?post=1084504"},{"taxonomy":"post_tag","embeddable":true,"href":"https:\/\/dimensionturistica.com\/es\/wp-json\/wp\/v2\/tags?post=1084504"}],"curies":[{"name":"wp","href":"https:\/\/api.w.org\/{rel}","templated":true}]}}