{"id":1084454,"date":"2025-12-11T22:32:58","date_gmt":"2025-12-11T22:32:58","guid":{"rendered":"https:\/\/dimensionturistica.com\/es\/?p=1084454"},"modified":"2025-12-11T22:32:58","modified_gmt":"2025-12-11T22:32:58","slug":"vive-denver-en-2026-una-ciudad-llena-de-energia-cultura-y-experiencias-durante-todo-el-ano","status":"publish","type":"post","link":"https:\/\/dimensionturistica.com\/es\/vive-denver-en-2026-una-ciudad-llena-de-energia-cultura-y-experiencias-durante-todo-el-ano\/","title":{"rendered":"Vive Denver en 2026, una ciudad llena de energ\u00eda, cultura y experiencias durante todo el a\u00f1o"},"content":{"rendered":"\n<figure class=\"wp-block-gallery has-nested-images columns-default is-cropped wp-block-gallery-1 is-layout-flex wp-block-gallery-is-layout-flex\">\n<figure class=\"wp-block-image size-large\"><img decoding=\"async\" width=\"500\" height=\"355\" data-id=\"1084455\" src=\"https:\/\/dimensionturistica.com\/es\/wp-content\/uploads\/2025\/12\/1DENVER.jpg\" alt=\"\" class=\"wp-image-1084455\" srcset=\"https:\/\/dimensionturistica.com\/es\/wp-content\/uploads\/2025\/12\/1DENVER.jpg 500w, https:\/\/dimensionturistica.com\/es\/wp-content\/uploads\/2025\/12\/1DENVER-300x213.jpg 300w, https:\/\/dimensionturistica.com\/es\/wp-content\/uploads\/2025\/12\/1DENVER-120x86.jpg 120w, https:\/\/dimensionturistica.com\/es\/wp-content\/uploads\/2025\/12\/1DENVER-350x250.jpg 350w\" sizes=\"(max-width: 500px) 100vw, 500px\" \/><\/figure>\n<\/figure>\n\n\n\n<p>Denver es de esos destinos que sorprenden cada vez que lo visitas. Su mezcla de vida urbana relajada, naturaleza cercana, gastronom\u00eda diversa y una agenda constante de festivales y celebraciones hace que 2026 sea un a\u00f1o especialmente atractivo para disfrutar la Ciudad a Una Milla de Altura. No importa la estaci\u00f3n: siempre hay algo nuevo por descubrir, ya sea una tradici\u00f3n centenaria, un concierto al aire libre, un festival gastron\u00f3mico o una experiencia cultural que solo puede vivirse aqu\u00ed.<\/p>\n\n\n\n<figure class=\"wp-block-gallery has-nested-images columns-default is-cropped wp-block-gallery-2 is-layout-flex wp-block-gallery-is-layout-flex\">\n<figure class=\"wp-block-image size-large\"><img decoding=\"async\" width=\"500\" height=\"344\" data-id=\"1084456\" src=\"https:\/\/dimensionturistica.com\/es\/wp-content\/uploads\/2025\/12\/11DENVER.jpg\" alt=\"\" class=\"wp-image-1084456\" srcset=\"https:\/\/dimensionturistica.com\/es\/wp-content\/uploads\/2025\/12\/11DENVER.jpg 500w, https:\/\/dimensionturistica.com\/es\/wp-content\/uploads\/2025\/12\/11DENVER-300x206.jpg 300w\" sizes=\"(max-width: 500px) 100vw, 500px\" \/><\/figure>\n<\/figure>\n\n\n\n<p>El a\u00f1o comienza con uno de los encuentros m\u00e1s queridos por locales y visitantes: el National Western Stock Show &amp; Rodeo, del 10 al 25 de enero. Es la oportunidad perfecta para vivir de cerca la herencia del Oeste entre rodeos, exhibiciones ganaderas y espect\u00e1culos ecuestres que llenan la ciudad de historia y orgullo. En esos primeros d\u00edas de enero tambi\u00e9n se puede disfrutar el cierre de Blossoms of Light, cuando algunos espacios de la ciudad siguen ilumin\u00e1ndose con el encanto invernal que caracteriza esta temporada.&nbsp;&nbsp;&nbsp;&nbsp;&nbsp;&nbsp;&nbsp;&nbsp;&nbsp;&nbsp;&nbsp;&nbsp;&nbsp;&nbsp;&nbsp;&nbsp;&nbsp;&nbsp;&nbsp;&nbsp;&nbsp;&nbsp;&nbsp;&nbsp;&nbsp;&nbsp;&nbsp;&nbsp;&nbsp;&nbsp;&nbsp;&nbsp;&nbsp;&nbsp;&nbsp;&nbsp;&nbsp;&nbsp;&nbsp;&nbsp;&nbsp;&nbsp;&nbsp;&nbsp;&nbsp;&nbsp;&nbsp;&nbsp;&nbsp;&nbsp;&nbsp;&nbsp;&nbsp;&nbsp;&nbsp;&nbsp;&nbsp;&nbsp;&nbsp;&nbsp;&nbsp;&nbsp;&nbsp;&nbsp;&nbsp;&nbsp;&nbsp;&nbsp;&nbsp;&nbsp;&nbsp;&nbsp;&nbsp;&nbsp;&nbsp;&nbsp;&nbsp;&nbsp;&nbsp;&nbsp;&nbsp;&nbsp;&nbsp;&nbsp;&nbsp;&nbsp;&nbsp;&nbsp;&nbsp;&nbsp;&nbsp;&nbsp;&nbsp;&nbsp;&nbsp;&nbsp;&nbsp;&nbsp;&nbsp;&nbsp;&nbsp;&nbsp;&nbsp;&nbsp;&nbsp;&nbsp;&nbsp;&nbsp;&nbsp;&nbsp;&nbsp;&nbsp;&nbsp;&nbsp;&nbsp;&nbsp;&nbsp;&nbsp;&nbsp;&nbsp;&nbsp;&nbsp;&nbsp;&nbsp;&nbsp;&nbsp;&nbsp;&nbsp;&nbsp;&nbsp;<\/p>\n\n\n\n<figure class=\"wp-block-gallery has-nested-images columns-default is-cropped wp-block-gallery-3 is-layout-flex wp-block-gallery-is-layout-flex\">\n<figure class=\"wp-block-image size-large\"><img decoding=\"async\" width=\"500\" height=\"281\" data-id=\"1084457\" src=\"https:\/\/dimensionturistica.com\/es\/wp-content\/uploads\/2025\/12\/45DENVER.jpg\" alt=\"\" class=\"wp-image-1084457\" srcset=\"https:\/\/dimensionturistica.com\/es\/wp-content\/uploads\/2025\/12\/45DENVER.jpg 500w, https:\/\/dimensionturistica.com\/es\/wp-content\/uploads\/2025\/12\/45DENVER-300x169.jpg 300w\" sizes=\"(max-width: 500px) 100vw, 500px\" \/><figcaption class=\"wp-element-caption\">default<\/figcaption><\/figure>\n<\/figure>\n\n\n\n<p>En febrero, Denver ofrece dos experiencias \u00fanicas que celebran m\u00fasica, cultura y comunidad. Por un lado, llega Icelantic\u2019s Winter on the Rocks, un concierto especial en Red Rocks donde la m\u00fasica y el invierno se combinan en un ambiente espectacular entre formaciones rocosas, nieve y luces. Es uno de los eventos m\u00e1s esperados del invierno en Colorado, perfecto para quienes buscan una presentaci\u00f3n memorable en uno de los escenarios naturales m\u00e1s ic\u00f3nicos del mundo.<\/p>\n\n\n\n<figure class=\"wp-block-gallery has-nested-images columns-default is-cropped wp-block-gallery-4 is-layout-flex wp-block-gallery-is-layout-flex\">\n<figure class=\"wp-block-image size-large\"><img decoding=\"async\" width=\"500\" height=\"333\" data-id=\"1084458\" src=\"https:\/\/dimensionturistica.com\/es\/wp-content\/uploads\/2025\/12\/23DENVER.jpg\" alt=\"\" class=\"wp-image-1084458\" srcset=\"https:\/\/dimensionturistica.com\/es\/wp-content\/uploads\/2025\/12\/23DENVER.jpg 500w, https:\/\/dimensionturistica.com\/es\/wp-content\/uploads\/2025\/12\/23DENVER-300x200.jpg 300w\" sizes=\"(max-width: 500px) 100vw, 500px\" \/><\/figure>\n<\/figure>\n\n\n\n<p>A partir de ah\u00ed, la energ\u00eda contin\u00faa con Jazz Roots in Five Points, que se celebrar\u00e1 los s\u00e1bados 14 y 21 de febrero como parte del Black History Month. El hist\u00f3rico barrio de Five Points se llena de jazz, soul, arte, sabores locales y una celebraci\u00f3n aut\u00e9ntica de la identidad cultural afroamericana, convirtiendo estas fechas en una oportunidad especial para conectar con la historia y la creatividad del vecindario.<\/p>\n\n\n\n<figure class=\"wp-block-gallery has-nested-images columns-default is-cropped wp-block-gallery-5 is-layout-flex wp-block-gallery-is-layout-flex\">\n<figure class=\"wp-block-image size-large\"><img decoding=\"async\" width=\"500\" height=\"333\" data-id=\"1084459\" src=\"https:\/\/dimensionturistica.com\/es\/wp-content\/uploads\/2025\/12\/2DENVER.jpg\" alt=\"\" class=\"wp-image-1084459\" srcset=\"https:\/\/dimensionturistica.com\/es\/wp-content\/uploads\/2025\/12\/2DENVER.jpg 500w, https:\/\/dimensionturistica.com\/es\/wp-content\/uploads\/2025\/12\/2DENVER-300x200.jpg 300w\" sizes=\"(max-width: 500px) 100vw, 500px\" \/><\/figure>\n<\/figure>\n\n\n\n<p>En marzo, el ambiente se llena de aromas y sabores gracias a Denver Restaurant Week, del 6 al 15, un momento ideal para probar algunos de los men\u00fas m\u00e1s especiales de la ciudad. M\u00e1s adelante, del 20 al 22 de marzo, llega Denver March Powwow, una celebraci\u00f3n profundamente emotiva que re\u00fane m\u00fasica, danza y tradiciones de comunidades nativas americanas. Para quienes aman las experiencias culturales que conectan con el coraz\u00f3n, este es un evento imprescindible.<\/p>\n\n\n\n<figure class=\"wp-block-gallery has-nested-images columns-default is-cropped wp-block-gallery-6 is-layout-flex wp-block-gallery-is-layout-flex\">\n<figure class=\"wp-block-image size-large\"><img decoding=\"async\" width=\"500\" height=\"333\" data-id=\"1084460\" src=\"https:\/\/dimensionturistica.com\/es\/wp-content\/uploads\/2025\/12\/3DENVER.jpg\" alt=\"\" class=\"wp-image-1084460\" srcset=\"https:\/\/dimensionturistica.com\/es\/wp-content\/uploads\/2025\/12\/3DENVER.jpg 500w, https:\/\/dimensionturistica.com\/es\/wp-content\/uploads\/2025\/12\/3DENVER-300x200.jpg 300w\" sizes=\"(max-width: 500px) 100vw, 500px\" \/><\/figure>\n<\/figure>\n\n\n\n<p>La primavera despega con toda la vibra deportiva del Colorado Rockies Home Opener, el 3 de abril, cuando inicia la temporada de b\u00e9isbol en un ambiente festivo que contagia a toda la ciudad. Unos d\u00edas despu\u00e9s, del 9 al 12 de abril, el Denver Jazz Festival re\u00fane talento local e internacional con presentaciones que llenan distintos recintos de m\u00fasica y emoci\u00f3n. Y antes de cerrar el mes, del 26 de abril al 3 de mayo, llega Mile High Asian Food Week, una semana que celebra la diversidad culinaria asi\u00e1tica con men\u00fas especiales, degustaciones y propuestas aut\u00e9nticas que conquistan a los foodies.<\/p>\n\n\n\n<figure class=\"wp-block-gallery has-nested-images columns-default is-cropped wp-block-gallery-7 is-layout-flex wp-block-gallery-is-layout-flex\">\n<figure class=\"wp-block-image size-large\"><img decoding=\"async\" width=\"500\" height=\"372\" data-id=\"1084461\" src=\"https:\/\/dimensionturistica.com\/es\/wp-content\/uploads\/2025\/12\/33DENVER.jpg\" alt=\"\" class=\"wp-image-1084461\" srcset=\"https:\/\/dimensionturistica.com\/es\/wp-content\/uploads\/2025\/12\/33DENVER.jpg 500w, https:\/\/dimensionturistica.com\/es\/wp-content\/uploads\/2025\/12\/33DENVER-300x223.jpg 300w\" sizes=\"(max-width: 500px) 100vw, 500px\" \/><figcaption class=\"wp-element-caption\">DENVER, CO &#8211; MAY 15: Runners take off after the countdown at the start of the 11th annual Colfax Marathon that started and finished in City Park on May 15, 2016 in Denver, Colorado.  Thousands of runners took part in the annual springtime race which included a marathon, a marathon relay,  a half marathon and the urban 10 miler.  (Photo by Helen H. Richardson\/The Denver Post)<\/figcaption><\/figure>\n<\/figure>\n\n\n\n<p>Mayo avanza con uno de los maratones m\u00e1s emblem\u00e1ticos de Colorado: el Denver Colfax Marathon, del 16 al 17, un recorrido que combina calles, parques, r\u00edos y la belleza natural que rodea la ciudad. A finales del mes, del 28 al 31, se celebra Outside Days, un festival que abraza el estilo de vida al aire libre con m\u00fasica, cine de aventura, actividades y experiencias pensadas para quienes aman conectar con la naturaleza.<\/p>\n\n\n\n<figure class=\"wp-block-gallery has-nested-images columns-default is-cropped wp-block-gallery-8 is-layout-flex wp-block-gallery-is-layout-flex\">\n<figure class=\"wp-block-image size-large\"><img decoding=\"async\" width=\"500\" height=\"333\" data-id=\"1084462\" src=\"https:\/\/dimensionturistica.com\/es\/wp-content\/uploads\/2025\/12\/33ZDENVER.jpg\" alt=\"\" class=\"wp-image-1084462\" srcset=\"https:\/\/dimensionturistica.com\/es\/wp-content\/uploads\/2025\/12\/33ZDENVER.jpg 500w, https:\/\/dimensionturistica.com\/es\/wp-content\/uploads\/2025\/12\/33ZDENVER-300x200.jpg 300w\" sizes=\"(max-width: 500px) 100vw, 500px\" \/><figcaption class=\"wp-element-caption\">July 24, 2018 &#8211; The Colorado Rockies take on the Houston Astros at Coors Field. (Photo by Kyle Cooper)<\/figcaption><\/figure>\n<\/figure>\n\n\n\n<p>El verano convierte a Denver en un gran escenario al aire libre. Conciertos en Red Rocks Amphitheatre, festivales en parques, mercados locales y eventos comunitarios llenan la temporada de d\u00edas soleados, atardeceres espectaculares y un ambiente vibrante que se disfruta desde la ma\u00f1ana hasta la noche.<\/p>\n\n\n\n<figure class=\"wp-block-gallery has-nested-images columns-default is-cropped wp-block-gallery-9 is-layout-flex wp-block-gallery-is-layout-flex\">\n<figure class=\"wp-block-image size-large\"><img decoding=\"async\" width=\"500\" height=\"333\" data-id=\"1084463\" src=\"https:\/\/dimensionturistica.com\/es\/wp-content\/uploads\/2025\/12\/12DENVER.jpg\" alt=\"\" class=\"wp-image-1084463\" srcset=\"https:\/\/dimensionturistica.com\/es\/wp-content\/uploads\/2025\/12\/12DENVER.jpg 500w, https:\/\/dimensionturistica.com\/es\/wp-content\/uploads\/2025\/12\/12DENVER-300x200.jpg 300w\" sizes=\"(max-width: 500px) 100vw, 500px\" \/><\/figure>\n<\/figure>\n\n\n\n<p>El oto\u00f1o llega con una mezcla irresistible de cultura y sabor. En septiembre, el Denver Food &amp; Wine Festival re\u00fane degustaciones, clases y experiencias gourmet que celebran la creatividad culinaria de la ciudad. Tambi\u00e9n destacan festivales como el Colorado Dragon Boat Festival. Octubre recibe a uno de los eventos m\u00e1s esperados: el Great American Beer Festival, del 8 al 10, una fiesta cervecera que atrae a amantes de la cerveza artesanal de todo el mundo.<\/p>\n\n\n\n<figure class=\"wp-block-gallery has-nested-images columns-default is-cropped wp-block-gallery-10 is-layout-flex wp-block-gallery-is-layout-flex\">\n<figure class=\"wp-block-image size-large\"><img decoding=\"async\" width=\"500\" height=\"333\" data-id=\"1084465\" src=\"https:\/\/dimensionturistica.com\/es\/wp-content\/uploads\/2025\/12\/8DENVER.jpg\" alt=\"\" class=\"wp-image-1084465\" srcset=\"https:\/\/dimensionturistica.com\/es\/wp-content\/uploads\/2025\/12\/8DENVER.jpg 500w, https:\/\/dimensionturistica.com\/es\/wp-content\/uploads\/2025\/12\/8DENVER-300x200.jpg 300w\" sizes=\"(max-width: 500px) 100vw, 500px\" \/><\/figure>\n<\/figure>\n\n\n\n<p>En noviembre, el arte toma la ciudad con Denver Arts Week, del 6 al 13, una semana llena de exposiciones, espect\u00e1culos, recorridos y una noche especial en la que varios museos abren sus puertas de manera gratuita. Ese mismo mes se celebra tambi\u00e9n el Denver Film Festival, una cita imperdible para los amantes del cine que buscan descubrir nuevas historias y directores emergentes.<\/p>\n\n\n\n<p>Y aunque el calendario de 2026 est\u00e1 lleno de grandes eventos, una de las mejores partes de Denver es que siempre hay algo m\u00e1s por descubrir. Conciertos, naturaleza, gastronom\u00eda, mercados, arte y actividades al aire libre llenan cada mes de experiencias que se disfrutan sin prisa y con una autenticidad que s\u00f3lo se puede vivir en la capital del estado de Colorado.<\/p>\n","protected":false},"excerpt":{"rendered":"<p>Denver es de esos destinos que sorprenden cada vez que lo visitas. Su mezcla de vida urbana relajada, naturaleza cercana, gastronom\u00eda diversa y una agenda constante de festivales y celebraciones hace que 2026 sea un a\u00f1o especialmente atractivo para disfrutar la Ciudad a Una Milla de Altura. No importa la estaci\u00f3n: siempre hay algo nuevo [&hellip;]<\/p>\n","protected":false},"author":1,"featured_media":0,"comment_status":"open","ping_status":"closed","sticky":false,"template":"","format":"standard","meta":{"om_disable_all_campaigns":false,"jnews-multi-image_gallery":[],"jnews_single_post":[],"jnews_primary_category":[],"jnews_social_meta":[],"footnotes":""},"categories":[39],"tags":[],"class_list":["post-1084454","post","type-post","status-publish","format-standard","hentry","category-viajes"],"_links":{"self":[{"href":"https:\/\/dimensionturistica.com\/es\/wp-json\/wp\/v2\/posts\/1084454","targetHints":{"allow":["GET"]}}],"collection":[{"href":"https:\/\/dimensionturistica.com\/es\/wp-json\/wp\/v2\/posts"}],"about":[{"href":"https:\/\/dimensionturistica.com\/es\/wp-json\/wp\/v2\/types\/post"}],"author":[{"embeddable":true,"href":"https:\/\/dimensionturistica.com\/es\/wp-json\/wp\/v2\/users\/1"}],"replies":[{"embeddable":true,"href":"https:\/\/dimensionturistica.com\/es\/wp-json\/wp\/v2\/comments?post=1084454"}],"version-history":[{"count":1,"href":"https:\/\/dimensionturistica.com\/es\/wp-json\/wp\/v2\/posts\/1084454\/revisions"}],"predecessor-version":[{"id":1084468,"href":"https:\/\/dimensionturistica.com\/es\/wp-json\/wp\/v2\/posts\/1084454\/revisions\/1084468"}],"wp:attachment":[{"href":"https:\/\/dimensionturistica.com\/es\/wp-json\/wp\/v2\/media?parent=1084454"}],"wp:term":[{"taxonomy":"category","embeddable":true,"href":"https:\/\/dimensionturistica.com\/es\/wp-json\/wp\/v2\/categories?post=1084454"},{"taxonomy":"post_tag","embeddable":true,"href":"https:\/\/dimensionturistica.com\/es\/wp-json\/wp\/v2\/tags?post=1084454"}],"curies":[{"name":"wp","href":"https:\/\/api.w.org\/{rel}","templated":true}]}}