{"id":1084355,"date":"2025-12-11T20:13:33","date_gmt":"2025-12-11T20:13:33","guid":{"rendered":"https:\/\/dimensionturistica.com\/es\/?p=1084355"},"modified":"2025-12-11T20:13:33","modified_gmt":"2025-12-11T20:13:33","slug":"once-fragancias-inspiradas-en-el-patrimonio","status":"publish","type":"post","link":"https:\/\/dimensionturistica.com\/es\/once-fragancias-inspiradas-en-el-patrimonio\/","title":{"rendered":"once fragancias inspiradas en el patrimonio"},"content":{"rendered":"\n<p>cultural de M\u00e9xico<\/p>\n\n\n\n<figure class=\"wp-block-gallery has-nested-images columns-default is-cropped wp-block-gallery-1 is-layout-flex wp-block-gallery-is-layout-flex\">\n<figure class=\"wp-block-image size-large\"><img decoding=\"async\" width=\"500\" height=\"506\" data-id=\"1084357\" src=\"https:\/\/dimensionturistica.com\/es\/wp-content\/uploads\/2025\/12\/1mupe.jpg\" alt=\"\" class=\"wp-image-1084357\" srcset=\"https:\/\/dimensionturistica.com\/es\/wp-content\/uploads\/2025\/12\/1mupe.jpg 500w, https:\/\/dimensionturistica.com\/es\/wp-content\/uploads\/2025\/12\/1mupe-296x300.jpg 296w, https:\/\/dimensionturistica.com\/es\/wp-content\/uploads\/2025\/12\/1mupe-75x75.jpg 75w\" sizes=\"(max-width: 500px) 100vw, 500px\" \/><\/figure>\n<\/figure>\n\n\n\n<p>Una colecci\u00f3n de perfumer\u00eda de autor creada a partir de las identidades olfativas de diez ciudades reconocidas por la UNESCO como patrimonio<\/p>\n\n\n\n<p>El Museo del Perfume presenta \u00cdCONOS, una colecci\u00f3n de perfumer\u00eda de autor integrada por once fragancias exclusivas inspiradas en la riqueza cultural, gastron\u00f3mica, hist\u00f3rica y natural de diez estados de la Rep\u00fablica Mexicana. Este proyecto fusiona investigaci\u00f3n, creatividad y memoria colectiva para ofrecer aromas que representan el territorio, la identidad y el patrimonio de M\u00e9xico.<\/p>\n\n\n\n<p>Una l\u00ednea que convierte la cultura en aroma La colecci\u00f3n \u00cdCONOS nace de la combinaci\u00f3n de elementos culturales, geogr\u00e1ficos, gastron\u00f3micos y naturales de cada regi\u00f3n. Tras un proceso de investigaci\u00f3n minuciosa y dise\u00f1o creativo, se han desarrollado fragancias que no solo destacan por su calidad y originalidad, sino que rinden homenaje a la diversidad cultural mexicana y contribuyen a su difusi\u00f3n a nivel nacional e internacional.<\/p>\n\n\n\n<p>Cada perfume est\u00e1 inspirado en un sitio declarado Patrimonio Mundial por la UNESCO, integrando ingredientes, narrativas y sensaciones caracter\u00edsticas de cada territorio.<\/p>\n\n\n\n<figure class=\"wp-block-gallery has-nested-images columns-default is-cropped wp-block-gallery-2 is-layout-flex wp-block-gallery-is-layout-flex\">\n<figure class=\"wp-block-image size-large\"><img decoding=\"async\" width=\"500\" height=\"216\" data-id=\"1084360\" src=\"https:\/\/dimensionturistica.com\/es\/wp-content\/uploads\/2025\/12\/3MUPE.jpg\" alt=\"\" class=\"wp-image-1084360\" srcset=\"https:\/\/dimensionturistica.com\/es\/wp-content\/uploads\/2025\/12\/3MUPE.jpg 500w, https:\/\/dimensionturistica.com\/es\/wp-content\/uploads\/2025\/12\/3MUPE-300x130.jpg 300w\" sizes=\"(max-width: 500px) 100vw, 500px\" \/><\/figure>\n<\/figure>\n\n\n\n<p>Cita institucional<\/p>\n\n\n\n<p>\u201c\u00cdCONOS representa un puente entre el patrimonio cultural y la experiencia sensorial. Cada fragancia es una historia, una memoria y una invitaci\u00f3n a que las personas habiten los territorios desde el aroma\u201d, se\u00f1al\u00f3 Marcela Herbert, Gerente General del Museo del Perfume.<\/p>\n\n\n\n<p>Las once fragancias de \u00cdCONOS<\/p>\n\n\n\n<p>A continuaci\u00f3n, la colecci\u00f3n completa con la inspiraci\u00f3n cultural y la construcci\u00f3n olfativa de cada perfume:<\/p>\n\n\n\n<p>Campeche \u2014 \u201cManglar\u201d<\/p>\n\n\n\n<p>Minimalista, refrescante y sereno; evoca el puerto marino y la flora tropical.<\/p>\n\n\n\n<p>Notas: jazm\u00edn sambac, lim\u00f3n, frutas tropicales, notas acuosas, hojas verdes, franchip\u00e1n, cedro, ambroxan, almizcle.<\/p>\n\n\n\n<p>Inspiraci\u00f3n UNESCO: Ciudad hist\u00f3rica fortificada de Campeche (1999), Calakmul (2002\/2014).<\/p>\n\n\n\n<p>Puebla \u2014 \u201cTalavera\u201d<\/p>\n\n\n\n<figure class=\"wp-block-gallery has-nested-images columns-default is-cropped wp-block-gallery-3 is-layout-flex wp-block-gallery-is-layout-flex\">\n<figure class=\"wp-block-image size-large\"><img decoding=\"async\" width=\"500\" height=\"281\" data-id=\"1084361\" src=\"https:\/\/dimensionturistica.com\/es\/wp-content\/uploads\/2025\/12\/2MUPE.jpg\" alt=\"\" class=\"wp-image-1084361\" srcset=\"https:\/\/dimensionturistica.com\/es\/wp-content\/uploads\/2025\/12\/2MUPE.jpg 500w, https:\/\/dimensionturistica.com\/es\/wp-content\/uploads\/2025\/12\/2MUPE-300x169.jpg 300w\" sizes=\"(max-width: 500px) 100vw, 500px\" \/><figcaption class=\"wp-element-caption\">ai<\/figcaption><\/figure>\n<\/figure>\n\n\n\n<p>Ambarado contempor\u00e1neo, c\u00e1lido y especiado; inspirado en la tradici\u00f3n culinaria poblana y su legado artesanal.<\/p>\n\n\n\n<p>Notas: cardamomo, pimienta, elemi, cipr\u00e9s, cedro, b\u00e1lsamo de Tol\u00fa, chocolate, cacao, almizcle, \u00e1mbar, vainilla, benju\u00ed.<\/p>\n\n\n\n<p>Inspiraci\u00f3n UNESCO: Centro hist\u00f3rico de Puebla (1987).<\/p>\n\n\n\n<p>Quer\u00e9taro \u2014 \u201cArcada\u201d<\/p>\n\n\n\n<p>Sereno, contemplativo y elegante; representa la vida queretana y su dimensi\u00f3n espiritual y gastron\u00f3mica.<\/p>\n\n\n\n<p>Notas: pimienta, cipr\u00e9s, bayas de enebro, uva, manzana, iris, jazm\u00edn, osmanthus, \u00e1mbar, almizcles, s\u00e1ndalo, pachuli.<\/p>\n\n\n\n<p>Inspiraci\u00f3n UNESCO: Zona de monumentos hist\u00f3ricos (1996), Misiones franciscanas (2003).<\/p>\n\n\n\n<p>Morelia \u2014 \u201cMonarca\u201d<\/p>\n\n\n\n<p>Especiado y c\u00e1lido; enfatiza el sincretismo de la regi\u00f3n y la profundidad hist\u00f3rica de la ciudad.<\/p>\n\n\n\n<p>Notas: cardamomo, pimienta, canela, nuez moscada, vainilla, cacao, copal, madera, acorde de cacahuate, haba tonka.<\/p>\n\n\n\n<p>Inspiraci\u00f3n UNESCO: Centro hist\u00f3rico de Morelia (1991).<\/p>\n\n\n\n<figure class=\"wp-block-gallery has-nested-images columns-default is-cropped wp-block-gallery-4 is-layout-flex wp-block-gallery-is-layout-flex\">\n<figure class=\"wp-block-image size-large\"><img decoding=\"async\" width=\"500\" height=\"750\" data-id=\"1084362\" src=\"https:\/\/dimensionturistica.com\/es\/wp-content\/uploads\/2025\/12\/5MUPE.jpg\" alt=\"\" class=\"wp-image-1084362\" srcset=\"https:\/\/dimensionturistica.com\/es\/wp-content\/uploads\/2025\/12\/5MUPE.jpg 500w, https:\/\/dimensionturistica.com\/es\/wp-content\/uploads\/2025\/12\/5MUPE-200x300.jpg 200w\" sizes=\"(max-width: 500px) 100vw, 500px\" \/><\/figure>\n<\/figure>\n\n\n\n<p>Xochimilco \u2014 \u201cXochitl\u201d<\/p>\n\n\n\n<p>Frutal, acuoso y vibrante; inspirado en las chinampas y la historia ancestral de la regi\u00f3n.<\/p>\n\n\n\n<p>Notas: semillas de zanahoria, fruta cristalizada, cardamomo, menta, notas acuosas, flor de naranjo, nopal, pachuli, almizcle.<\/p>\n\n\n\n<p>Inspiraci\u00f3n UNESCO: Zona chinampera de Xochimilco (1987).<\/p>\n\n\n\n<p>Oaxaca\u2014 \u201cAlebrije\u201d<\/p>\n\n\n\n<p>Especiado y gourmand; atrevido, art\u00edstico y profundamente cultural, inspirado en sus moles, artesan\u00edas y tradiciones.<\/p>\n\n\n\n<p>Notas: naranja amarga, chiles, or\u00e9gano, incienso, pimienta, hojas de aguacate, mole oaxaque\u00f1o, canela, clavo, cacao, mezcal, cipriol, maderas, almizcle, musgo.<\/p>\n\n\n\n<p>Inspiraci\u00f3n UNESCO: Centro hist\u00f3rico y Monte Alb\u00e1n (1987); Cuevas prehist\u00f3ricas de Yagul y Mitla (2010).<\/p>\n\n\n\n<p>Tlacotalpan \u2014 \u201cCarnaval\u201d<\/p>\n\n\n\n<figure class=\"wp-block-gallery has-nested-images columns-default is-cropped wp-block-gallery-5 is-layout-flex wp-block-gallery-is-layout-flex\">\n<figure class=\"wp-block-image size-large\"><img decoding=\"async\" width=\"500\" height=\"333\" data-id=\"1084364\" src=\"https:\/\/dimensionturistica.com\/es\/wp-content\/uploads\/2025\/12\/6MUPE.jpg\" alt=\"\" class=\"wp-image-1084364\" srcset=\"https:\/\/dimensionturistica.com\/es\/wp-content\/uploads\/2025\/12\/6MUPE.jpg 500w, https:\/\/dimensionturistica.com\/es\/wp-content\/uploads\/2025\/12\/6MUPE-300x200.jpg 300w\" sizes=\"(max-width: 500px) 100vw, 500px\" \/><\/figure>\n<\/figure>\n\n\n\n<p>Acuoso, frutal y festivo; inspirado en los colores y alegr\u00eda de esta ciudad ribere\u00f1a.<\/p>\n\n\n\n<p>Notas: mango, nanches, tepache, notas saladas, s\u00e1ndalo, vetiver, \u00e1mbar.<\/p>\n\n\n\n<p>Inspiraci\u00f3n UNESCO: Zona de monumentos hist\u00f3ricos de Tlacotalpan (1998).<\/p>\n\n\n\n<p>Zacatecas \u2014 \u201cBufa\u201d<\/p>\n\n\n\n<p>Profundo, maderoso y sensual; evoca la cantera rosa, la historia minera y el car\u00e1cter de la ciudad.<\/p>\n\n\n\n<p>Notas: maderas antiguas, cedro, pachuli, ciste ladan o, \u00e1mbar gris, almizcle, bergamota, cardamomo, canela, rosa, cuero, s\u00e1ndalo.<\/p>\n\n\n\n<p>Inspiraci\u00f3n UNESCO: Centro hist\u00f3rico de Zacatecas (1993).<\/p>\n\n\n\n<p>Guanajuato \u2014 \u201cCervantino\u201d<\/p>\n\n\n\n<p>Verde, c\u00edtrico y aldeh\u00eddico; fresco e intelectual, inspirado en la tradici\u00f3n minera y art\u00edstica del estado.<\/p>\n\n\n\n<p>Notas: almizcle blanco, notas terrosas, mandarina, naranja, pino, pachuli, notas aldeh\u00eddicas y verdes.<\/p>\n\n\n\n<p>Inspiraci\u00f3n UNESCO: Ciudad hist\u00f3rica de Guanajuato y minas adyacentes (1988).<\/p>\n\n\n\n<p>Ciudad de M\u00e9xico \u2014 \u201cMexica\u201d<\/p>\n\n\n\n<p>Gourmand, afrutado y citr\u00edco; urbano, creativo y narrativo.<\/p>\n\n\n\n<figure class=\"wp-block-gallery has-nested-images columns-default is-cropped wp-block-gallery-6 is-layout-flex wp-block-gallery-is-layout-flex\">\n<figure class=\"wp-block-image size-large\"><img decoding=\"async\" width=\"500\" height=\"333\" data-id=\"1084367\" src=\"https:\/\/dimensionturistica.com\/es\/wp-content\/uploads\/2025\/12\/7MUPE.jpg\" alt=\"\" class=\"wp-image-1084367\" srcset=\"https:\/\/dimensionturistica.com\/es\/wp-content\/uploads\/2025\/12\/7MUPE.jpg 500w, https:\/\/dimensionturistica.com\/es\/wp-content\/uploads\/2025\/12\/7MUPE-300x200.jpg 300w\" sizes=\"(max-width: 500px) 100vw, 500px\" \/><\/figure>\n<\/figure>\n\n\n\n<p>Notas: acorde lact\u00f3nico, ma\u00edz, davana, chabacano, ciruela, pimienta rosa, rosa, flor de naranjo, vainilla, benju\u00ed, maderas. Inspiraci\u00f3n UNESCO: Centro hist\u00f3rico de la Ciudad de M\u00e9xico (1987).<\/p>\n\n\n\n<p>San Miguel de Allende &nbsp;\u2014 \u201cCrisol\u201d<\/p>\n\n\n\n<p>Dulce, frutal y moderno; un encuentro de culturas con inspiraci\u00f3n gastron\u00f3mica.<\/p>\n\n\n\n<p>Notas: lima, mandarina, toronja, frutos rojos, notas verdes, notas marinas, caramelo, vainilla, \u00e1mbar, almizcle.<\/p>\n\n\n\n<p>Inspiraci\u00f3n UNESCO: San Miguel y santuario de Atotonilco (2008).<\/p>\n\n\n\n<p>[Cita adicional recomendada] \u201c\u00cdCONOS no es solo una colecci\u00f3n; es un recorrido emocional que transforma la geograf\u00eda, la historia y la memoria en aroma\u201d, a\u00f1adi\u00f3 Ariadna Casas, Curadora del MUPE<\/p>\n\n\n\n<p>Datos del producto<\/p>\n\n\n\n<p>\u25cf Concentraci\u00f3n EDP 25 % \u2013 100 g: $___ MXN<\/p>\n\n\n\n<p>\u25cf Velas arom\u00e1ticas 10 % \u2013 165 g: $___ MXN<\/p>\n\n\n\n<p>La ANCMPM<\/p>\n\n\n\n<p>Fundada en 1996, la Asociaci\u00f3n Nacional de Ciudades Mexicanas del Patrimonio Mundial re\u00fane a los municipios mexicanos inscritos en la lista de Patrimonio Mundial de la UNESCO.<\/p>\n\n\n\n<p>Su misi\u00f3n es proteger, conservar y promover los centros hist\u00f3ricos; fortalecer la cooperaci\u00f3n t\u00e9cnica entre ciudades; impulsar pol\u00edticas p\u00fablicas y fomentar un turismo cultural sostenible en beneficio de las comunidades.<\/p>\n\n\n\n<p>Contacto de prensa<\/p>\n\n\n\n<p>Nombre: Luis Gerard Ortega Bautista<\/p>\n\n\n\n<p>Correo: Coordinador de Atenci\u00f3n a P\u00fablicos<\/p>\n\n\n\n<p>Tel\u00e9fono: 5539695894<\/p>\n\n\n\n<p>Sitio web \/ redes: @MUPEMX y Museo del Perfume<\/p>\n","protected":false},"excerpt":{"rendered":"<p>cultural de M\u00e9xico Una colecci\u00f3n de perfumer\u00eda de autor creada a partir de las identidades olfativas de diez ciudades reconocidas por la UNESCO como patrimonio El Museo del Perfume presenta \u00cdCONOS, una colecci\u00f3n de perfumer\u00eda de autor integrada por once fragancias exclusivas inspiradas en la riqueza cultural, gastron\u00f3mica, hist\u00f3rica y natural de diez estados de [&hellip;]<\/p>\n","protected":false},"author":1,"featured_media":0,"comment_status":"open","ping_status":"closed","sticky":false,"template":"","format":"standard","meta":{"om_disable_all_campaigns":false,"jnews-multi-image_gallery":[],"jnews_single_post":[],"jnews_primary_category":[],"jnews_social_meta":[],"footnotes":""},"categories":[144872],"tags":[],"class_list":["post-1084355","post","type-post","status-publish","format-standard","hentry","category-fashion"],"_links":{"self":[{"href":"https:\/\/dimensionturistica.com\/es\/wp-json\/wp\/v2\/posts\/1084355","targetHints":{"allow":["GET"]}}],"collection":[{"href":"https:\/\/dimensionturistica.com\/es\/wp-json\/wp\/v2\/posts"}],"about":[{"href":"https:\/\/dimensionturistica.com\/es\/wp-json\/wp\/v2\/types\/post"}],"author":[{"embeddable":true,"href":"https:\/\/dimensionturistica.com\/es\/wp-json\/wp\/v2\/users\/1"}],"replies":[{"embeddable":true,"href":"https:\/\/dimensionturistica.com\/es\/wp-json\/wp\/v2\/comments?post=1084355"}],"version-history":[{"count":1,"href":"https:\/\/dimensionturistica.com\/es\/wp-json\/wp\/v2\/posts\/1084355\/revisions"}],"predecessor-version":[{"id":1084368,"href":"https:\/\/dimensionturistica.com\/es\/wp-json\/wp\/v2\/posts\/1084355\/revisions\/1084368"}],"wp:attachment":[{"href":"https:\/\/dimensionturistica.com\/es\/wp-json\/wp\/v2\/media?parent=1084355"}],"wp:term":[{"taxonomy":"category","embeddable":true,"href":"https:\/\/dimensionturistica.com\/es\/wp-json\/wp\/v2\/categories?post=1084355"},{"taxonomy":"post_tag","embeddable":true,"href":"https:\/\/dimensionturistica.com\/es\/wp-json\/wp\/v2\/tags?post=1084355"}],"curies":[{"name":"wp","href":"https:\/\/api.w.org\/{rel}","templated":true}]}}