{"id":1084051,"date":"2025-12-09T12:10:10","date_gmt":"2025-12-09T12:10:10","guid":{"rendered":"https:\/\/dimensionturistica.com\/es\/?p=1084051"},"modified":"2025-12-09T12:10:10","modified_gmt":"2025-12-09T12:10:10","slug":"kylie-jenner-y-timothee-chalamet-presentan-un-giro-inesperado-en-su-estilo-de-pareja","status":"publish","type":"post","link":"https:\/\/dimensionturistica.com\/es\/kylie-jenner-y-timothee-chalamet-presentan-un-giro-inesperado-en-su-estilo-de-pareja\/","title":{"rendered":"Kylie Jenner y Timoth\u00e9e Chalamet presentan un giro inesperado en su estilo de pareja."},"content":{"rendered":"<h3>Colores Vibrantes: La Nueva Atracci\u00f3n de la Moda<\/h3>\n<p>En el universo siempre din\u00e1mico de la moda, pocas combinaciones generan tanto alboroto como la fusi\u00f3n de estilos inesperados. Recientemente, la atenci\u00f3n se ha centrado en dos \u00edconos contempor\u00e1neos: Kylie Jenner y Timoth\u00e9e Chalamet. La qu\u00edmica entre ambos no solo se percibe en su interacci\u00f3n, sino tambi\u00e9n en sus elecciones de vestuario, que han deslumbrado y marcado una tendencia.<\/p>\n<p><strong>El Poder del Naranja<\/strong><\/p>\n<p>Ambos personajes decidieron abrazar el audaz color naranja en sus \u00faltimas apariciones p\u00fablicas. Este tono, que evoca energ\u00eda y vitalidad, se convirti\u00f3 en el protagonista indiscutible de sus conjuntos. Mientras Kylie opt\u00f3 por un vestido que destacaba sus curvas y proporcionaba un aire de sofisticaci\u00f3n, Timoth\u00e9e eligi\u00f3 un enfoque m\u00e1s relajado, con un atuendo que combinaba la modernidad y un toque de desinhibici\u00f3n.<\/p>\n<p><strong>Dos Estilos, Un Color<\/strong><\/p>\n<p>El contraste en la manera en que ambos abordan el naranja es notable. Kylie, con su predilecci\u00f3n por la elegancia y el glamour, utiliza el color para acentuar su figura. Sus elecciones de dise\u00f1o a menudo reflejan una est\u00e9tica que mezcla elementos de lujo con influencias pop. Por otra parte, Timoth\u00e9e, quien es conocido por su gusto por lo vanguardista y casual, utiliza el naranja para desafiar las convenciones y mostrar su autenticidad. Esta dualidad resalta no solo la versatilidad del color, sino tambi\u00e9n la capacidad de cada uno para comunicar diferentes narrativas a trav\u00e9s de la moda.<\/p>\n<p><strong>El Impacto en las Redes Sociales<\/strong><\/p>\n<p>No es de extra\u00f1ar que esta explosi\u00f3n de color haya captado la atenci\u00f3n de millones en plataformas sociales. Las im\u00e1genes de Kylie y Timoth\u00e9e, vestidos con estos vibrantes looks, se han vuelto virales, generando reacciones entusiastas entre los fan\u00e1ticos de ambas personalidades. La conexi\u00f3n entre ambos y su habilidad para marcar tendencias ha reavivado el inter\u00e9s por el color naranja, impuls\u00e1ndolo como una opci\u00f3n popular para el vestuario de esta temporada.<\/p>\n<p><strong>Tendencias en Ascenso<\/strong><\/p>\n<p>La elecci\u00f3n del naranja no es solo una declaraci\u00f3n de estilo; refleja un cambio hacia tonos m\u00e1s audaces en el armario contempor\u00e1neo. Con la influencia de figuras como Jenner y Chalamet, cada vez m\u00e1s dise\u00f1adores est\u00e1n incorporando este color en sus colecciones, invitando a los amantes de la moda a abrazar la seguridad en sus elecciones. Desde pasarelas hasta alfombras rojas, el naranja est\u00e1 destinado a ser un s\u00edmbolo de frescura y modernidad.<\/p>\n<p><strong>C\u00f3mo Incorporar el Naranja en Tu Guardarropa<\/strong><\/p>\n<p>Para quienes buscan seguir esta tendencia, la clave est\u00e1 en la versatilidad. El naranja puede ser tanto un acento sutil en un accesorio como el elemento principal de un outfit. Combinarlo con neutros ayuda a equilibrar su intensidad, mientras que los tonos complementarios pueden crear un efecto llamativo. Las posibilidades son infinitas, y cada elecci\u00f3n permite una expresi\u00f3n \u00fanica.<\/p>\n<p><strong>La Moda como Reflejo Cultural<\/strong><\/p>\n<p>Lo que surge de esta fascinante conexi\u00f3n entre Kylie Jenner y Timoth\u00e9e Chalamet no es solo una moda pasajera, sino un reflejo de una cultura que invita a la autoexpresi\u00f3n. Su influencia sigue demostrando que la moda es una forma poderosa de comunicaci\u00f3n, capaz de capturar la imaginaci\u00f3n colectiva y alentar a las personas a explorar su individualidad.<\/p>\n<p>A medida que el inter\u00e9s por el naranja se intensifica, todos los ojos estar\u00e1n atentos a las pr\u00f3ximas elecciones de estos dos \u00edconos. Un recordatorio de que, en el mundo de la moda, a menudo son las elecciones inesperadas las que generan el mayor impacto.<\/p>\n<p><em> &#8221; Fuentes www.vogue.com &#8221; <\/em><\/p>\n","protected":false},"excerpt":{"rendered":"<p>Colores Vibrantes: La Nueva Atracci\u00f3n de la Moda En el universo siempre din\u00e1mico de la moda, pocas combinaciones generan tanto alboroto como la fusi\u00f3n de estilos inesperados. Recientemente, la atenci\u00f3n se ha centrado en dos \u00edconos contempor\u00e1neos: Kylie Jenner y Timoth\u00e9e Chalamet. La qu\u00edmica entre ambos no solo se percibe en su interacci\u00f3n, sino tambi\u00e9n [&hellip;]<\/p>\n","protected":false},"author":14,"featured_media":1084052,"comment_status":"open","ping_status":"closed","sticky":false,"template":"","format":"standard","meta":{"om_disable_all_campaigns":false,"jnews-multi-image_gallery":[],"jnews_single_post":[],"jnews_primary_category":[],"jnews_social_meta":[],"footnotes":""},"categories":[144872],"tags":[184626,166,17542,286,130377,165,89665,372,31895,6194],"class_list":["post-1084051","post","type-post","status-publish","format-standard","has-post-thumbnail","hentry","category-fashion","tag-celebrity-couple","tag-fashion","tag-kylie-jenner","tag-media","tag-pop-culture","tag-red-carpet","tag-relationship","tag-style","tag-timothee-chalamet","tag-trends"],"_links":{"self":[{"href":"https:\/\/dimensionturistica.com\/es\/wp-json\/wp\/v2\/posts\/1084051","targetHints":{"allow":["GET"]}}],"collection":[{"href":"https:\/\/dimensionturistica.com\/es\/wp-json\/wp\/v2\/posts"}],"about":[{"href":"https:\/\/dimensionturistica.com\/es\/wp-json\/wp\/v2\/types\/post"}],"author":[{"embeddable":true,"href":"https:\/\/dimensionturistica.com\/es\/wp-json\/wp\/v2\/users\/14"}],"replies":[{"embeddable":true,"href":"https:\/\/dimensionturistica.com\/es\/wp-json\/wp\/v2\/comments?post=1084051"}],"version-history":[{"count":1,"href":"https:\/\/dimensionturistica.com\/es\/wp-json\/wp\/v2\/posts\/1084051\/revisions"}],"predecessor-version":[{"id":1084053,"href":"https:\/\/dimensionturistica.com\/es\/wp-json\/wp\/v2\/posts\/1084051\/revisions\/1084053"}],"wp:featuredmedia":[{"embeddable":true,"href":"https:\/\/dimensionturistica.com\/es\/wp-json\/wp\/v2\/media\/1084052"}],"wp:attachment":[{"href":"https:\/\/dimensionturistica.com\/es\/wp-json\/wp\/v2\/media?parent=1084051"}],"wp:term":[{"taxonomy":"category","embeddable":true,"href":"https:\/\/dimensionturistica.com\/es\/wp-json\/wp\/v2\/categories?post=1084051"},{"taxonomy":"post_tag","embeddable":true,"href":"https:\/\/dimensionturistica.com\/es\/wp-json\/wp\/v2\/tags?post=1084051"}],"curies":[{"name":"wp","href":"https:\/\/api.w.org\/{rel}","templated":true}]}}