{"id":1083992,"date":"2025-12-09T07:54:43","date_gmt":"2025-12-09T07:54:43","guid":{"rendered":"https:\/\/dimensionturistica.com\/es\/?p=1083992"},"modified":"2025-12-09T07:54:43","modified_gmt":"2025-12-09T07:54:43","slug":"desfiles-imperdibles-para-la-temporada-primavera-verano-2026-que-debes-conocer","status":"publish","type":"post","link":"https:\/\/dimensionturistica.com\/es\/desfiles-imperdibles-para-la-temporada-primavera-verano-2026-que-debes-conocer\/","title":{"rendered":"Desfiles imperdibles para la temporada primavera-verano 2026 que debes conocer"},"content":{"rendered":"<h3>La Revoluci\u00f3n de la Moda: Tendencias Emergentes en la Primavera-Verano 2026<\/h3>\n<p>La moda est\u00e1 en constante evoluci\u00f3n, y la temporada Primavera-Verano 2026 no decepciona. Las \u00faltimas semanas de la moda han sido un espect\u00e1culo de creatividad, diversidad e innovaci\u00f3n, presentando colecciones que prometen marcar el pulso de las pr\u00f3ximas temporadas. Las pasarelas se han llenado de propuestas impactantes que reflejan no solo tendencias est\u00e9ticas, sino tambi\u00e9n un enfoque renovado hacia la sostenibilidad y la inclusi\u00f3n.<\/p>\n<h4>Colores y Texturas que Enamoran<\/h4>\n<p>Para esta temporada, los dise\u00f1adores han optado por paletas de colores vibrantes y texturas innovadoras. Desde tonos pastel hasta neones electrizantes, la clave est\u00e1 en la audacia. Las combinaciones inesperadas de materiales, como seda y denim, crean un di\u00e1logo entre lo estructurado y lo fluido, permitiendo a las piezas destacar mientras mantienen un aire de sofisticaci\u00f3n.<\/p>\n<h4>Siluetas que Celebran la Diversidad<\/h4>\n<p>Un aspecto destacable de las colecciones es la celebraci\u00f3n de la diversidad en las siluetas. Los dise\u00f1adores han dejado de lado los est\u00e1ndares tradicionales para proponer cortes que se adaptan a diferentes tipos de cuerpo. Vestidos asim\u00e9tricos, prendas oversized y conjuntos que rompen con la rigidez del pasado se convierten en un homenaje a la autenticidad y la individualidad.<\/p>\n<h4>Innovaci\u00f3n Tecnol\u00f3gica<\/h4>\n<p>La tecnolog\u00eda contin\u00faa desempe\u00f1ando un papel crucial en la moda, y esta temporada se han presentado avances que van m\u00e1s all\u00e1 de lo visual. Algunos dise\u00f1adores han incorporado materiales inteligentes que responden a los cambios de temperatura, mientras que otros experimentan con estampados digitales que transforman la prenda con solo tocar un bot\u00f3n. La interacci\u00f3n es parte de la experiencia, llevando la moda a un nuevo horizonte.<\/p>\n<h4>Sustainability First<\/h4>\n<p>La sostenibilidad ha dejado de ser una tendencia pasajera para convertirse en un pilar fundamental en el dise\u00f1o contempor\u00e1neo. Los tejidos org\u00e1nicos, la reutilizaci\u00f3n de materiales y los m\u00e9todos de producci\u00f3n \u00e9ticos son ahora principios que gu\u00edan a muchos dise\u00f1adores. Las colecciones destacan por su compromiso con el medio ambiente, creando prendas que no solo son est\u00e9ticamente agradables, sino tambi\u00e9n responsables.<\/p>\n<h4>La Inclusi\u00f3n como Mandato<\/h4>\n<p>En un mundo en el que la moda tiene el poder de conectar, la inclusi\u00f3n ha ganado terreno en las pasarelas. Diversos modelos no solo exhiben la ropa, sino que se convierten en portavoces de un cambio necesario. La variedad en las caracter\u00edsticas f\u00edsicas, etnias y g\u00e9neros refleja una sociedad m\u00e1s amplia que busca verse y sentirse representada.<\/p>\n<h4>Conclusi\u00f3n Visual<\/h4>\n<p>Las semanas de la moda han dejado claro que la Primavera-Verano 2026 es un lienzo en blanco donde cada trazo cuenta. Con propuestas que van desde la innovaci\u00f3n tecnol\u00f3gica hasta un profundo compromiso con la sostenibilidad y la inclusi\u00f3n, el escenario se establece para un futuro donde la moda no solo se viste, sino que tambi\u00e9n se siente y se vive.<\/p>\n<p>La atenci\u00f3n se centra ahora en c\u00f3mo estas tendencias se adaptar\u00e1n al d\u00eda a d\u00eda. \u00bfQu\u00e9 piezas ser\u00e1n las favoritas en las calles? El tiempo lo dir\u00e1, pero una cosa es segura: la moda est\u00e1 en un momento de transformaci\u00f3n y est\u00e1 lista para sorprendernos a todos.<\/p>\n<p><em> &#8221; Fuentes www.vogue.mx &#8221; <\/em><\/p>\n","protected":false},"excerpt":{"rendered":"<p>La Revoluci\u00f3n de la Moda: Tendencias Emergentes en la Primavera-Verano 2026 La moda est\u00e1 en constante evoluci\u00f3n, y la temporada Primavera-Verano 2026 no decepciona. Las \u00faltimas semanas de la moda han sido un espect\u00e1culo de creatividad, diversidad e innovaci\u00f3n, presentando colecciones que prometen marcar el pulso de las pr\u00f3ximas temporadas. Las pasarelas se han llenado [&hellip;]<\/p>\n","protected":false},"author":14,"featured_media":1083993,"comment_status":"open","ping_status":"closed","sticky":false,"template":"","format":"standard","meta":{"om_disable_all_campaigns":false,"jnews-multi-image_gallery":[],"jnews_single_post":[],"jnews_primary_category":[],"jnews_social_meta":[],"footnotes":""},"categories":[144872],"tags":[259870,230504],"class_list":["post-1083992","post","type-post","status-publish","format-standard","has-post-thumbnail","hentry","category-fashion","tag-desfiles-primavera-verano-2026-global-fashion-collective-moda-tendencias-fashion-week-diseno-estilo","tag-primavera-verano-2026"],"_links":{"self":[{"href":"https:\/\/dimensionturistica.com\/es\/wp-json\/wp\/v2\/posts\/1083992","targetHints":{"allow":["GET"]}}],"collection":[{"href":"https:\/\/dimensionturistica.com\/es\/wp-json\/wp\/v2\/posts"}],"about":[{"href":"https:\/\/dimensionturistica.com\/es\/wp-json\/wp\/v2\/types\/post"}],"author":[{"embeddable":true,"href":"https:\/\/dimensionturistica.com\/es\/wp-json\/wp\/v2\/users\/14"}],"replies":[{"embeddable":true,"href":"https:\/\/dimensionturistica.com\/es\/wp-json\/wp\/v2\/comments?post=1083992"}],"version-history":[{"count":1,"href":"https:\/\/dimensionturistica.com\/es\/wp-json\/wp\/v2\/posts\/1083992\/revisions"}],"predecessor-version":[{"id":1083994,"href":"https:\/\/dimensionturistica.com\/es\/wp-json\/wp\/v2\/posts\/1083992\/revisions\/1083994"}],"wp:featuredmedia":[{"embeddable":true,"href":"https:\/\/dimensionturistica.com\/es\/wp-json\/wp\/v2\/media\/1083993"}],"wp:attachment":[{"href":"https:\/\/dimensionturistica.com\/es\/wp-json\/wp\/v2\/media?parent=1083992"}],"wp:term":[{"taxonomy":"category","embeddable":true,"href":"https:\/\/dimensionturistica.com\/es\/wp-json\/wp\/v2\/categories?post=1083992"},{"taxonomy":"post_tag","embeddable":true,"href":"https:\/\/dimensionturistica.com\/es\/wp-json\/wp\/v2\/tags?post=1083992"}],"curies":[{"name":"wp","href":"https:\/\/api.w.org\/{rel}","templated":true}]}}