{"id":1083974,"date":"2025-12-09T06:12:53","date_gmt":"2025-12-09T06:12:53","guid":{"rendered":"https:\/\/dimensionturistica.com\/es\/?p=1083974"},"modified":"2025-12-09T06:12:53","modified_gmt":"2025-12-09T06:12:53","slug":"las-ofertas-de-moda-y-belleza-que-marcaron-el-2025","status":"publish","type":"post","link":"https:\/\/dimensionturistica.com\/es\/las-ofertas-de-moda-y-belleza-que-marcaron-el-2025\/","title":{"rendered":"Las Ofertas de Moda y Belleza que Marcaron el 2025"},"content":{"rendered":"<h3>La Revoluci\u00f3n del Estilo en 2025: Ofertas que Marcaron la Diferencia<\/h3>\n<p>En un mundo donde la moda y la belleza son m\u00e1s que simples tendencias, 2025 se ha convertido en un a\u00f1o de transformaciones significativas que redefinen lo que entendemos por estilo. Las ofertas y colaboraciones m\u00e1s impactantes han dejado huella en el panorama fashionista, atrayendo la atenci\u00f3n no solo de los amantes de la moda, sino tambi\u00e9n de aquellos que buscan expresarse a trav\u00e9s de su imagen.<\/p>\n<h4>Colaboraciones Inesperadas<\/h4>\n<p>Entre las iniciativas m\u00e1s sorprendentes del a\u00f1o, se destacan las colaboraciones entre marcas de lujo y populares casas de belleza. La fusi\u00f3n de estas identidades ha llevado a la creaci\u00f3n de productos innovadores que desaf\u00edan las normas est\u00e9ticas. \u00bfQui\u00e9n hubiera imaginado que los dise\u00f1os de alta costura se fusionar\u00edan con l\u00edneas de maquillaje accesibles? Esta nueva era busca democratizar la moda, permitiendo que todos puedan lucir como una celebridad, sin importar su presupuesto.<\/p>\n<h4>Sostenibilidad en el Centro de la Escena<\/h4>\n<p>El enfoque en la sostenibilidad ha sido una de las tendencias m\u00e1s destacadas en 2025. Las marcas han comenzado a priorizar materiales reciclados y pr\u00e1cticas \u00e9ticas en todo el proceso de creaci\u00f3n. Los consumidores ya no solo buscan productos que se vean bien, sino que tambi\u00e9n sientan bien. Esta conciencia ambiental ha impulsado a las empresas a ofrecer colecciones que no solo resalten el buen gusto, sino que tambi\u00e9n sean responsables.<\/p>\n<h4>Tecnolog\u00eda y Estilo: Un Matrimonio Perfecto<\/h4>\n<p>La integraci\u00f3n de la tecnolog\u00eda en el mundo de la moda ha alcanzado niveles insospechados. Prendas que se adaptan a las condiciones clim\u00e1ticas y maquillaje que cambia con el estado de \u00e1nimo est\u00e1n revolucionando la experiencia de compra. La realidad aumentada ha hecho posible que los consumidores prueben productos desde la comodidad de sus hogares, reduciendo as\u00ed la incertidumbre que a menudo viene con la compra de moda y belleza en l\u00ednea.<\/p>\n<h4>La Influencia de las Redes Sociales<\/h4>\n<p>Las plataformas digitales han consolidado su papel como protagonistas en la manera en que se perciben y promueven las tendencias. Influencers y celebridades han capitalizado las oportunidades presentadas por el auge de las redes, creando lanzamientos exclusivos y campa\u00f1as virales que han llevado a marcas insignia a nuevos niveles de visibilidad. Las interacciones en l\u00ednea han generado una comunidad que apoya no solo el producto, sino tambi\u00e9n la filosof\u00eda detr\u00e1s de cada marca.<\/p>\n<h4>Reimaginando Diversidad e Inclusi\u00f3n<\/h4>\n<p>Un cambio notable en el sector ha sido la mayor representaci\u00f3n de diversas culturas y cuerpos en las pasarelas y campa\u00f1as publicitarias. Las marcas que antes se centraban en un \u00fanico est\u00e1ndar de belleza ahora ofrecen opciones para todos, celebrando la individualidad y la autoexpresi\u00f3n. Esta tendencia ha sido bien recibida por un p\u00fablico ansioso por ver reflejada su diversidad en el mundo del estilo.<\/p>\n<h4>Accessorios que Cautivan<\/h4>\n<p>No se puede hablar de 2025 sin mencionar el regreso triunfal de los accesorios. Desde joyer\u00eda audaz hasta bolsos de dise\u00f1o exclusivo, estos elementos han pasado de ser complementos a ser protagonistas esenciales en cualquier look. Las tendencias actuales hacen \u00e9nfasis en la singularidad, donde cada pieza cuenta una historia y se convierte en un s\u00edmbolo de estatus y personalidad.<\/p>\n<h3>La Moda como Una Forma de Expresi\u00f3n<\/h3>\n<p>A medida que avanzamos por este a\u00f1o, queda claro que la moda y la belleza se han transformado en lenguajes universales que trascienden las tendencias. Cada elecci\u00f3n, cada colaboraci\u00f3n y cada innovaci\u00f3n cuenta. Con todo esto en mente, 2025 se perfila como un a\u00f1o donde la moda no solo se viste, sino que se vive y se celebra.<\/p>\n<p><em> &#8221; Fuentes www.vogue.com &#8221; <\/em><\/p>\n","protected":false},"excerpt":{"rendered":"<p>La Revoluci\u00f3n del Estilo en 2025: Ofertas que Marcaron la Diferencia En un mundo donde la moda y la belleza son m\u00e1s que simples tendencias, 2025 se ha convertido en un a\u00f1o de transformaciones significativas que redefinen lo que entendemos por estilo. Las ofertas y colaboraciones m\u00e1s impactantes han dejado huella en el panorama fashionista, [&hellip;]<\/p>\n","protected":false},"author":14,"featured_media":1083975,"comment_status":"open","ping_status":"closed","sticky":false,"template":"","format":"standard","meta":{"om_disable_all_campaigns":false,"jnews-multi-image_gallery":[],"jnews_single_post":[],"jnews_primary_category":[],"jnews_social_meta":[],"footnotes":""},"categories":[144872],"tags":[27305,105235,72867,71822,70499,166,1944,73633,75295,74123,69354,309,202,372,6194],"class_list":["post-1083974","post","type-post","status-publish","format-standard","has-post-thumbnail","hentry","category-fashion","tag-27305","tag-acquisitions","tag-beauty","tag-deals","tag-discounts","tag-fashion","tag-finance","tag-funding","tag-fundraising","tag-investment","tag-latest","tag-lifestyle","tag-shopping","tag-style","tag-trends"],"_links":{"self":[{"href":"https:\/\/dimensionturistica.com\/es\/wp-json\/wp\/v2\/posts\/1083974","targetHints":{"allow":["GET"]}}],"collection":[{"href":"https:\/\/dimensionturistica.com\/es\/wp-json\/wp\/v2\/posts"}],"about":[{"href":"https:\/\/dimensionturistica.com\/es\/wp-json\/wp\/v2\/types\/post"}],"author":[{"embeddable":true,"href":"https:\/\/dimensionturistica.com\/es\/wp-json\/wp\/v2\/users\/14"}],"replies":[{"embeddable":true,"href":"https:\/\/dimensionturistica.com\/es\/wp-json\/wp\/v2\/comments?post=1083974"}],"version-history":[{"count":1,"href":"https:\/\/dimensionturistica.com\/es\/wp-json\/wp\/v2\/posts\/1083974\/revisions"}],"predecessor-version":[{"id":1083976,"href":"https:\/\/dimensionturistica.com\/es\/wp-json\/wp\/v2\/posts\/1083974\/revisions\/1083976"}],"wp:featuredmedia":[{"embeddable":true,"href":"https:\/\/dimensionturistica.com\/es\/wp-json\/wp\/v2\/media\/1083975"}],"wp:attachment":[{"href":"https:\/\/dimensionturistica.com\/es\/wp-json\/wp\/v2\/media?parent=1083974"}],"wp:term":[{"taxonomy":"category","embeddable":true,"href":"https:\/\/dimensionturistica.com\/es\/wp-json\/wp\/v2\/categories?post=1083974"},{"taxonomy":"post_tag","embeddable":true,"href":"https:\/\/dimensionturistica.com\/es\/wp-json\/wp\/v2\/tags?post=1083974"}],"curies":[{"name":"wp","href":"https:\/\/api.w.org\/{rel}","templated":true}]}}