{"id":1083888,"date":"2025-12-09T00:33:30","date_gmt":"2025-12-09T00:33:30","guid":{"rendered":"https:\/\/dimensionturistica.com\/es\/?p=1083888"},"modified":"2025-12-09T00:33:30","modified_gmt":"2025-12-09T00:33:30","slug":"adeje-concluye-sus-celebraciones-con-legado-cultural-y-musica-popular","status":"publish","type":"post","link":"https:\/\/dimensionturistica.com\/es\/adeje-concluye-sus-celebraciones-con-legado-cultural-y-musica-popular\/","title":{"rendered":"Adeje concluye sus celebraciones con legado cultural y m\u00fasica popular."},"content":{"rendered":"<h3>Adeje: Un Viaje a trav\u00e9s de la Tradici\u00f3n y el Folclore<\/h3>\n<p>En el sur de Tenerife, el encantador municipio de Adeje ofrece una ventana \u00fanica a la rica herencia cultural de Canarias. Este a\u00f1o, sus festividades han llegado a su fin, pero no sin dejar una huella imborrable en los corazones de quienes asistieron. Adeje se ha convertido en un punto de encuentro donde la tradici\u00f3n y el folclore se entrelazan, ofreciendo una experiencia inolvidable para locales y visitantes.<\/p>\n<p>Durante las celebraciones, las calles se llenaron de m\u00fasica, baile y color, creando un ambiente vibrante que captur\u00f3 la esencia de la cultura canaria. Los grupos de m\u00fasica folcl\u00f3rica, con sus trajes t\u00edpicos, llenaron los espacios p\u00fablicos con melod\u00edas que resonaban en cada rinc\u00f3n, invitando a todos a unirse al ritmo de sus guitarras y tambores. Los danzadores, con movimientos en\u00e9rgicos y expresivos, transmitieron historias de anta\u00f1o, recordando la herencia de un pueblo que valora sus ra\u00edces.<\/p>\n<p>Uno de los momentos m\u00e1s destacados fue la presentaci\u00f3n de danzas tradicionales que rinden homenaje a la historia y la identidad de Adeje. Cada actuaci\u00f3n se convirti\u00f3 en un homenaje a la tierra, mostrando la diversidad cultural que ha florecido en las islas. La conexi\u00f3n con la naturaleza tambi\u00e9n fue evidente, ya que muchas de estas danzas estaban inspiradas en elementos del entorno, como el mar y la monta\u00f1a, reflejando as\u00ed un profundo respeto por la biodiversidad que rodea a esta localidad.<\/p>\n<p>La gastronom\u00eda tambi\u00e9n jug\u00f3 un papel fundamental en estas festividades. Los visitantes pudieron deleitarse con platos t\u00edpicos canarios, donde los sabores aut\u00f3ctonos se mezclaron con la innovaci\u00f3n. Gastronom\u00eda y cultura se dieron la mano en un fest\u00edn para los sentidos, convirtiendo cada bocado en una experiencia que evoca la tradici\u00f3n.<\/p>\n<p>Para quienes buscan una experiencia aut\u00e9ntica, Adeje se presenta como un destino que va m\u00e1s all\u00e1 de sus playas y paisajes. Las fiestas no solo celebran la cultura local, sino que tambi\u00e9n invitan a los turistas a sumergirse en una comunidad que se enorgullece de su historia. Ya sea disfrutando de una actuaci\u00f3n de folclore, probando delicias canarias o simplemente paseando por sus calles, cada momento en Adeje es una invitaci\u00f3n a conectar con sus tradiciones.<\/p>\n<p>Aquellos que visiten la regi\u00f3n en futuras ocasiones tendr\u00e1n la oportunidad de experimentar un pedazo de esta rica cultura. La pasi\u00f3n que demuestra el pueblo de Adeje por sus tradiciones es contagiosa y, sin duda, deja a todos con ganas de volver. Con cada celebraci\u00f3n, Adeje reafirma su identidad como un destino donde la historia y el folclore son el alma de su encanto, prometiendo a los viajeros un viaje inolvidable lleno de color, sabor y m\u00fasica.<\/p>\n<p>En definitiva, Adeje no solo es un para\u00edso natural, sino un lugar donde el patrimonio cultural se vive intensamente. Las fiestas pueden haber llegado a su fin, pero el llamado a explorar y celebrar la tradici\u00f3n nunca se detiene. Si buscas un destino que rescate la esencia de lo canario, este municipio es, sin lugar a dudas, una parada obligatoria en tu recorrido por las islas.<\/p>\n<p><em> &#8221; Fuentes columnadigital.com &#8221; <\/em><\/p>\n","protected":false},"excerpt":{"rendered":"<p>Adeje: Un Viaje a trav\u00e9s de la Tradici\u00f3n y el Folclore En el sur de Tenerife, el encantador municipio de Adeje ofrece una ventana \u00fanica a la rica herencia cultural de Canarias. Este a\u00f1o, sus festividades han llegado a su fin, pero no sin dejar una huella imborrable en los corazones de quienes asistieron. Adeje [&hellip;]<\/p>\n","protected":false},"author":4,"featured_media":1083889,"comment_status":"open","ping_status":"closed","sticky":false,"template":"","format":"standard","meta":{"om_disable_all_campaigns":false,"jnews-multi-image_gallery":[],"jnews_single_post":[],"jnews_primary_category":[],"jnews_social_meta":[],"footnotes":""},"categories":[39],"tags":[43502,1483,2448,10387,233985,3240,662,82365,724,1973,44548,1322,6137,2222,544],"class_list":["post-1083888","post","type-post","status-publish","format-standard","has-post-thumbnail","hentry","category-viajes","tag-adeje","tag-canarias","tag-celebracion","tag-celebraciones","tag-columna-digital","tag-comunidad","tag-cultura","tag-dimension-turistica","tag-eventos","tag-fiestas","tag-folclore","tag-patrimonio","tag-santos","tag-tradicion","tag-turismo"],"_links":{"self":[{"href":"https:\/\/dimensionturistica.com\/es\/wp-json\/wp\/v2\/posts\/1083888","targetHints":{"allow":["GET"]}}],"collection":[{"href":"https:\/\/dimensionturistica.com\/es\/wp-json\/wp\/v2\/posts"}],"about":[{"href":"https:\/\/dimensionturistica.com\/es\/wp-json\/wp\/v2\/types\/post"}],"author":[{"embeddable":true,"href":"https:\/\/dimensionturistica.com\/es\/wp-json\/wp\/v2\/users\/4"}],"replies":[{"embeddable":true,"href":"https:\/\/dimensionturistica.com\/es\/wp-json\/wp\/v2\/comments?post=1083888"}],"version-history":[{"count":1,"href":"https:\/\/dimensionturistica.com\/es\/wp-json\/wp\/v2\/posts\/1083888\/revisions"}],"predecessor-version":[{"id":1083890,"href":"https:\/\/dimensionturistica.com\/es\/wp-json\/wp\/v2\/posts\/1083888\/revisions\/1083890"}],"wp:featuredmedia":[{"embeddable":true,"href":"https:\/\/dimensionturistica.com\/es\/wp-json\/wp\/v2\/media\/1083889"}],"wp:attachment":[{"href":"https:\/\/dimensionturistica.com\/es\/wp-json\/wp\/v2\/media?parent=1083888"}],"wp:term":[{"taxonomy":"category","embeddable":true,"href":"https:\/\/dimensionturistica.com\/es\/wp-json\/wp\/v2\/categories?post=1083888"},{"taxonomy":"post_tag","embeddable":true,"href":"https:\/\/dimensionturistica.com\/es\/wp-json\/wp\/v2\/tags?post=1083888"}],"curies":[{"name":"wp","href":"https:\/\/api.w.org\/{rel}","templated":true}]}}