{"id":1083768,"date":"2025-12-08T19:22:57","date_gmt":"2025-12-08T19:22:57","guid":{"rendered":"https:\/\/dimensionturistica.com\/es\/?p=1083768"},"modified":"2025-12-08T19:22:57","modified_gmt":"2025-12-08T19:22:57","slug":"la-caravana-coca-cola-llega-a-morelia-y-reune-a-mas-de-350-mil-personas-en-una-noche-llena-de-magia-navidena","status":"publish","type":"post","link":"https:\/\/dimensionturistica.com\/es\/la-caravana-coca-cola-llega-a-morelia-y-reune-a-mas-de-350-mil-personas-en-una-noche-llena-de-magia-navidena\/","title":{"rendered":"La Caravana Coca-Cola llega a Morelia y re\u00fane a m\u00e1s de 350 mil personas en una noche llena de magia navide\u00f1a"},"content":{"rendered":"\n<figure class=\"wp-block-gallery has-nested-images columns-default is-cropped wp-block-gallery-1 is-layout-flex wp-block-gallery-is-layout-flex\">\n<figure class=\"wp-block-image size-large\"><img decoding=\"async\" width=\"500\" height=\"281\" data-id=\"1083769\" src=\"https:\/\/dimensionturistica.com\/es\/wp-content\/uploads\/2025\/12\/2coca.jpg\" alt=\"\" class=\"wp-image-1083769\" srcset=\"https:\/\/dimensionturistica.com\/es\/wp-content\/uploads\/2025\/12\/2coca.jpg 500w, https:\/\/dimensionturistica.com\/es\/wp-content\/uploads\/2025\/12\/2coca-300x169.jpg 300w\" sizes=\"(max-width: 500px) 100vw, 500px\" \/><\/figure>\n<\/figure>\n\n\n\n<p>La Caravana Navide\u00f1a Coca-Cola ilumin\u00f3 las calles de Morelia el pasado 6 de diciembre, reuniendo a m\u00e1s de 350 mil personas que se dieron cita para disfrutar uno de los eventos decembrinos m\u00e1s esperados y emblem\u00e1ticos del pa\u00eds.<\/p>\n\n\n\n<p>Miles de familias michoacanas se colocaron a lo largo del recorrido para recibir a los m\u00e1s de 130 bailarines, veh\u00edculos aleg\u00f3ricos, m\u00fasica y luces que llenaron la capital michoacana de alegr\u00eda, esperanza y esp\u00edritu festivo.<\/p>\n\n\n\n<p>\u201cMorelia es una ciudad con una tradici\u00f3n, calidez y fuerza comunitaria extraordinarias. Ver a m\u00e1s de 350 mil personas reunidas para vivir la Caravana nos llena de emoci\u00f3n y gratitud. La respuesta de la gente fue impresionante, y reafirma lo especial que es este momento para todas las familias\u201d, coment\u00f3 Carmen M\u00e9ndez, vicepresidenta de Mercadotecnia de Coca-Cola M\u00e9xico.<\/p>\n\n\n\n<figure class=\"wp-block-gallery has-nested-images columns-default is-cropped wp-block-gallery-2 is-layout-flex wp-block-gallery-is-layout-flex\">\n<figure class=\"wp-block-image size-large\"><img decoding=\"async\" width=\"500\" height=\"295\" data-id=\"1083770\" src=\"https:\/\/dimensionturistica.com\/es\/wp-content\/uploads\/2025\/12\/1coca.jpg\" alt=\"\" class=\"wp-image-1083770\" srcset=\"https:\/\/dimensionturistica.com\/es\/wp-content\/uploads\/2025\/12\/1coca.jpg 500w, https:\/\/dimensionturistica.com\/es\/wp-content\/uploads\/2025\/12\/1coca-300x177.jpg 300w\" sizes=\"(max-width: 500px) 100vw, 500px\" \/><\/figure>\n<\/figure>\n\n\n\n<p>La Caravana fue posible gracias al esfuerzo conjunto de m\u00e1s de 390 personas de staff, responsables de la operaci\u00f3n log\u00edstica y el movimiento de cerca de 40 tr\u00e1ileres que conforman el recorrido. La coordinaci\u00f3n entre Coca-Cola M\u00e9xico, Coca-Cola FEMSA, as\u00ed como autoridades municipales y estatales, permiti\u00f3 una experiencia segura, organizada y profundamente emotiva para toda la comunidad.<\/p>\n\n\n\n<p>Por su parte, Aldo Castrej\u00f3n, director de Asuntos Corporativos de Coca-Cola FEMSA M\u00e9xico, destac\u00f3: \u201cEl recibimiento que tuvimos en Morelia fue extraordinario. Esta Caravana es una muestra de agradecimiento para las familias michoacanas, que siempre nos han brindado su confianza.<\/p>\n\n\n\n<p>La participaci\u00f3n, energ\u00eda y cari\u00f1o de la gente hicieron de esta noche un encuentro inolvidable para todos.\u201d<\/p>\n\n\n\n<p>Con esta edici\u00f3n en Morelia, la Caravana Navide\u00f1a Coca-Cola refuerza su papel como una de las celebraciones m\u00e1s queridas del pa\u00eds, conectando a millones de personas a trav\u00e9s de la magia, la tradici\u00f3n y la uni\u00f3n que caracterizan la temporada decembrina.<\/p>\n","protected":false},"excerpt":{"rendered":"<p>La Caravana Navide\u00f1a Coca-Cola ilumin\u00f3 las calles de Morelia el pasado 6 de diciembre, reuniendo a m\u00e1s de 350 mil personas que se dieron cita para disfrutar uno de los eventos decembrinos m\u00e1s esperados y emblem\u00e1ticos del pa\u00eds. Miles de familias michoacanas se colocaron a lo largo del recorrido para recibir a los m\u00e1s de [&hellip;]<\/p>\n","protected":false},"author":1,"featured_media":0,"comment_status":"open","ping_status":"closed","sticky":false,"template":"","format":"standard","meta":{"om_disable_all_campaigns":false,"jnews-multi-image_gallery":[],"jnews_single_post":{"format":"standard"},"jnews_primary_category":[],"jnews_social_meta":[],"footnotes":""},"categories":[144872],"tags":[],"class_list":["post-1083768","post","type-post","status-publish","format-standard","hentry","category-fashion"],"_links":{"self":[{"href":"https:\/\/dimensionturistica.com\/es\/wp-json\/wp\/v2\/posts\/1083768","targetHints":{"allow":["GET"]}}],"collection":[{"href":"https:\/\/dimensionturistica.com\/es\/wp-json\/wp\/v2\/posts"}],"about":[{"href":"https:\/\/dimensionturistica.com\/es\/wp-json\/wp\/v2\/types\/post"}],"author":[{"embeddable":true,"href":"https:\/\/dimensionturistica.com\/es\/wp-json\/wp\/v2\/users\/1"}],"replies":[{"embeddable":true,"href":"https:\/\/dimensionturistica.com\/es\/wp-json\/wp\/v2\/comments?post=1083768"}],"version-history":[{"count":1,"href":"https:\/\/dimensionturistica.com\/es\/wp-json\/wp\/v2\/posts\/1083768\/revisions"}],"predecessor-version":[{"id":1083771,"href":"https:\/\/dimensionturistica.com\/es\/wp-json\/wp\/v2\/posts\/1083768\/revisions\/1083771"}],"wp:attachment":[{"href":"https:\/\/dimensionturistica.com\/es\/wp-json\/wp\/v2\/media?parent=1083768"}],"wp:term":[{"taxonomy":"category","embeddable":true,"href":"https:\/\/dimensionturistica.com\/es\/wp-json\/wp\/v2\/categories?post=1083768"},{"taxonomy":"post_tag","embeddable":true,"href":"https:\/\/dimensionturistica.com\/es\/wp-json\/wp\/v2\/tags?post=1083768"}],"curies":[{"name":"wp","href":"https:\/\/api.w.org\/{rel}","templated":true}]}}