{"id":1083751,"date":"2025-12-08T18:49:52","date_gmt":"2025-12-08T18:49:52","guid":{"rendered":"https:\/\/dimensionturistica.com\/es\/?p=1083751"},"modified":"2025-12-08T18:49:52","modified_gmt":"2025-12-08T18:49:52","slug":"la-ciudad-de-leon-invita-a-recibir-la-navidad-la-cual-estara-llena-de-magia-alegria-y-mucha-diversion","status":"publish","type":"post","link":"https:\/\/dimensionturistica.com\/es\/la-ciudad-de-leon-invita-a-recibir-la-navidad-la-cual-estara-llena-de-magia-alegria-y-mucha-diversion\/","title":{"rendered":"La ciudad de Le\u00f3n invita a recibir La Navidad, la cual\u00a0 \u00a0estar\u00e1 llena de magia, alegr\u00eda y mucha diversi\u00f3n"},"content":{"rendered":"\n<figure class=\"wp-block-gallery has-nested-images columns-default is-cropped wp-block-gallery-1 is-layout-flex wp-block-gallery-is-layout-flex\">\n<figure class=\"wp-block-image size-large\"><img decoding=\"async\" width=\"500\" height=\"164\" data-id=\"1083752\" src=\"https:\/\/dimensionturistica.com\/es\/wp-content\/uploads\/2025\/12\/1LEON-1.jpg\" alt=\"\" class=\"wp-image-1083752\" srcset=\"https:\/\/dimensionturistica.com\/es\/wp-content\/uploads\/2025\/12\/1LEON-1.jpg 500w, https:\/\/dimensionturistica.com\/es\/wp-content\/uploads\/2025\/12\/1LEON-1-300x98.jpg 300w\" sizes=\"(max-width: 500px) 100vw, 500px\" \/><\/figure>\n<\/figure>\n\n\n\n<p>&nbsp;Lleg\u00f3 diciembre y con \u00e9l la magia, la luz y la alegr\u00eda de la temporada navide\u00f1a. El Municipio de Le\u00f3n tiene todo listo para que las familias y visitantes disfruten una de las \u00e9pocas m\u00e1s c\u00e1lidas y festivas del a\u00f1o.<\/p>\n\n\n\n<p>La presidenta municipal, Ale Guti\u00e9rrez present\u00f3 el programa Vive Navidad Vive Le\u00f3n, una agenda dise\u00f1ada para que la ciudadan\u00eda aproveche al m\u00e1ximo las actividades que llenar\u00e1n de vida cada rinc\u00f3n de la ciudad.<\/p>\n\n\n\n<p>\u201cQueremos seguir en los ojos del mundo, pero sobre todo de manera importante, que la gente de Le\u00f3n disfrute y viva cada una de las temporadas. Y ahora viene la Navidad porque a todos nos emociona. Lo que queremos es que la gente disfrute y que pueda gozar su ciudad\u201d, coment\u00f3.<\/p>\n\n\n\n<figure class=\"wp-block-gallery has-nested-images columns-default is-cropped wp-block-gallery-2 is-layout-flex wp-block-gallery-is-layout-flex\">\n<figure class=\"wp-block-image size-large\"><img decoding=\"async\" width=\"500\" height=\"307\" data-id=\"1083753\" src=\"https:\/\/dimensionturistica.com\/es\/wp-content\/uploads\/2025\/12\/4LEON.jpg\" alt=\"\" class=\"wp-image-1083753\" srcset=\"https:\/\/dimensionturistica.com\/es\/wp-content\/uploads\/2025\/12\/4LEON.jpg 500w, https:\/\/dimensionturistica.com\/es\/wp-content\/uploads\/2025\/12\/4LEON-300x184.jpg 300w\" sizes=\"(max-width: 500px) 100vw, 500px\" \/><\/figure>\n<\/figure>\n\n\n\n<p>Ser\u00e1n del 10 de diciembre al 6 de enero, cuando en 4 sedes principales: Arco de la Calzada, Templo Expiatorio, Plaza Principal y Plaza Fundadores los adornos navide\u00f1os, los conciertos, nacimientos monumentales y dem\u00e1s actividades, le den vida al municipio.<\/p>\n\n\n\n<p>Adem\u00e1s de la Villa Navide\u00f1a, que estar\u00e1 disponible en el Parque Ecol\u00f3gico de la Feria del 1 al 27 de diciembre. En esta edici\u00f3n est\u00e1 inspirada en el Cascanueces y se dividir\u00e1 en tres reinos: el reino de los dulces, el reino del juguete y el reino de la nieve.<\/p>\n\n\n\n<figure class=\"wp-block-gallery has-nested-images columns-default is-cropped wp-block-gallery-3 is-layout-flex wp-block-gallery-is-layout-flex\">\n<figure class=\"wp-block-image size-large\"><img decoding=\"async\" width=\"500\" height=\"333\" data-id=\"1083754\" src=\"https:\/\/dimensionturistica.com\/es\/wp-content\/uploads\/2025\/12\/2LEON-1.jpg\" alt=\"\" class=\"wp-image-1083754\" srcset=\"https:\/\/dimensionturistica.com\/es\/wp-content\/uploads\/2025\/12\/2LEON-1.jpg 500w, https:\/\/dimensionturistica.com\/es\/wp-content\/uploads\/2025\/12\/2LEON-1-300x200.jpg 300w\" sizes=\"(max-width: 500px) 100vw, 500px\" \/><\/figure>\n<\/figure>\n\n\n\n<p>La entrada ser\u00e1 gratuita, con horario de lunes a jueves de 17:00 a 22:00 horas, y viernes a domingo de 17:00 a 23:00 horas.<\/p>\n\n\n\n<p>El emblem\u00e1tico Arco de la Calzada sorprender\u00e1 a turistas y locales con sus arcos y macetones de nochebuena, renos iluminados, campana monumental y Photo Opportunity A\u00f1o Nuevo 450.<\/p>\n\n\n\n<p>En el templo Expiatorio se instalar\u00e1 un \u00e1rbol inmersivo led, un carrusel y otro Photo Opportunity 2026.<\/p>\n\n\n\n<p>Para esta ocasi\u00f3n, la Plaza Principal es la sede del Nacimiento monumental y decoraciones gigantes; de igual manera la Plaza Fundadores contar\u00e1 con decoraci\u00f3n general en la fachada de la Casa de la Cultura, y se esperan m\u00e1s de 20 eventos navide\u00f1os, todos de manera gratuita.<\/p>\n\n\n\n<figure class=\"wp-block-gallery has-nested-images columns-default is-cropped wp-block-gallery-4 is-layout-flex wp-block-gallery-is-layout-flex\">\n<figure class=\"wp-block-image size-large\"><img decoding=\"async\" width=\"500\" height=\"333\" data-id=\"1083755\" src=\"https:\/\/dimensionturistica.com\/es\/wp-content\/uploads\/2025\/12\/3LEON-1.jpg\" alt=\"\" class=\"wp-image-1083755\" srcset=\"https:\/\/dimensionturistica.com\/es\/wp-content\/uploads\/2025\/12\/3LEON-1.jpg 500w, https:\/\/dimensionturistica.com\/es\/wp-content\/uploads\/2025\/12\/3LEON-1-300x200.jpg 300w\" sizes=\"(max-width: 500px) 100vw, 500px\" \/><\/figure>\n<\/figure>\n\n\n\n<p>Adem\u00e1s de los sitios emblem\u00e1ticos del municipio, tambi\u00e9n se adornar\u00e1n algunas de las avenidas principales como el bulevar L\u00f3pez Mateos, Calzada de los H\u00e9roes, Puente Malec\u00f3n, glorieta Antorcha del Bicentenario, por mencionar algunos.<\/p>\n\n\n\n<p>Allan Le\u00f3n Aguirre, secretario de Vinculaci\u00f3n y Atenci\u00f3n a los Leoneses destac\u00f3 que la temporada tambi\u00e9n se vivir\u00e1 en los parques y espacios p\u00fablicos como parte del compromiso por consolidar la mejor red de parques del pa\u00eds.<\/p>\n\n\n\n<p>En el Zool\u00f3gico de Le\u00f3n, el 10 de diciembre se realizar\u00e1 el encendido del \u00e1rbol, y diversas actividades como expreZoo Polar, shows infantiles, pastorelas y no puede faltar la foto con Santa y los Reyes Magos.<\/p>\n\n\n\n<p>El Parque Metropolitano, por primera vez tendr\u00e1 un Festival Navide\u00f1o, dentro de las actividades principales destaca el festival de luces y kayak nocturno.<\/p>\n\n\n\n<p>Tambi\u00e9n habr\u00e1 diversas actividades en parques vecinales como el Panorama, Bosques de la Olla y Parque Metropolitano La Reserva.<\/p>\n\n\n\n<figure class=\"wp-block-gallery has-nested-images columns-default is-cropped wp-block-gallery-5 is-layout-flex wp-block-gallery-is-layout-flex\">\n<figure class=\"wp-block-image size-large\"><img decoding=\"async\" width=\"500\" height=\"402\" data-id=\"1083756\" src=\"https:\/\/dimensionturistica.com\/es\/wp-content\/uploads\/2025\/12\/6LEON.jpg\" alt=\"\" class=\"wp-image-1083756\" srcset=\"https:\/\/dimensionturistica.com\/es\/wp-content\/uploads\/2025\/12\/6LEON.jpg 500w, https:\/\/dimensionturistica.com\/es\/wp-content\/uploads\/2025\/12\/6LEON-300x241.jpg 300w\" sizes=\"(max-width: 500px) 100vw, 500px\" \/><\/figure>\n<\/figure>\n\n\n\n<p>\u201cDisfrutemos de cada uno de estos parques, que los iluminemos, que tengamos actividades culturales, deportivas, recreativas, para el disfrute de &nbsp;todas las familias\u201d, mencion\u00f3.<\/p>\n\n\n\n<p>Impulso al comercio local<\/p>\n\n\n\n<p>M\u00e1s de 190 comerciantes y emprendedores ofrecer\u00e1n sus productos en Plaza Expiatorio, Calzada de los H\u00e9roes y Plaza Fundadores.<\/p>\n\n\n\n<p>Adem\u00e1s, en San Juan de Dios se realizar\u00e1 la segunda Feria de la Pi\u00f1ata, con 38 puestos, 20 talleres de elaboraci\u00f3n y 50 presentaciones art\u00edsticas.<\/p>\n\n\n\n<p>Mar\u00eda Fernanda Rodr\u00edguez Gonz\u00e1lez, secretaria para la Reactivaci\u00f3n Econ\u00f3mica de Le\u00f3n, explic\u00f3 que la intenci\u00f3n es apoyar la econom\u00eda local para mejorar su calidad de vida: \u201cEncontrar\u00e1n diversidad, hay de todo, desde cosm\u00e9ticos, arte, bisuter\u00eda, cer\u00e1mica, art\u00edculos de piel. Vayan, hagan sus compras ah\u00ed para que favorezcamos la compra de lo local, a todos nos viene bien\u201d, coment\u00f3.<\/p>\n\n\n\n<p>Una navidad segura y tranquila<\/p>\n\n\n\n<p>Y con el objetivo de que las fiestas decembrinas se realicen de manera tranquila y segura, la Secretar\u00eda de Seguridad, Prevenci\u00f3n y Protecci\u00f3n Ciudadana, ya tiene listo el operativo de vigilancia en las diversas zonas tur\u00edsticas y lugares donde habr\u00e1 actividades navide\u00f1as.<\/p>\n\n\n\n<p>Jorge Guill\u00e9n Rico, secretario de Seguridad, explic\u00f3 que la vigilancia se realizar\u00e1 para cuidar la seguridad de los leoneses y los turistas.<\/p>\n\n\n\n<figure class=\"wp-block-gallery has-nested-images columns-default is-cropped wp-block-gallery-6 is-layout-flex wp-block-gallery-is-layout-flex\">\n<figure class=\"wp-block-image size-large\"><img decoding=\"async\" width=\"1024\" height=\"279\" data-id=\"1083757\" src=\"https:\/\/dimensionturistica.com\/es\/wp-content\/uploads\/2025\/12\/unnamed-1-1024x279.png\" alt=\"\" class=\"wp-image-1083757\" srcset=\"https:\/\/dimensionturistica.com\/es\/wp-content\/uploads\/2025\/12\/unnamed-1-1024x279.png 1024w, https:\/\/dimensionturistica.com\/es\/wp-content\/uploads\/2025\/12\/unnamed-1-300x82.png 300w, https:\/\/dimensionturistica.com\/es\/wp-content\/uploads\/2025\/12\/unnamed-1-768x209.png 768w, https:\/\/dimensionturistica.com\/es\/wp-content\/uploads\/2025\/12\/unnamed-1-750x204.png 750w, https:\/\/dimensionturistica.com\/es\/wp-content\/uploads\/2025\/12\/unnamed-1-1140x310.png 1140w, https:\/\/dimensionturistica.com\/es\/wp-content\/uploads\/2025\/12\/unnamed-1.png 1440w\" sizes=\"(max-width: 1024px) 100vw, 1024px\" \/><\/figure>\n<\/figure>\n\n\n\n<p>\u201cYa est\u00e1 la estrategia de seguridad para todos estos eventos, las c\u00e1maras del C4, ya est\u00e1 listo el trabajo de Protecci\u00f3n Civil, Bomberos, Polic\u00eda, en todas las modalidades de patrullaje\u201d, coment\u00f3.<\/p>\n\n\n\n<p><strong>Le piden a la ciudadan\u00eda el de no prender fogatas ni la de quemar basura<\/strong><\/p>\n\n\n\n<p>El Municipio exhorta a la poblaci\u00f3n a no encender fogatas ni quemar llantas o basura. Quien sea sorprendido podr\u00e1 recibir una multa de 30 a 5 mil UMAS, equivalente a 3 mil 394 hasta 565 mil pesos.<\/p>\n\n\n\n<p><strong>Le\u00f3n, una ciudad viva y vibrante<\/strong><\/p>\n","protected":false},"excerpt":{"rendered":"<p>&nbsp;Lleg\u00f3 diciembre y con \u00e9l la magia, la luz y la alegr\u00eda de la temporada navide\u00f1a. El Municipio de Le\u00f3n tiene todo listo para que las familias y visitantes disfruten una de las \u00e9pocas m\u00e1s c\u00e1lidas y festivas del a\u00f1o. La presidenta municipal, Ale Guti\u00e9rrez present\u00f3 el programa Vive Navidad Vive Le\u00f3n, una agenda dise\u00f1ada [&hellip;]<\/p>\n","protected":false},"author":1,"featured_media":0,"comment_status":"open","ping_status":"closed","sticky":false,"template":"","format":"standard","meta":{"om_disable_all_campaigns":false,"jnews-multi-image_gallery":[],"jnews_single_post":[],"jnews_primary_category":[],"jnews_social_meta":[],"footnotes":""},"categories":[39],"tags":[],"class_list":["post-1083751","post","type-post","status-publish","format-standard","hentry","category-viajes"],"_links":{"self":[{"href":"https:\/\/dimensionturistica.com\/es\/wp-json\/wp\/v2\/posts\/1083751","targetHints":{"allow":["GET"]}}],"collection":[{"href":"https:\/\/dimensionturistica.com\/es\/wp-json\/wp\/v2\/posts"}],"about":[{"href":"https:\/\/dimensionturistica.com\/es\/wp-json\/wp\/v2\/types\/post"}],"author":[{"embeddable":true,"href":"https:\/\/dimensionturistica.com\/es\/wp-json\/wp\/v2\/users\/1"}],"replies":[{"embeddable":true,"href":"https:\/\/dimensionturistica.com\/es\/wp-json\/wp\/v2\/comments?post=1083751"}],"version-history":[{"count":1,"href":"https:\/\/dimensionturistica.com\/es\/wp-json\/wp\/v2\/posts\/1083751\/revisions"}],"predecessor-version":[{"id":1083758,"href":"https:\/\/dimensionturistica.com\/es\/wp-json\/wp\/v2\/posts\/1083751\/revisions\/1083758"}],"wp:attachment":[{"href":"https:\/\/dimensionturistica.com\/es\/wp-json\/wp\/v2\/media?parent=1083751"}],"wp:term":[{"taxonomy":"category","embeddable":true,"href":"https:\/\/dimensionturistica.com\/es\/wp-json\/wp\/v2\/categories?post=1083751"},{"taxonomy":"post_tag","embeddable":true,"href":"https:\/\/dimensionturistica.com\/es\/wp-json\/wp\/v2\/tags?post=1083751"}],"curies":[{"name":"wp","href":"https:\/\/api.w.org\/{rel}","templated":true}]}}