{"id":1083699,"date":"2025-12-08T17:18:00","date_gmt":"2025-12-08T17:18:00","guid":{"rendered":"https:\/\/dimensionturistica.com\/es\/?p=1083699"},"modified":"2025-12-08T17:18:00","modified_gmt":"2025-12-08T17:18:00","slug":"con-un-crecimiento-del-17-en-dos-anos-la-industria-de-reuniones-avanza-hacia-una-nueva-etapa-de-competitividad-global-bajo-el-liderazgo-de-luis-diaz","status":"publish","type":"post","link":"https:\/\/dimensionturistica.com\/es\/con-un-crecimiento-del-17-en-dos-anos-la-industria-de-reuniones-avanza-hacia-una-nueva-etapa-de-competitividad-global-bajo-el-liderazgo-de-luis-diaz\/","title":{"rendered":"Con un crecimiento del 17% en dos a\u00f1os, la Industria de Reuniones avanza hacia una nueva etapa de competitividad global bajo el liderazgo de Luis D\u00edaz."},"content":{"rendered":"\n<figure class=\"wp-block-gallery has-nested-images columns-default is-cropped wp-block-gallery-1 is-layout-flex wp-block-gallery-is-layout-flex\">\n<figure class=\"wp-block-image size-large\"><img decoding=\"async\" width=\"500\" height=\"376\" data-id=\"1083700\" src=\"https:\/\/dimensionturistica.com\/es\/wp-content\/uploads\/2025\/12\/6COMIR.jpg\" alt=\"\" class=\"wp-image-1083700\" srcset=\"https:\/\/dimensionturistica.com\/es\/wp-content\/uploads\/2025\/12\/6COMIR.jpg 500w, https:\/\/dimensionturistica.com\/es\/wp-content\/uploads\/2025\/12\/6COMIR-300x226.jpg 300w\" sizes=\"(max-width: 500px) 100vw, 500px\" \/><\/figure>\n<\/figure>\n\n\n\n<p>La ma\u00f1ana del d\u00eda de hoy, el Consejo Mexicano de la Industria de Reuniones (COMIR) anunci\u00f3 su agenda estrat\u00e9gica 2026\u20132027, liderada por el Presidente Luis D\u00edaz y los integrantes de la Mesa Directiva \u2014cuya toma de protesta se realiz\u00f3 en septiembre durante la celebraci\u00f3n del XXXI CNIR en Puebla\u2014: Luis D\u00edaz,<\/p>\n\n\n\n<p>Presidente; Kitzia Morales, Secretaria; Mauricio Magdaleno, Tesorero; Ma. Antonieta G\u00e1mez, Presidenta Electa; Rafael Hern\u00e1ndez, Vocal DEI; Miguel Cruz, Vocal CNIR; Ana\u00ed Cruz, Directora General.<\/p>\n\n\n\n<figure class=\"wp-block-gallery has-nested-images columns-default is-cropped wp-block-gallery-2 is-layout-flex wp-block-gallery-is-layout-flex\">\n<figure class=\"wp-block-image size-large\"><img decoding=\"async\" width=\"500\" height=\"751\" data-id=\"1083704\" src=\"https:\/\/dimensionturistica.com\/es\/wp-content\/uploads\/2025\/12\/4COMIR.jpg\" alt=\"\" class=\"wp-image-1083704\" srcset=\"https:\/\/dimensionturistica.com\/es\/wp-content\/uploads\/2025\/12\/4COMIR.jpg 500w, https:\/\/dimensionturistica.com\/es\/wp-content\/uploads\/2025\/12\/4COMIR-200x300.jpg 200w\" sizes=\"(max-width: 500px) 100vw, 500px\" \/><\/figure>\n<\/figure>\n\n\n\n<p>La Industria de Reuniones (IDR) vive uno de los momentos de mayor dinamismo en su historia. De acuerdo con el Bar\u00f3metro de la IDR, el sector pas\u00f3 de representar 1.52% del PIB nacional en 2022, a 1.62% en 2023 y 1.83% en 2024, lo que significa un crecimiento acumulado superior al 17%. Actualmente genera m\u00e1s de un mill\u00f3n de empleos directos e indirectos, se realizan m\u00e1s de 366,000 eventos en el pa\u00eds cada a\u00f1o, y M\u00e9xico se posiciona entre los l\u00edderes mundiales del sector:<\/p>\n\n\n\n<p>\u25cf 5.\u00ba lugar global en generaci\u00f3n de empleos<\/p>\n\n\n\n<p>\u25cf 7.\u00ba lugar en contribuci\u00f3n al PIB global del turismo de reuniones<\/p>\n\n\n\n<p>\u25cf 6.\u00ba lugar en gasto promedio por participante<\/p>\n\n\n\n<p>\u25cf 9.\u00ba lugar en derrama total por evento<\/p>\n\n\n\n<p>Nueva Mesa Directiva 2026\u20132027<\/p>\n\n\n\n<p>\u25cf Luis D\u00edaz, Presidente<\/p>\n\n\n\n<p>\u25cf Kitzia Morales, Secretaria<\/p>\n\n\n\n<p>\u25cf Mauricio Magdaleno, Tesorero<\/p>\n\n\n\n<p>\u25cf Ma. Antonieta G\u00e1mez, Presidenta Electa<\/p>\n\n\n\n<p>\u25cf Rafael Hern\u00e1ndez, Vocal DEI<\/p>\n\n\n\n<p>\u25cf Miguel Cruz, Vocal CNIR<\/p>\n\n\n\n<p>Plan de Trabajo 2026\u20132027<\/p>\n\n\n\n<p>La hoja de ruta presentada por el nuevo Presidente se estructura en cinco ejes estrat\u00e9gicos que definir\u00e1n el rumbo del COMIR durante los pr\u00f3ximos dos a\u00f1os.<\/p>\n\n\n\n<p>1. Integraci\u00f3n interasociativa y articulaci\u00f3n sectorial<\/p>\n\n\n\n<p>\u25cf Puesta en marcha del Consejo de Presidentes COMIR, acompa\u00f1ado de un manual operativo y un reconocimiento anual.<\/p>\n\n\n\n<p>\u25cf Desarrollo de una plataforma digital informativa y de capacitaci\u00f3n para asociados y sus socios.<\/p>\n\n\n\n<p>\u25cf Nuevas categor\u00edas de membres\u00eda para fortalecer la participaci\u00f3n<\/p>\n\n\n\n<p>del gremio.<\/p>\n\n\n\n<p>\u25cf Celebraci\u00f3n de los 10 a\u00f1os de COMIR, con nuevo branding, datos renovados y acciones de sostenibilidad.<\/p>\n\n\n\n<p>2. Profesionalizaci\u00f3n, talento y desarrollo institucional<\/p>\n\n\n\n<p>\u25cf Ampliaci\u00f3n del Sistema de Certificaci\u00f3n Profesional.<\/p>\n\n\n\n<figure class=\"wp-block-gallery has-nested-images columns-default is-cropped wp-block-gallery-3 is-layout-flex wp-block-gallery-is-layout-flex\">\n<figure class=\"wp-block-image size-large\"><img decoding=\"async\" width=\"500\" height=\"529\" data-id=\"1083707\" src=\"https:\/\/dimensionturistica.com\/es\/wp-content\/uploads\/2025\/12\/3COMIR.jpg\" alt=\"\" class=\"wp-image-1083707\" srcset=\"https:\/\/dimensionturistica.com\/es\/wp-content\/uploads\/2025\/12\/3COMIR.jpg 500w, https:\/\/dimensionturistica.com\/es\/wp-content\/uploads\/2025\/12\/3COMIR-284x300.jpg 284w\" sizes=\"(max-width: 500px) 100vw, 500px\" \/><\/figure>\n<\/figure>\n\n\n\n<p>\u25cf Cat\u00e1logo en l\u00ednea de capacitaci\u00f3n y oferta educativa de las asociaciones.<\/p>\n\n\n\n<p>\u25cf Alianza con universidades para incorporar estudiantes de licenciatura y posgrado a la IDR.<\/p>\n\n\n\n<p>\u25cf Organizaci\u00f3n del 1er Congreso de Estudiantes de la Industria de Reuniones.<\/p>\n\n\n\n<p>\u25cf Bolsa de trabajo para estudiantes y j\u00f3venes profesionales.<\/p>\n\n\n\n<p>3. Promoci\u00f3n estrat\u00e9gica y posicionamiento internacional<\/p>\n\n\n\n<p>\u25cf Impulso al Bur\u00f3 Mexicano de Congresos y Convenciones (BMCC) para fortalecer la atracci\u00f3n de eventos a M\u00e9xico.<\/p>\n\n\n\n<p>\u25cf Mayor presencia en eventos internacionales clave: FITUR, Tianguis Tur\u00edstico, FIEXPO, PCMA, IBTM e IMEX.<\/p>\n\n\n\n<p>\u25cf Alianzas estrat\u00e9gicas para proyectar a M\u00e9xico como destino global competitivo.<\/p>\n\n\n\n<p>4. Incidencia p\u00fablica, agenda legislativa y financiamiento<\/p>\n\n\n\n<p>\u25cf Promoci\u00f3n de la Tasa Cero como herramienta para fortalecer la competitividad del sector.<\/p>\n\n\n\n<p>\u25cf Consolidaci\u00f3n del Comit\u00e9 de Asuntos P\u00fablicos.<\/p>\n\n\n\n<p>\u25cf Impulso y difusi\u00f3n del Carnet ATA para facilitar el comercio temporal de bienes para eventos.<\/p>\n\n\n\n<p>\u25cf Gesti\u00f3n de visados, en colaboraci\u00f3n con el INM, SRE y SECTUR.<\/p>\n\n\n\n<p>5. Innovaci\u00f3n, sustentabilidad e inclusi\u00f3n<\/p>\n\n\n\n<p>\u25cf Fortalecimiento del c\u00f3digo de sostenibilidad para los eventos del COMIR y de las asociaciones.<\/p>\n\n\n\n<p>\u25cf Implementaci\u00f3n del Bar\u00f3metro de la IDR con IA para facilitar la lectura y an\u00e1lisis de datos del sector.<\/p>\n\n\n\n<p>\u25cf Programa COMIR de inclusi\u00f3n, equidad y transparencia sectorial<\/p>\n\n\n\n<p>(DEI).<\/p>\n\n\n\n<p>\u25cf Impulso a la transformaci\u00f3n digital de la industria. \u201cLa Industria de Reuniones es un motor econ\u00f3mico, social e intelectual para M\u00e9xico. Nuestro compromiso es seguir profesionalizando al sector, fortalecer su competitividad global y consolidar una agenda unificada que permita atraer m\u00e1s eventos, generar m\u00e1s empleos y proyectar a nuestro pa\u00eds como u referente internacional. Este plan de trabajo es una hoja de ruta construida en comunidad, con visi\u00f3n a futuro y con la convicci\u00f3n de que la colaboraci\u00f3n es la base de nuestro crecimiento.\u201d Luis D\u00edaz, Presidente del COMIR 2026\u20132027.<\/p>\n\n\n\n<p>Los eventos de COMIR 2025\u20132026<\/p>\n\n\n\n<p>\u25cf GMID 2026 \u2013 5 de mayo<\/p>\n\n\n\n<figure class=\"wp-block-gallery has-nested-images columns-default is-cropped wp-block-gallery-4 is-layout-flex wp-block-gallery-is-layout-flex\">\n<figure class=\"wp-block-image size-full\"><img decoding=\"async\" width=\"500\" height=\"332\" data-id=\"1083709\" src=\"https:\/\/dimensionturistica.com\/es\/wp-content\/uploads\/2025\/12\/1COMIR.jpg\" alt=\"\" class=\"wp-image-1083709\" srcset=\"https:\/\/dimensionturistica.com\/es\/wp-content\/uploads\/2025\/12\/1COMIR.jpg 500w, https:\/\/dimensionturistica.com\/es\/wp-content\/uploads\/2025\/12\/1COMIR-300x199.jpg 300w\" sizes=\"(max-width: 500px) 100vw, 500px\" \/><\/figure>\n<\/figure>\n\n\n\n<p>\u25cf CNIR 2026 y Foro Econ\u00f3mico IDR \u2013 9 al 12 de septiembre, Quer\u00e9taro<\/p>\n\n\n\n<p>\u25cf 1er Congreso de Estudiantes de la Industria de Reuniones<\/p>\n\n\n\n<p>\u25cf 10\u00b0 Aniversario de COMIR<\/p>\n\n\n\n<p>\u25cf Posada de la IDR 2026<\/p>\n\n\n\n<p>-o- Para informaci\u00f3n de prensa, por favor contactar:<\/p>\n\n\n\n<p>Fedra Villagr\u00e1n<\/p>\n\n\n\n<p>Estrategia Blue<\/p>\n\n\n\n<p>fedrav@estrategiablue.com<\/p>\n\n\n\n<p>Boiler Plate<\/p>\n\n\n\n<p>El Consejo Mexicano de la Industria de Reuniones (COMIR). Es el organismo que integra y representa a los diferentes actores de la<\/p>\n\n\n\n<p>Industria de Reuniones ante las autoridades del Gobierno de M\u00e9xico para procurar beneficios y gestiones de las pol\u00edticas p\u00fablicas del sector.<\/p>\n\n\n\n<p>Visita:<\/p>\n\n\n\n<p>P\u00e1gina web: https:\/\/www.comir.org.mx\/index.php<\/p>\n\n\n\n<p>Facebook: https:\/\/www.facebook.com\/comir.org<\/p>\n\n\n\n<p>Instagram: https:\/\/www.instagram.com\/comir.mx\/<\/p>\n\n\n\n<p>LinkedIn:https:\/\/www.linkedin.com\/company\/consejo-mexicano-de-la-industria-de- reuniones<\/p>\n","protected":false},"excerpt":{"rendered":"<p>La ma\u00f1ana del d\u00eda de hoy, el Consejo Mexicano de la Industria de Reuniones (COMIR) anunci\u00f3 su agenda estrat\u00e9gica 2026\u20132027, liderada por el Presidente Luis D\u00edaz y los integrantes de la Mesa Directiva \u2014cuya toma de protesta se realiz\u00f3 en septiembre durante la celebraci\u00f3n del XXXI CNIR en Puebla\u2014: Luis D\u00edaz, Presidente; Kitzia Morales, Secretaria; [&hellip;]<\/p>\n","protected":false},"author":1,"featured_media":0,"comment_status":"open","ping_status":"closed","sticky":false,"template":"","format":"standard","meta":{"om_disable_all_campaigns":false,"jnews-multi-image_gallery":[],"jnews_single_post":{"format":"standard"},"jnews_primary_category":[],"jnews_social_meta":[],"footnotes":""},"categories":[40],"tags":[],"class_list":["post-1083699","post","type-post","status-publish","format-standard","hentry","category-industria"],"_links":{"self":[{"href":"https:\/\/dimensionturistica.com\/es\/wp-json\/wp\/v2\/posts\/1083699","targetHints":{"allow":["GET"]}}],"collection":[{"href":"https:\/\/dimensionturistica.com\/es\/wp-json\/wp\/v2\/posts"}],"about":[{"href":"https:\/\/dimensionturistica.com\/es\/wp-json\/wp\/v2\/types\/post"}],"author":[{"embeddable":true,"href":"https:\/\/dimensionturistica.com\/es\/wp-json\/wp\/v2\/users\/1"}],"replies":[{"embeddable":true,"href":"https:\/\/dimensionturistica.com\/es\/wp-json\/wp\/v2\/comments?post=1083699"}],"version-history":[{"count":1,"href":"https:\/\/dimensionturistica.com\/es\/wp-json\/wp\/v2\/posts\/1083699\/revisions"}],"predecessor-version":[{"id":1083710,"href":"https:\/\/dimensionturistica.com\/es\/wp-json\/wp\/v2\/posts\/1083699\/revisions\/1083710"}],"wp:attachment":[{"href":"https:\/\/dimensionturistica.com\/es\/wp-json\/wp\/v2\/media?parent=1083699"}],"wp:term":[{"taxonomy":"category","embeddable":true,"href":"https:\/\/dimensionturistica.com\/es\/wp-json\/wp\/v2\/categories?post=1083699"},{"taxonomy":"post_tag","embeddable":true,"href":"https:\/\/dimensionturistica.com\/es\/wp-json\/wp\/v2\/tags?post=1083699"}],"curies":[{"name":"wp","href":"https:\/\/api.w.org\/{rel}","templated":true}]}}