{"id":108356,"date":"2021-04-06T13:22:40","date_gmt":"2021-04-06T13:22:40","guid":{"rendered":"https:\/\/dimensionturistica.com\/es\/?p=108356"},"modified":"2021-04-06T13:22:41","modified_gmt":"2021-04-06T13:22:41","slug":"un-hub-para-integrar-toda-la-oferta-turistica-canaria-en-una-unica-plataforma-digital","status":"publish","type":"post","link":"https:\/\/dimensionturistica.com\/es\/un-hub-para-integrar-toda-la-oferta-turistica-canaria-en-una-unica-plataforma-digital\/","title":{"rendered":"Un &#8216;hub&#8217; para integrar toda la oferta tur\u00edstica canaria en una \u00fanica plataforma digital"},"content":{"rendered":"<p> <br \/>\n<\/p>\n<div id=\"\">\n<p><img decoding=\"async\" itemprop=\"image\" src=\"https:\/\/www.lancelotdigital.com\/images\/2021\/04\/YAIZA.jpeg\"\/><\/p>\n<p>&#13;<\/p>\n<p><strong>Se trata de un espacio tecnol\u00f3gico abierto de colaboraci\u00f3n e innovaci\u00f3n que incluir\u00e1 a empresas y administraciones en el marco de la estrategia Canarias Destino<\/strong><\/p>\n<p>&#13;<br \/>\n &#13;<\/p>\n<p>\u00a0<\/p>\n<p>&#13;<\/p>\n<li class=\"texto\"><i class=\"fa fa-file-text-o\"\/>Lancelot Digital<\/li>\n<p>\u00a0&#13;<\/p>\n<p>\u00a0<\/p>\n<p>&#13;<\/p>\n<p>\u00a0<\/p>\n<p>&#13;<\/p>\n<p>La consejera de Turismo, Industria y Comercio del Gobierno de Canarias, Yaiza Castilla, anunci\u00f3 esta ma\u00f1ana en comisi\u00f3n parlamentaria la puesta en marcha del Hub Canarias Destino, una herramienta tecnol\u00f3gica que permitir\u00e1 integrar a los principales actores del sector tur\u00edstico en una \u00fanica plataforma digital que concentrar\u00e1 toda la oferta del destino.<\/p>\n<p>&#13;<\/p>\n<p>\u00a0<\/p>\n<p>&#13;<\/p>\n<p>Este &#8216;hub&#8217; o centro de conexi\u00f3n se enmarca en la estrategia Canarias Destino, impulsada por la Consejer\u00eda a trav\u00e9s de la empresa p\u00fablica Promotur Turismo de Islas Canarias y que fue presentada p\u00fablicamente el pasado 3 de marzo. La integraci\u00f3n de empresas y administraciones en el &#8216;hub&#8217; resultar\u00e1 esencial para dar forma a una plataforma de destino tur\u00edstico innovadora, inteligente y sostenible, que aglutinar\u00e1 datos, informaci\u00f3n y servicios para mejorar la experiencia del turista.<\/p>\n<p>&#13;<\/p>\n<p>\u00a0<\/p>\n<p>&#13;<\/p>\n<p>&#8220;Con esta plataforma podremos monitorizar el contexto en todo momento para asegurar que todos los eslabones de la cadena tur\u00edstica est\u00e9n enfocados a ofrecer seguridad en el destino, unas actividades y productos respetuosos con el medioambiente y servicios con un alto valor a\u00f1adido, con el fin de posicionar a Islas Canarias por delante de otros competidores tur\u00edsticos&#8221;, explic\u00f3 la consejera.<\/p>\n<p>&#13;<\/p>\n<p>\u00a0<\/p>\n<p>&#13;<\/p>\n<p>Durante su intervenci\u00f3n, Castilla explic\u00f3 que este &#8216;hub&#8217; est\u00e1 concebido como un espacio abierto de colaboraci\u00f3n e innovaci\u00f3n que se mover\u00e1 en dos \u00e1mbitos. &#8220;El primero estar\u00e1 relacionado con la informaci\u00f3n, captaci\u00f3n, involucraci\u00f3n y colaboraci\u00f3n de todos los protagonistas que conforman el ecosistema tur\u00edstico canario en la plataforma, tanto p\u00fablicos como privados&#8221;, asegur\u00f3 la consejera. El segundo estar\u00e1 m\u00e1s focalizado a fomentar e impulsar la innovaci\u00f3n, as\u00ed como vigilar los avances tecnol\u00f3gicos, empoderando a estos actores y enriqueciendo la plataforma.<\/p>\n<p>&#13;<\/p>\n<p>\u00a0<\/p>\n<p>&#13;<\/p>\n<p>Los primeros encuentros para sumar a empresas e instituciones ya se han producido. &#8220;Hemos mantenido las primeras reuniones con agencias de viajes online como Destinia y Logitravel, empresas de inform\u00e1tica y software como Amadeus y Noray, entre muchas otras, as\u00ed como con los siete cabildos para explicarles nuestra estrategia e invitarles a sumarse a ella&#8221;, anunci\u00f3 la consejera.<\/p>\n<p>&#13;<\/p>\n<p>\u00a0<\/p>\n<p>&#13;<\/p>\n<p>Castilla defendi\u00f3 la validez de las acciones enmarcadas en Canarias Destino, &#8220;que lejos de sustituir a los turoperadores, lo que pretenden es sumarse a ellos haciendo visible el producto tur\u00edstico a lo largo de toda su cadena de valor y beneficiando as\u00ed a todos los sectores productivos de las ocho islas&#8221;.<\/p>\n<p>&#13;<\/p>\n<p>\u00a0<\/p>\n<p>&#13;<\/p>\n<p>Para ello, la plataforma dar\u00e1 visibilidad a la variada oferta existente en el Archipi\u00e9lago, facilitando y promoviendo el consumo de productos y servicios locales en el turista. De esta manera, Turismo de Canarias no s\u00f3lo pretende mejorar la estancia del visitante en el destino, sino tambi\u00e9n recuperar la soberan\u00eda sobre los datos al disponer de un mayor conocimiento sobre los h\u00e1bitos de compra y preferencias de los visitantes, una informaci\u00f3n estrat\u00e9gica que ser\u00e1 esencial para ofrecer una mejor experiencia al turista y generar valor tanto al destino como al sector.<\/p>\n<p>&#13;<\/p>\n<p>\u00a0<\/p>\n<p>&#13;<\/p>\n<p>\t&#13;<\/p>\n<p>\u00a0<\/p>\n<p>&#13;<\/p>\n<p>Una finalidad que se conseguir\u00e1 siempre en un contexto marcado por la lucha contra el cambio clim\u00e1tico y una clara apuesta por la sostenibilidad, tal y como insisti\u00f3 la consejera. &#8220;A trav\u00e9s de capacidades tecnol\u00f3gicas como las Smart Cities, la Inteligencia Artificial o el Internet de las Cosas (IoT), esta plataforma podr\u00e1 certificar a nuestros clientes-turistas el grado de consumo local de su producto, as\u00ed como la medici\u00f3n de la huella de carbono y su grado de circularidad&#8221;, concluy\u00f3.<\/p>\n<\/p><\/div>\n<p><script src=\"https:\/\/connect.facebook.net\/es_ES\/all.js#xfbml=1\" type=\"text\/javascript\"><\/script><script type=\"text\/javascript\">\n\/\/<![CDATA[\n   \twindow.fbAsyncInit = function() {\n\t\tFB.init({ appId: '171342606239806', \n\t\t\tstatus: true, \n\t\t\tcookie: true,\n\t\t\txfbml: true,\n\t\t\toauth: true\n\t\t});\n   \t\t    \n\t  \t\t};\n    \/\/      \n    jQuery(window).load(function() {\n    \t(function(){\n    \t\tif(!document.getElementById('fb-root')) {\n    \t\t\tvar root = document.createElement('div');\n    \t\t\troot.id = 'fb-root';\n    \t\t\tdocument.getElementById('gkfb-root').appendChild(root);\n    \t\t\tvar e = document.createElement('script');\n    \t\t\te.src = document.location.protocol + '\/\/connect.facebook.net\/es_ES\/all.js';\n    \t\t\te.async = true;\n    \t\t\tdocument.getElementById('fb-root').appendChild(e);\n    \t\t}  \n    \t})();\n    });\n    \/\/]]>\n<\/script><br \/>\n<br \/><\/p>\n<p><em> &#8221; Fuentes www.lancelotdigital.com &#8221; <\/em><\/p>\n","protected":false},"excerpt":{"rendered":"<p>&#13; Se trata de un espacio tecnol\u00f3gico abierto de colaboraci\u00f3n e innovaci\u00f3n que incluir\u00e1 a empresas y administraciones en el marco de la estrategia Canarias Destino &#13; &#13; \u00a0 &#13; Lancelot Digital \u00a0&#13; \u00a0 &#13; \u00a0 &#13; La consejera de Turismo, Industria y Comercio del Gobierno de Canarias, Yaiza Castilla, anunci\u00f3 esta ma\u00f1ana en comisi\u00f3n [&hellip;]<\/p>\n","protected":false},"author":4,"featured_media":108357,"comment_status":"open","ping_status":"closed","sticky":false,"template":"","format":"standard","meta":{"om_disable_all_campaigns":false,"jnews-multi-image_gallery":[],"jnews_single_post":[],"jnews_primary_category":[],"jnews_social_meta":[],"footnotes":""},"categories":[40],"tags":[946],"class_list":["post-108356","post","type-post","status-publish","format-standard","has-post-thumbnail","hentry","category-industria","tag-lancelot-digital-noticias-lanzarote-diario-digital-periodico-canarias-sucesos-deportes-cultura-vida-social-opinion-semanario-revista"],"_links":{"self":[{"href":"https:\/\/dimensionturistica.com\/es\/wp-json\/wp\/v2\/posts\/108356","targetHints":{"allow":["GET"]}}],"collection":[{"href":"https:\/\/dimensionturistica.com\/es\/wp-json\/wp\/v2\/posts"}],"about":[{"href":"https:\/\/dimensionturistica.com\/es\/wp-json\/wp\/v2\/types\/post"}],"author":[{"embeddable":true,"href":"https:\/\/dimensionturistica.com\/es\/wp-json\/wp\/v2\/users\/4"}],"replies":[{"embeddable":true,"href":"https:\/\/dimensionturistica.com\/es\/wp-json\/wp\/v2\/comments?post=108356"}],"version-history":[{"count":0,"href":"https:\/\/dimensionturistica.com\/es\/wp-json\/wp\/v2\/posts\/108356\/revisions"}],"wp:featuredmedia":[{"embeddable":true,"href":"https:\/\/dimensionturistica.com\/es\/wp-json\/wp\/v2\/media\/108357"}],"wp:attachment":[{"href":"https:\/\/dimensionturistica.com\/es\/wp-json\/wp\/v2\/media?parent=108356"}],"wp:term":[{"taxonomy":"category","embeddable":true,"href":"https:\/\/dimensionturistica.com\/es\/wp-json\/wp\/v2\/categories?post=108356"},{"taxonomy":"post_tag","embeddable":true,"href":"https:\/\/dimensionturistica.com\/es\/wp-json\/wp\/v2\/tags?post=108356"}],"curies":[{"name":"wp","href":"https:\/\/api.w.org\/{rel}","templated":true}]}}