{"id":1083498,"date":"2025-12-08T00:10:09","date_gmt":"2025-12-08T00:10:09","guid":{"rendered":"https:\/\/dimensionturistica.com\/es\/?p=1083498"},"modified":"2025-12-08T00:10:09","modified_gmt":"2025-12-08T00:10:09","slug":"aventuras-de-viaje-ray-y-fatima-los-exploradores","status":"publish","type":"post","link":"https:\/\/dimensionturistica.com\/es\/aventuras-de-viaje-ray-y-fatima-los-exploradores\/","title":{"rendered":"Aventuras de Viaje: Ray y F\u00e1tima, Los Exploradores"},"content":{"rendered":"<h3>Destinos \u00danicos: Un Viaje de Exploraci\u00f3n y Aventura<\/h3>\n<p>Imagina un mundo donde cada rinc\u00f3n esconde historias ancestrales y paisajes que te dejan sin aliento. Dos intr\u00e9pidos viajeros, apasionados por explorar lo desconocido, se aventuran a descubrir joyas ocultas que invitan a todo el que tenga un esp\u00edritu aventurero a sumergirse en la belleza y la diversidad cultural del planeta.<\/p>\n<p>Desde los vibrantes mercados de culturas milenarias hasta los panoramas serenos de la naturaleza salvaje, cada destino elegido por estos exploradores se convierte en un tesoro por descubrir. En su relato, el viaje no es solo un desplazamiento f\u00edsico, sino una transformaci\u00f3n emocional que fluye con cada paso. Las historias que se entrelazan con cada lugar visitado enriquecen la experiencia de forma inigualable, permitiendo a los viajeros entender que cada destino tiene un latido propio.<\/p>\n<h3>La Magia de Conectar con el Entorno<\/h3>\n<p>Uno de los aspectos m\u00e1s destacados del viaje es la conexi\u00f3n \u00edntima con la tierra y las comunidades locales. En un mundo cada vez m\u00e1s digitalizado, estos viajeros nos recuerdan la importancia de la humanidad en el turismo. Ellos se sumergen en las tradiciones de los pueblos, aprenden de sus costumbres y comparten momentos de aut\u00e9ntica camarader\u00eda. Aqu\u00ed, se construyen lazos que trascienden fronteras geogr\u00e1ficas, convirtiendo simples visitas en recuerdos imborrables.<\/p>\n<p>En sus expediciones, pasan horas explorando rutas poco conocidas, donde la tranquilidad de la naturaleza sirve de tel\u00f3n de fondo para reflexionar y reconectar con uno mismo. Cada sendero recorrido se convierte en un viaje interno que invita a la introspecci\u00f3n y a la celebraci\u00f3n del esp\u00edritu aventurero que todos llevamos dentro.<\/p>\n<h3>Diversidad Cultural: Un Fest\u00edn para los Sentidos<\/h3>\n<p>Las aventuras de nuestros viajeros tambi\u00e9n son un fest\u00edn para los sentidos. Desde el aroma de especias ex\u00f3ticas en mercados locales hasta el vibrante arte que adorna las calles, cada experiencia despierta una nueva percepci\u00f3n. La gastronom\u00eda, un elemento central, se convierte en una forma de conocer la historia de un lugar y sus gentes. Cada plato narrado en su traves\u00eda es un relato de tradici\u00f3n y pasi\u00f3n, algo que todo viajero deber\u00eda experimentar al menos una vez en la vida.<\/p>\n<h3>El Viaje Interior: Un Ciclo de Crecimiento Personal<\/h3>\n<p>Las cr\u00f3nicas de estos exploradores no solo brindan relatos de aventuras externas, sino que tambi\u00e9n reflejan un viaje interior. Cada experiencia vivida, cada rostro encontrado en el camino, deja una huella profunda que transforma la perspectiva y el entendimiento del mundo. Viajar se convierte en una pr\u00e1ctica de crecimiento personal, donde los momentos dif\u00edciles y los desaf\u00edos son igualmente valiosos que las alegr\u00edas.<\/p>\n<h3>Un Llamado a la Aventura<\/h3>\n<p>Invitar a los lectores a emprender su propio camino de exploraci\u00f3n es el legado m\u00e1s poderoso que estos viajeros nos dejan. En un mundo donde el turismo est\u00e1 en constante evoluci\u00f3n, recordar la importancia de ser un viajero consciente resulta primordial. Cada destino es una oportunidad para aprender, compartir y, sobre todo, crecer. As\u00ed que empaca tus sue\u00f1os, elige tu destino, y ad\u00e9ntrate en el m\u00e1gico mundo de la aventura. \u00bfEst\u00e1s listo para ser el pr\u00f3ximo explorador?<\/p>\n<p><em> &#8221; Fuentes columnadigital.com &#8221; <\/em><\/p>\n","protected":false},"excerpt":{"rendered":"<p>Destinos \u00danicos: Un Viaje de Exploraci\u00f3n y Aventura Imagina un mundo donde cada rinc\u00f3n esconde historias ancestrales y paisajes que te dejan sin aliento. Dos intr\u00e9pidos viajeros, apasionados por explorar lo desconocido, se aventuran a descubrir joyas ocultas que invitan a todo el que tenga un esp\u00edritu aventurero a sumergirse en la belleza y la [&hellip;]<\/p>\n","protected":false},"author":4,"featured_media":1083499,"comment_status":"open","ping_status":"closed","sticky":false,"template":"","format":"standard","meta":{"om_disable_all_campaigns":false,"jnews-multi-image_gallery":[],"jnews_single_post":[],"jnews_primary_category":[],"jnews_social_meta":[],"footnotes":""},"categories":[39],"tags":[13687,233985,21162,23724,259708,13686,56308,51876,254475,2189,177093,254474,192533,544,681],"class_list":["post-1083498","post","type-post","status-publish","format-standard","has-post-thumbnail","hentry","category-viajes","tag-aventura","tag-columna-digital","tag-cronicas","tag-descubrimiento","tag-diario-de-aventura","tag-expedicion","tag-exploracion","tag-fatima","tag-fatima-de-burnay","tag-naturaleza","tag-ray","tag-ray-loriga","tag-relatos-de-viaje","tag-turismo","tag-viaje"],"_links":{"self":[{"href":"https:\/\/dimensionturistica.com\/es\/wp-json\/wp\/v2\/posts\/1083498","targetHints":{"allow":["GET"]}}],"collection":[{"href":"https:\/\/dimensionturistica.com\/es\/wp-json\/wp\/v2\/posts"}],"about":[{"href":"https:\/\/dimensionturistica.com\/es\/wp-json\/wp\/v2\/types\/post"}],"author":[{"embeddable":true,"href":"https:\/\/dimensionturistica.com\/es\/wp-json\/wp\/v2\/users\/4"}],"replies":[{"embeddable":true,"href":"https:\/\/dimensionturistica.com\/es\/wp-json\/wp\/v2\/comments?post=1083498"}],"version-history":[{"count":1,"href":"https:\/\/dimensionturistica.com\/es\/wp-json\/wp\/v2\/posts\/1083498\/revisions"}],"predecessor-version":[{"id":1083500,"href":"https:\/\/dimensionturistica.com\/es\/wp-json\/wp\/v2\/posts\/1083498\/revisions\/1083500"}],"wp:featuredmedia":[{"embeddable":true,"href":"https:\/\/dimensionturistica.com\/es\/wp-json\/wp\/v2\/media\/1083499"}],"wp:attachment":[{"href":"https:\/\/dimensionturistica.com\/es\/wp-json\/wp\/v2\/media?parent=1083498"}],"wp:term":[{"taxonomy":"category","embeddable":true,"href":"https:\/\/dimensionturistica.com\/es\/wp-json\/wp\/v2\/categories?post=1083498"},{"taxonomy":"post_tag","embeddable":true,"href":"https:\/\/dimensionturistica.com\/es\/wp-json\/wp\/v2\/tags?post=1083498"}],"curies":[{"name":"wp","href":"https:\/\/api.w.org\/{rel}","templated":true}]}}