{"id":1083486,"date":"2025-12-07T23:37:02","date_gmt":"2025-12-07T23:37:02","guid":{"rendered":"https:\/\/dimensionturistica.com\/es\/?p=1083486"},"modified":"2025-12-07T23:37:02","modified_gmt":"2025-12-07T23:37:02","slug":"katy-perry-deslumbro-en-japon-con-una-minifalda-noventera-y-botines-mientras-disfrutaba-de-su-cita-con-justin-trudeau","status":"publish","type":"post","link":"https:\/\/dimensionturistica.com\/es\/katy-perry-deslumbro-en-japon-con-una-minifalda-noventera-y-botines-mientras-disfrutaba-de-su-cita-con-justin-trudeau\/","title":{"rendered":"Katy Perry deslumbr\u00f3 en Jap\u00f3n con una minifalda noventera y botines mientras disfrutaba de su cita con Justin Trudeau."},"content":{"rendered":"<h3>Katy Perry: Un Look Impactante en su Encuentro con Justin Trudeau<\/h3>\n<p>La ic\u00f3nica cantante Katy Perry ha vuelto a robar la atenci\u00f3n del mundo de la moda con su reciente aparici\u00f3n junto al Primer Ministro canadiense, Justin Trudeau. Este encuentro no solo destac\u00f3 por el intercambio cultural, sino tambi\u00e9n por el impresionante atuendo que Katy eligi\u00f3 para la ocasi\u00f3n.<\/p>\n<h4>La Elegancia de la Minifalda<\/h4>\n<p>Perry se present\u00f3 con una minifalda que exudaba sofisticaci\u00f3n y audacia. Este cl\u00e1sico de la moda se reinventa constantemente, y Katy sabe exactamente c\u00f3mo darle un giro contempor\u00e1neo. La selecci\u00f3n de la minifalda se complement\u00f3 con un dise\u00f1o que abrazaba su figura, acentuando a la perfecci\u00f3n su silueta.<\/p>\n<h4>El Poder de las Medias<\/h4>\n<p>El look se complet\u00f3 con unas medias negras que aportaron un aire de misterio y sofisticaci\u00f3n. Este detalle no solo a\u00f1adi\u00f3 un toque chic al conjunto, sino que tambi\u00e9n resalt\u00f3 las piernas de la artista, convirtiendo cada paso en un desfile de estilo. Las medias se han convertido en un elemento esencial en el guardarropa de quienes buscan un look que equilibre lo cl\u00e1sico con lo moderno.<\/p>\n<h4>Botines que Marcan Tendencia<\/h4>\n<p>Para cerrar su outfit, Katy opt\u00f3 por unos botines negros que, sin duda, capturaron todas las miradas. Este tipo de calzado se ha convertido en un must para la temporada, ya que combina comodidad y estilo. Los botines no solo son vers\u00e1tiles, sino que tambi\u00e9n aportan un toque edgy a cualquier atuendo, haciendo de ellos el complemento perfecto para su look.<\/p>\n<h4>Una Elecci\u00f3n que Transmite Confianza<\/h4>\n<p>M\u00e1s all\u00e1 de las prendas elegidas, lo que realmente resalta en este encuentro es la confianza y la seguridad que Katy proyecta. Cada elemento de su outfit parece ser una extensi\u00f3n de su personalidad vibrante y din\u00e1mica, dejando claro que la moda es una forma de expresi\u00f3n que va m\u00e1s all\u00e1 de las tendencias.<\/p>\n<h4>Trend Alert: La Influencia de Katy<\/h4>\n<p>Las redes sociales ya est\u00e1n repletas de comentarios y reacciones sobre este look. Katy Perry ha demostrado una vez m\u00e1s ser un \u00edcono de la moda capaz de inspirar a millones con su estilo audaz. Las combinaciones de minifalda, medias y botines est\u00e1n listas para convertirse en una tendencia clave de la temporada, y sus seguidores est\u00e1n ansiosos por replicar su est\u00e9tica.<\/p>\n<h4>Conclusiones<\/h4>\n<p>Katy Perry no solo ha creado un impacto con su m\u00fasica, sino tambi\u00e9n con su indiscutible sentido de la moda. En su encuentro con Justin Trudeau, ha solidificado su estatus como representante de un estilo moderno y chic. Cada elecci\u00f3n, desde la minifalda hasta los botines, habla de una moda pensada y elaborada, capaz de influenciar la est\u00e9tica contempor\u00e1nea.<\/p>\n<p>Sin duda, esta aparici\u00f3n ha dejado una marca registrada en el mundo fashionista, un recordatorio de que la moda sigue siendo un potente veh\u00edculo de expresi\u00f3n personal y cultural. \u00bfQui\u00e9n no querr\u00eda lucir as\u00ed en su pr\u00f3xima cita?<\/p>\n<p><em> &#8221; Fuentes www.vogue.mx &#8221; <\/em><\/p>\n","protected":false},"excerpt":{"rendered":"<p>Katy Perry: Un Look Impactante en su Encuentro con Justin Trudeau La ic\u00f3nica cantante Katy Perry ha vuelto a robar la atenci\u00f3n del mundo de la moda con su reciente aparici\u00f3n junto al Primer Ministro canadiense, Justin Trudeau. Este encuentro no solo destac\u00f3 por el intercambio cultural, sino tambi\u00e9n por el impresionante atuendo que Katy [&hellip;]<\/p>\n","protected":false},"author":14,"featured_media":1083487,"comment_status":"open","ping_status":"closed","sticky":false,"template":"","format":"standard","meta":{"om_disable_all_campaigns":false,"jnews-multi-image_gallery":[],"jnews_single_post":[],"jnews_primary_category":[],"jnews_social_meta":[],"footnotes":""},"categories":[144872],"tags":[138368,29827,6446,7758,2406,22687,42436,68262,659,259707],"class_list":["post-1083486","post","type-post","status-publish","format-standard","has-post-thumbnail","hentry","category-fashion","tag-anos-90","tag-botines","tag-celebridades","tag-estilo","tag-japon","tag-justin-trudeau","tag-katy-perry","tag-minifalda","tag-moda","tag-salida-pareja"],"_links":{"self":[{"href":"https:\/\/dimensionturistica.com\/es\/wp-json\/wp\/v2\/posts\/1083486","targetHints":{"allow":["GET"]}}],"collection":[{"href":"https:\/\/dimensionturistica.com\/es\/wp-json\/wp\/v2\/posts"}],"about":[{"href":"https:\/\/dimensionturistica.com\/es\/wp-json\/wp\/v2\/types\/post"}],"author":[{"embeddable":true,"href":"https:\/\/dimensionturistica.com\/es\/wp-json\/wp\/v2\/users\/14"}],"replies":[{"embeddable":true,"href":"https:\/\/dimensionturistica.com\/es\/wp-json\/wp\/v2\/comments?post=1083486"}],"version-history":[{"count":1,"href":"https:\/\/dimensionturistica.com\/es\/wp-json\/wp\/v2\/posts\/1083486\/revisions"}],"predecessor-version":[{"id":1083488,"href":"https:\/\/dimensionturistica.com\/es\/wp-json\/wp\/v2\/posts\/1083486\/revisions\/1083488"}],"wp:featuredmedia":[{"embeddable":true,"href":"https:\/\/dimensionturistica.com\/es\/wp-json\/wp\/v2\/media\/1083487"}],"wp:attachment":[{"href":"https:\/\/dimensionturistica.com\/es\/wp-json\/wp\/v2\/media?parent=1083486"}],"wp:term":[{"taxonomy":"category","embeddable":true,"href":"https:\/\/dimensionturistica.com\/es\/wp-json\/wp\/v2\/categories?post=1083486"},{"taxonomy":"post_tag","embeddable":true,"href":"https:\/\/dimensionturistica.com\/es\/wp-json\/wp\/v2\/tags?post=1083486"}],"curies":[{"name":"wp","href":"https:\/\/api.w.org\/{rel}","templated":true}]}}