{"id":1083383,"date":"2025-12-07T17:56:21","date_gmt":"2025-12-07T17:56:21","guid":{"rendered":"https:\/\/dimensionturistica.com\/es\/?p=1083383"},"modified":"2025-12-07T17:56:21","modified_gmt":"2025-12-07T17:56:21","slug":"infertilidad-afecta-a-hombres-tambien-debe-abordarse-desde-una-vision-compartida-sin-culpas-ni-prejuicios","status":"publish","type":"post","link":"https:\/\/dimensionturistica.com\/es\/infertilidad-afecta-a-hombres-tambien-debe-abordarse-desde-una-vision-compartida-sin-culpas-ni-prejuicios\/","title":{"rendered":"Infertilidad afecta a hombres tambi\u00e9n; debe abordarse desde una visi\u00f3n compartida sin culpas ni prejuicios"},"content":{"rendered":"\n<figure class=\"wp-block-gallery has-nested-images columns-default is-cropped wp-block-gallery-1 is-layout-flex wp-block-gallery-is-layout-flex\">\n<figure class=\"wp-block-image size-large\"><img decoding=\"async\" width=\"500\" height=\"225\" data-id=\"1083384\" src=\"https:\/\/dimensionturistica.com\/es\/wp-content\/uploads\/2025\/12\/2CREA.jpg\" alt=\"\" class=\"wp-image-1083384\" srcset=\"https:\/\/dimensionturistica.com\/es\/wp-content\/uploads\/2025\/12\/2CREA.jpg 500w, https:\/\/dimensionturistica.com\/es\/wp-content\/uploads\/2025\/12\/2CREA-300x135.jpg 300w\" sizes=\"(max-width: 500px) 100vw, 500px\" \/><\/figure>\n<\/figure>\n\n\n\n<p>Aunque la infertilidad masculina est\u00e1 involucrada en al menos la mitad de los casos en M\u00e9xico a\u00fan se piensa que \u201cel problema es de la mujer\u201d, expone la doctora Lourdes Flores, especialista en ginecolog\u00eda y obstetricia.<\/p>\n\n\n\n<p>De acuerdo la experta, dicha percepci\u00f3n err\u00f3nea, alimentada por estereotipos de g\u00e9nero y la falta de informaci\u00f3n, retrasa el diagn\u00f3stico y el tratamiento de miles de hombres. \u201cLa infertilidad no es un problema exclusivo de la mujer. Es un tema m\u00e9dico que afecta tanto a hombres como a mujeres y debe abordarse desde una visi\u00f3n compartida, sin culpas ni prejuicios\u201d.<\/p>\n\n\n\n<p>Flores Islas record\u00f3 que de acuerdo con la Organizaci\u00f3n Mundial de la Salud (OMS) se estima que alrededor del 17.5% de la poblaci\u00f3n adulta en el orbe presenta alg\u00fan grado de infertilidad, y en al menos la mitad de los casos existe un componente masculino.<\/p>\n\n\n\n<figure class=\"wp-block-gallery has-nested-images columns-default is-cropped wp-block-gallery-2 is-layout-flex wp-block-gallery-is-layout-flex\">\n<figure class=\"wp-block-image size-large\"><img decoding=\"async\" width=\"500\" height=\"500\" data-id=\"1083385\" src=\"https:\/\/dimensionturistica.com\/es\/wp-content\/uploads\/2025\/12\/4CREA.jpg\" alt=\"\" class=\"wp-image-1083385\" srcset=\"https:\/\/dimensionturistica.com\/es\/wp-content\/uploads\/2025\/12\/4CREA.jpg 500w, https:\/\/dimensionturistica.com\/es\/wp-content\/uploads\/2025\/12\/4CREA-300x300.jpg 300w, https:\/\/dimensionturistica.com\/es\/wp-content\/uploads\/2025\/12\/4CREA-150x150.jpg 150w, https:\/\/dimensionturistica.com\/es\/wp-content\/uploads\/2025\/12\/4CREA-75x75.jpg 75w, https:\/\/dimensionturistica.com\/es\/wp-content\/uploads\/2025\/12\/4CREA-350x350.jpg 350w\" sizes=\"(max-width: 500px) 100vw, 500px\" \/><\/figure>\n<\/figure>\n\n\n\n<p>A pesar de ello, los hombres suelen postergar la atenci\u00f3n m\u00e9dica por estigmas sociales, falta de informaci\u00f3n y presi\u00f3n cultural.<\/p>\n\n\n\n<p>\u201cEn nuestra cultura todav\u00eda persiste la idea de que la fertilidad define la masculinidad lo cual lleva a muchos hombres a guardar silencio, a evitar hacerse estudios y a cargar con un problema que s\u00ed tiene soluci\u00f3n m\u00e9dica, pero que no se atiende a tiempo\u201d, se\u00f1al\u00f3.<\/p>\n\n\n\n<p>Destac\u00f3 que uno de los mitos m\u00e1s comunes es suponer que, si un hombre eyacula, es f\u00e9rtil. Pero la presencia de semen no garantiza que haya espermatozoides suficientes, ni que tengan la movilidad y forma adecuadas. \u201cTambi\u00e9n es falso pensar que, si ya tuvo hijos antes, no puede tener problemas de fertilidad m\u00e1s adelante\u201d.<\/p>\n\n\n\n<p>La directora m\u00e9dica de Red Crea Fertilidad agreg\u00f3 que la fertilidad masculina puede cambiar con el tiempo debido a infecciones, obesidad, estr\u00e9s, varicocele o exposici\u00f3n a sustancias t\u00f3xicas, entre otros factores.<\/p>\n\n\n\n<p>\u201cLa calidad esperm\u00e1tica tambi\u00e9n disminuye con la edad. Aunque los hombres pueden producir esperma hasta edades avanzadas, esto no significa que los espermatozoides mantengan la misma capacidad fecundante o gen\u00e9tica\u201d.<\/p>\n\n\n\n<p>El estudio para evaluar la fertilidad masculina es el espermatograma, que permite analizar la concentraci\u00f3n, morfolog\u00eda y movilidad de los espermatozoides.<\/p>\n\n\n\n<p>\u201cNo se puede asumir que un hombre es f\u00e9rtil por su apariencia f\u00edsica o historial reproductivo.<\/p>\n\n\n\n<p>Solo un an\u00e1lisis cl\u00ednico puede confirmar si existe alguna alteraci\u00f3n\u201d, explic\u00f3.<\/p>\n\n\n\n<figure class=\"wp-block-gallery has-nested-images columns-default is-cropped wp-block-gallery-3 is-layout-flex wp-block-gallery-is-layout-flex\">\n<figure class=\"wp-block-image size-large\"><img decoding=\"async\" width=\"500\" height=\"620\" data-id=\"1083386\" src=\"https:\/\/dimensionturistica.com\/es\/wp-content\/uploads\/2025\/12\/1CREA.jpg\" alt=\"\" class=\"wp-image-1083386\" srcset=\"https:\/\/dimensionturistica.com\/es\/wp-content\/uploads\/2025\/12\/1CREA.jpg 500w, https:\/\/dimensionturistica.com\/es\/wp-content\/uploads\/2025\/12\/1CREA-242x300.jpg 242w\" sizes=\"(max-width: 500px) 100vw, 500px\" \/><\/figure>\n<\/figure>\n\n\n\n<p>El panorama se complica cuando todo el enfoque diagn\u00f3stico recae \u00fanicamente en la mujer, dejando de lado al var\u00f3n. \u201cEsta omisi\u00f3n no solo retrasa la detecci\u00f3n de las verdaderas causas, tambi\u00e9n puede derivar en frustraci\u00f3n, desgaste emocional y tratamientos innecesarios. La atenci\u00f3n m\u00e9dica debe ser integral desde el inicio\u201d, agreg\u00f3.<\/p>\n\n\n\n<p>Mientras persistan los mitos sobre la fertilidad masculina, miles de hombres seguir\u00e1n sin diagn\u00f3stico ni tratamiento. \u201cSer padre tambi\u00e9n significa cuidar tu salud reproductiva.<\/p>\n\n\n\n<p>Hablar de estos temas con libertad es parte del proceso para construir una familia\u201d, concluy\u00f3 Flores Islas.<\/p>\n","protected":false},"excerpt":{"rendered":"<p>Aunque la infertilidad masculina est\u00e1 involucrada en al menos la mitad de los casos en M\u00e9xico a\u00fan se piensa que \u201cel problema es de la mujer\u201d, expone la doctora Lourdes Flores, especialista en ginecolog\u00eda y obstetricia. De acuerdo la experta, dicha percepci\u00f3n err\u00f3nea, alimentada por estereotipos de g\u00e9nero y la falta de informaci\u00f3n, retrasa el [&hellip;]<\/p>\n","protected":false},"author":1,"featured_media":0,"comment_status":"open","ping_status":"closed","sticky":false,"template":"","format":"standard","meta":{"om_disable_all_campaigns":false,"jnews-multi-image_gallery":[],"jnews_single_post":[],"jnews_primary_category":[],"jnews_social_meta":[],"footnotes":""},"categories":[40],"tags":[],"class_list":["post-1083383","post","type-post","status-publish","format-standard","hentry","category-industria"],"_links":{"self":[{"href":"https:\/\/dimensionturistica.com\/es\/wp-json\/wp\/v2\/posts\/1083383","targetHints":{"allow":["GET"]}}],"collection":[{"href":"https:\/\/dimensionturistica.com\/es\/wp-json\/wp\/v2\/posts"}],"about":[{"href":"https:\/\/dimensionturistica.com\/es\/wp-json\/wp\/v2\/types\/post"}],"author":[{"embeddable":true,"href":"https:\/\/dimensionturistica.com\/es\/wp-json\/wp\/v2\/users\/1"}],"replies":[{"embeddable":true,"href":"https:\/\/dimensionturistica.com\/es\/wp-json\/wp\/v2\/comments?post=1083383"}],"version-history":[{"count":1,"href":"https:\/\/dimensionturistica.com\/es\/wp-json\/wp\/v2\/posts\/1083383\/revisions"}],"predecessor-version":[{"id":1083387,"href":"https:\/\/dimensionturistica.com\/es\/wp-json\/wp\/v2\/posts\/1083383\/revisions\/1083387"}],"wp:attachment":[{"href":"https:\/\/dimensionturistica.com\/es\/wp-json\/wp\/v2\/media?parent=1083383"}],"wp:term":[{"taxonomy":"category","embeddable":true,"href":"https:\/\/dimensionturistica.com\/es\/wp-json\/wp\/v2\/categories?post=1083383"},{"taxonomy":"post_tag","embeddable":true,"href":"https:\/\/dimensionturistica.com\/es\/wp-json\/wp\/v2\/tags?post=1083383"}],"curies":[{"name":"wp","href":"https:\/\/api.w.org\/{rel}","templated":true}]}}