{"id":1083372,"date":"2025-12-07T17:33:20","date_gmt":"2025-12-07T17:33:20","guid":{"rendered":"https:\/\/dimensionturistica.com\/es\/?p=1083372"},"modified":"2025-12-07T17:33:20","modified_gmt":"2025-12-07T17:33:20","slug":"fomentan-prevencion-de-vih-en-app-de-ligue-la-iniciativa-se-desplegara-como-prueba-piloto-en-merida-tizimin-y-valladolid","status":"publish","type":"post","link":"https:\/\/dimensionturistica.com\/es\/fomentan-prevencion-de-vih-en-app-de-ligue-la-iniciativa-se-desplegara-como-prueba-piloto-en-merida-tizimin-y-valladolid\/","title":{"rendered":"Fomentan prevenci\u00f3n de VIH en App de ligue. La iniciativa se desplegar\u00e1 como prueba piloto en M\u00e9rida, Tizim\u00edn y Valladolid"},"content":{"rendered":"\n<p><\/p>\n\n\n\n<figure class=\"wp-block-gallery has-nested-images columns-default is-cropped wp-block-gallery-1 is-layout-flex wp-block-gallery-is-layout-flex\">\n<figure class=\"wp-block-image size-large\"><img decoding=\"async\" width=\"500\" height=\"292\" data-id=\"1083373\" src=\"https:\/\/dimensionturistica.com\/es\/wp-content\/uploads\/2025\/12\/3VALLA.jpg\" alt=\"\" class=\"wp-image-1083373\" srcset=\"https:\/\/dimensionturistica.com\/es\/wp-content\/uploads\/2025\/12\/3VALLA.jpg 500w, https:\/\/dimensionturistica.com\/es\/wp-content\/uploads\/2025\/12\/3VALLA-300x175.jpg 300w\" sizes=\"(max-width: 500px) 100vw, 500px\" \/><\/figure>\n<\/figure>\n\n\n\n<p>Con el objetivo de incrementar el diagn\u00f3stico de VIH en Yucat\u00e1n, se present\u00f3 la iniciativa de prevenci\u00f3n de VIH para las personas usuarias de la aplicaci\u00f3n de citas \u201cGrindr\u201d en las ciudades de M\u00e9rida, Tizim\u00edn y Valladolid.<\/p>\n\n\n\n<p>En conferencia de prensa realizada en M\u00e9rida, Yucat\u00e1n, la doctora Alicia Pi\u00f1eirua, presidenta del Secretariado del Consorcio de Investigaci\u00f3n en Salud (CISIDAT), expuso que se trata de un proyecto piloto que ya est\u00e1 desplegado tanto en Jalisco (Guadalajara y Puerto Vallarta), como en Yucat\u00e1n, para las personas usuarias de la aplicaci\u00f3n \u201cGrindr\u201d.<\/p>\n\n\n\n<figure class=\"wp-block-gallery has-nested-images columns-default is-cropped wp-block-gallery-2 is-layout-flex wp-block-gallery-is-layout-flex\">\n<figure class=\"wp-block-image size-large\"><img decoding=\"async\" width=\"500\" height=\"601\" data-id=\"1083374\" src=\"https:\/\/dimensionturistica.com\/es\/wp-content\/uploads\/2025\/12\/1valla.jpg\" alt=\"\" class=\"wp-image-1083374\" srcset=\"https:\/\/dimensionturistica.com\/es\/wp-content\/uploads\/2025\/12\/1valla.jpg 500w, https:\/\/dimensionturistica.com\/es\/wp-content\/uploads\/2025\/12\/1valla-250x300.jpg 250w\" sizes=\"(max-width: 500px) 100vw, 500px\" \/><\/figure>\n<\/figure>\n\n\n\n<p>Los residentes en ambos estados podr\u00e1n registrarse y solicitar de manera gratuita una autoprueba de VIH que podr\u00e1n adquirir en el centro comunitario aliado m\u00e1s cercano o recibirla en el domicilio de su preferencia.<\/p>\n\n\n\n<p>\u201cLa disponibilidad total para las dos entidades federativas ser\u00e1 de 5 mil unidades, mismas que se entregar\u00e1n gratuitamente hasta agotar existencias o que transcurran 6 meses, a cuyo t\u00e9rmino entregaremos los resultados a las autoridades sanitarias\u201d, asegur\u00f3.<\/p>\n\n\n\n<p>\u201cEn cada paquete \u2013cerrado y discreto\u2013, las personas recibir\u00e1n una autoprueba de tercera generaci\u00f3n \u2013aprobada por la Comisi\u00f3n Federal para la Protecci\u00f3n contra Riesgos Sanitarios (Cofepris) \u2013, acompa\u00f1ada por condones, materiales informativos y un cup\u00f3n foliado para ser presentado en las instituciones de salud p\u00fablica\u201d.<\/p>\n\n\n\n<figure class=\"wp-block-gallery has-nested-images columns-default is-cropped wp-block-gallery-3 is-layout-flex wp-block-gallery-is-layout-flex\">\n<figure class=\"wp-block-image size-large\"><img decoding=\"async\" width=\"500\" height=\"289\" data-id=\"1083375\" src=\"https:\/\/dimensionturistica.com\/es\/wp-content\/uploads\/2025\/12\/6VALLA.jpg\" alt=\"\" class=\"wp-image-1083375\" srcset=\"https:\/\/dimensionturistica.com\/es\/wp-content\/uploads\/2025\/12\/6VALLA.jpg 500w, https:\/\/dimensionturistica.com\/es\/wp-content\/uploads\/2025\/12\/6VALLA-300x173.jpg 300w\" sizes=\"(max-width: 500px) 100vw, 500px\" \/><\/figure>\n<\/figure>\n\n\n\n<p>La doctora Pi\u00f1eirua Men\u00e9ndez apunt\u00f3 que \u201cgracias a nuestra alianza con la Fundaci\u00f3n M\u00e9xico Vivo, las personas tambi\u00e9n podr\u00e1n acceder a la plataforma PARESS, con un chat disponible 24\/7 para obtener consejer\u00eda a distancia, impartida por personas expertas, as\u00ed como servicios de acompa\u00f1amiento como consejer\u00eda en los centros comunitarios y videos informativos dentro de la p\u00e1gina web\u201d.<\/p>\n\n\n\n<p>Todas las personas usuarias de \u201cGrindr\u201d \u2013mayores de 18 a\u00f1os, residentes de cualquier municipio del estado\u2013, pueden ingresar desde la aplicaci\u00f3n hacia la p\u00e1gina https:\/\/vinculoseguro.org\/autoprueba donde podr\u00e1n encontrar mayor informaci\u00f3n para registrarse y solicitar su autoprueba.<\/p>\n\n\n\n<figure class=\"wp-block-gallery has-nested-images columns-default is-cropped wp-block-gallery-4 is-layout-flex wp-block-gallery-is-layout-flex\">\n<figure class=\"wp-block-image size-large\"><img decoding=\"async\" width=\"500\" height=\"281\" data-id=\"1083376\" src=\"https:\/\/dimensionturistica.com\/es\/wp-content\/uploads\/2025\/12\/4VALLA.jpg\" alt=\"\" class=\"wp-image-1083376\" srcset=\"https:\/\/dimensionturistica.com\/es\/wp-content\/uploads\/2025\/12\/4VALLA.jpg 500w, https:\/\/dimensionturistica.com\/es\/wp-content\/uploads\/2025\/12\/4VALLA-300x169.jpg 300w\" sizes=\"(max-width: 500px) 100vw, 500px\" \/><\/figure>\n<\/figure>\n\n\n\n<p>En Tizim\u00edn, las personas podr\u00e1n llamar al tel\u00e9fono: 999 435 6436. En la ciudad de M\u00e9rida, las personas podr\u00e1n solicitar su autoprueba en dos puntos de recolecci\u00f3n, a saber:<\/p>\n\n\n\n<p>\uf0a7 Wellness Center M\u00e9rida, ubicado en calle 50, esquina con calle 67, Centro, C.P. 97000, M\u00e9rida, Yucat\u00e1n. Tel. 999 461 2709<\/p>\n\n\n\n<p>\uf0a7 Hospital Agust\u00edn O\u2019Hor\u00e1n, ubicado en Av. Itz\u00e1es s\/n, esquina con Av. Canek, Centro, C.P. 97000, M\u00e9rida, Yucat\u00e1n. Tel. 999 461 2709<\/p>\n\n\n\n<p>&#8211;<\/p>\n","protected":false},"excerpt":{"rendered":"<p>Con el objetivo de incrementar el diagn\u00f3stico de VIH en Yucat\u00e1n, se present\u00f3 la iniciativa de prevenci\u00f3n de VIH para las personas usuarias de la aplicaci\u00f3n de citas \u201cGrindr\u201d en las ciudades de M\u00e9rida, Tizim\u00edn y Valladolid. En conferencia de prensa realizada en M\u00e9rida, Yucat\u00e1n, la doctora Alicia Pi\u00f1eirua, presidenta del Secretariado del Consorcio de [&hellip;]<\/p>\n","protected":false},"author":1,"featured_media":0,"comment_status":"open","ping_status":"closed","sticky":false,"template":"","format":"standard","meta":{"om_disable_all_campaigns":false,"jnews-multi-image_gallery":[],"jnews_single_post":[],"jnews_primary_category":[],"jnews_social_meta":[],"footnotes":""},"categories":[40],"tags":[],"class_list":["post-1083372","post","type-post","status-publish","format-standard","hentry","category-industria"],"_links":{"self":[{"href":"https:\/\/dimensionturistica.com\/es\/wp-json\/wp\/v2\/posts\/1083372","targetHints":{"allow":["GET"]}}],"collection":[{"href":"https:\/\/dimensionturistica.com\/es\/wp-json\/wp\/v2\/posts"}],"about":[{"href":"https:\/\/dimensionturistica.com\/es\/wp-json\/wp\/v2\/types\/post"}],"author":[{"embeddable":true,"href":"https:\/\/dimensionturistica.com\/es\/wp-json\/wp\/v2\/users\/1"}],"replies":[{"embeddable":true,"href":"https:\/\/dimensionturistica.com\/es\/wp-json\/wp\/v2\/comments?post=1083372"}],"version-history":[{"count":1,"href":"https:\/\/dimensionturistica.com\/es\/wp-json\/wp\/v2\/posts\/1083372\/revisions"}],"predecessor-version":[{"id":1083377,"href":"https:\/\/dimensionturistica.com\/es\/wp-json\/wp\/v2\/posts\/1083372\/revisions\/1083377"}],"wp:attachment":[{"href":"https:\/\/dimensionturistica.com\/es\/wp-json\/wp\/v2\/media?parent=1083372"}],"wp:term":[{"taxonomy":"category","embeddable":true,"href":"https:\/\/dimensionturistica.com\/es\/wp-json\/wp\/v2\/categories?post=1083372"},{"taxonomy":"post_tag","embeddable":true,"href":"https:\/\/dimensionturistica.com\/es\/wp-json\/wp\/v2\/tags?post=1083372"}],"curies":[{"name":"wp","href":"https:\/\/api.w.org\/{rel}","templated":true}]}}