{"id":1083358,"date":"2025-12-07T16:47:54","date_gmt":"2025-12-07T16:47:54","guid":{"rendered":"https:\/\/dimensionturistica.com\/es\/?p=1083358"},"modified":"2025-12-07T16:47:54","modified_gmt":"2025-12-07T16:47:54","slug":"cierra-la-seccion-22-en-fonapas-oaxaca-demandan-pagos-a-escuelas-secundarias-tecnicas","status":"publish","type":"post","link":"https:\/\/dimensionturistica.com\/es\/cierra-la-seccion-22-en-fonapas-oaxaca-demandan-pagos-a-escuelas-secundarias-tecnicas\/","title":{"rendered":"Cierra la Secci\u00f3n 22 en Fonapas, Oaxaca; demandan pagos a escuelas secundarias t\u00e9cnicas."},"content":{"rendered":"<h3>Oaxaca: Un Viaje a Trav\u00e9s de las Realidades Educativas y Culturales<\/h3>\n<p>Oaxaca, un estado rico en tradiciones, cultura y gastronom\u00eda, es tambi\u00e9n un reflejo de las complejidades sociales que enfrentan sus comunidades. En el contexto de la educaci\u00f3n t\u00e9cnica, la reciente decisi\u00f3n de cerrar la Secci\u00f3n 22 del sistema educativo ha suscitado un debate intenso que podr\u00eda impactar m\u00e1s all\u00e1 de las aulas.<\/p>\n<p>Imagina recorrer las vibrantes calles de Oaxaca, donde el aroma del mole y el sonido de las tradiciones ancestrales envuelven a cada visitante. Pero mientras disfrutas de esta experiencia, es crucial ser consciente de los desaf\u00edos que enfrenta la educaci\u00f3n t\u00e9cnica en la regi\u00f3n. La Secci\u00f3n 22, que ha jugado un papel significativo en la salvaguarda de los derechos educativos, se enfrenta ahora a una crisis que pone en peligro el futuro de muchas secundarias t\u00e9cnicas.<\/p>\n<p>Los estudiantes, que aspiran a obtener una educaci\u00f3n que les permita desarrollarse profesionalmente, son los m\u00e1s afectados por esta situaci\u00f3n. La falta de financiamiento y los retrasos en los pagos han dejado a muchas instituciones en una penosa situaci\u00f3n. Este escenario no solo impacta a los estudiantes, sino tambi\u00e9n a las familias que dependen de una formaci\u00f3n t\u00e9cnica s\u00f3lida para mejorar su calidad de vida.<\/p>\n<p>Turistas que visitan Oaxaca suelen ser atra\u00eddos por su rica historia y su belleza natural. Sin embargo, es fundamental que aquellos que recorren sus calles y plazuelas tambi\u00e9n consideren el tejido social que mantiene viva a esta comunidad. Participar en talleres, valorar el arte local y experimentar la cultura en su forma m\u00e1s aut\u00e9ntica permite crear una conexi\u00f3n m\u00e1s profunda con el lugar y sus habitantes, adem\u00e1s de contribuir a la econom\u00eda local.<\/p>\n<p>Al compartir tu experiencia en Oaxaca, puedes ayudar a generar conciencia sobre los retos que enfrenta el sistema educativo. Invertir en la educaci\u00f3n de los j\u00f3venes no solo es una necesidad urgente, sino tambi\u00e9n una forma de preservar las ra\u00edces culturales que hacen de Oaxaca un lugar \u00fanico. Con cada plato que pruebes y cada artesan\u00eda que adquieras, est\u00e1s apoyando a una comunidad que lucha por un futuro m\u00e1s brillante.<\/p>\n<p>Cuando planees tu pr\u00f3ximo viaje, considera incluir encuentros con comunidades que trabajan directamente en la educaci\u00f3n y el desarrollo social. A trav\u00e9s de estas interacciones, se puede aportar a un cambio significativo mientras disfrutas de la belleza que ofrece este m\u00e1gico estado.<\/p>\n<p>Oaxaca te espera con los brazos abiertos. Ven y sum\u00e9rgete en su cultura, pero no olvides ser parte de la soluci\u00f3n a los retos que enfrenta. Juntos, podemos construir un camino hacia un futuro mejor, donde la educaci\u00f3n y la cultura florezcan en cada rinc\u00f3n.<\/p>\n<p><em> &#8221; Fuentes columnadigital.com &#8221; <\/em><\/p>\n","protected":false},"excerpt":{"rendered":"<p>Oaxaca: Un Viaje a Trav\u00e9s de las Realidades Educativas y Culturales Oaxaca, un estado rico en tradiciones, cultura y gastronom\u00eda, es tambi\u00e9n un reflejo de las complejidades sociales que enfrentan sus comunidades. En el contexto de la educaci\u00f3n t\u00e9cnica, la reciente decisi\u00f3n de cerrar la Secci\u00f3n 22 del sistema educativo ha suscitado un debate intenso [&hellip;]<\/p>\n","protected":false},"author":4,"featured_media":1083359,"comment_status":"open","ping_status":"closed","sticky":false,"template":"","format":"standard","meta":{"om_disable_all_campaigns":false,"jnews-multi-image_gallery":[],"jnews_single_post":[],"jnews_primary_category":[],"jnews_social_meta":[],"footnotes":""},"categories":[39],"tags":[11663,233985,22763,16178,54246,82365,3336,23830,144880,11725,28228,3249,10766,10006,2334,58417,144893,259675,254736,58790],"class_list":["post-1083358","post","type-post","status-publish","format-standard","has-post-thumbnail","hentry","category-viajes","tag-cierra","tag-columna-digital","tag-cruce","tag-demandas","tag-derechos-laborales","tag-dimension-turistica","tag-educacion","tag-escuelas","tag-fonapas","tag-maestros","tag-magazine","tag-oaxaca","tag-pagos","tag-pendientes","tag-protestas","tag-saldos","tag-seccion-22","tag-secundarias","tag-secundarias-tecnicas","tag-tecnicas"],"_links":{"self":[{"href":"https:\/\/dimensionturistica.com\/es\/wp-json\/wp\/v2\/posts\/1083358","targetHints":{"allow":["GET"]}}],"collection":[{"href":"https:\/\/dimensionturistica.com\/es\/wp-json\/wp\/v2\/posts"}],"about":[{"href":"https:\/\/dimensionturistica.com\/es\/wp-json\/wp\/v2\/types\/post"}],"author":[{"embeddable":true,"href":"https:\/\/dimensionturistica.com\/es\/wp-json\/wp\/v2\/users\/4"}],"replies":[{"embeddable":true,"href":"https:\/\/dimensionturistica.com\/es\/wp-json\/wp\/v2\/comments?post=1083358"}],"version-history":[{"count":1,"href":"https:\/\/dimensionturistica.com\/es\/wp-json\/wp\/v2\/posts\/1083358\/revisions"}],"predecessor-version":[{"id":1083360,"href":"https:\/\/dimensionturistica.com\/es\/wp-json\/wp\/v2\/posts\/1083358\/revisions\/1083360"}],"wp:featuredmedia":[{"embeddable":true,"href":"https:\/\/dimensionturistica.com\/es\/wp-json\/wp\/v2\/media\/1083359"}],"wp:attachment":[{"href":"https:\/\/dimensionturistica.com\/es\/wp-json\/wp\/v2\/media?parent=1083358"}],"wp:term":[{"taxonomy":"category","embeddable":true,"href":"https:\/\/dimensionturistica.com\/es\/wp-json\/wp\/v2\/categories?post=1083358"},{"taxonomy":"post_tag","embeddable":true,"href":"https:\/\/dimensionturistica.com\/es\/wp-json\/wp\/v2\/tags?post=1083358"}],"curies":[{"name":"wp","href":"https:\/\/api.w.org\/{rel}","templated":true}]}}