{"id":1083351,"date":"2025-12-07T16:44:40","date_gmt":"2025-12-07T16:44:40","guid":{"rendered":"https:\/\/dimensionturistica.com\/es\/?p=1083351"},"modified":"2025-12-07T16:44:40","modified_gmt":"2025-12-07T16:44:40","slug":"la-edicion-2026-sera-un-homenaje-a-la-identidad-e-historia-de-la-ciudad-de-leon-rumbo-a-su-aniversario-450","status":"publish","type":"post","link":"https:\/\/dimensionturistica.com\/es\/la-edicion-2026-sera-un-homenaje-a-la-identidad-e-historia-de-la-ciudad-de-leon-rumbo-a-su-aniversario-450\/","title":{"rendered":"La edici\u00f3n 2026, ser\u00e1 un homenaje a la identidad e historia de la ciudad de Le\u00f3n rumbo a su aniversario 450."},"content":{"rendered":"\n<figure class=\"wp-block-gallery has-nested-images columns-default is-cropped wp-block-gallery-1 is-layout-flex wp-block-gallery-is-layout-flex\">\n<figure class=\"wp-block-image size-large\"><img decoding=\"async\" width=\"500\" height=\"229\" data-id=\"1083353\" src=\"https:\/\/dimensionturistica.com\/es\/wp-content\/uploads\/2025\/12\/2LEON.jpg\" alt=\"\" class=\"wp-image-1083353\" srcset=\"https:\/\/dimensionturistica.com\/es\/wp-content\/uploads\/2025\/12\/2LEON.jpg 500w, https:\/\/dimensionturistica.com\/es\/wp-content\/uploads\/2025\/12\/2LEON-300x137.jpg 300w\" sizes=\"(max-width: 500px) 100vw, 500px\" \/><\/figure>\n<\/figure>\n\n\n\n<p>La ciudad de Le\u00f3n est\u00e1 lista para recibir la magia, diversi\u00f3n y alegr\u00eda en un solo lugar, en la Feria m\u00e1s familiar de M\u00e9xico: La Feria de Le\u00f3n 450, un festejo que promete sorprender, reunir y emocionar a m\u00e1s de 5 millones de visitantes durante 27 d\u00edas.<\/p>\n\n\n\n<p>Ale Guti\u00e9rrez, presidenta municipal dio a conocer todos los detalles de la Feria de Le\u00f3n 2026, resaltando que es un evento \u00fanico, colorido y con actividades para todos, adem\u00e1s esta edici\u00f3n ser\u00e1 especial, pues se celebran los 450 a\u00f1os de la Fundaci\u00f3n de Le\u00f3n.<\/p>\n\n\n\n<figure class=\"wp-block-gallery has-nested-images columns-default is-cropped wp-block-gallery-2 is-layout-flex wp-block-gallery-is-layout-flex\">\n<figure class=\"wp-block-image size-large\"><img decoding=\"async\" width=\"500\" height=\"281\" data-id=\"1083354\" src=\"https:\/\/dimensionturistica.com\/es\/wp-content\/uploads\/2025\/12\/3LEON.jpg\" alt=\"\" class=\"wp-image-1083354\" srcset=\"https:\/\/dimensionturistica.com\/es\/wp-content\/uploads\/2025\/12\/3LEON.jpg 500w, https:\/\/dimensionturistica.com\/es\/wp-content\/uploads\/2025\/12\/3LEON-300x169.jpg 300w\" sizes=\"(max-width: 500px) 100vw, 500px\" \/><figcaption class=\"wp-element-caption\">hdr<\/figcaption><\/figure>\n<\/figure>\n\n\n\n<p>\u201cSer\u00e1n 27 d\u00edas de Feria donde el 85% del contenido que tenemos dentro de la Feria es gratuito porque siempre hemos puesto a las personas en el centro de nuestras decisiones y queremos que la gente de Le\u00f3n, de los alrededores pueda disfrutarlo\u201d, mencion\u00f3.<\/p>\n\n\n\n<p>Y agreg\u00f3: \u201cUna de las cosas que nos encantan es que podamos ver la sonrisa de los ni\u00f1os que es lo que no tiene precio\u201d.<\/p>\n\n\n\n<p>&nbsp;Una celebraci\u00f3n donde nacen los sue\u00f1os<\/p>\n\n\n\n<p>Este a\u00f1o, la magia ser\u00e1 protagonista con Disney Celebra, un espect\u00e1culo totalmente nuevo y creado en exclusiva para la Feria de Le\u00f3n 450. Mickey Mouse, La Sirenita, Stitch y personajes de El Rey Le\u00f3n llenar\u00e1n el escenario de m\u00fasica, fantas\u00eda y emoci\u00f3n en un show debut en M\u00e9xico y Latinoam\u00e9rica.<\/p>\n\n\n\n<p>Visitantes locales, nacionales e internacionales podr\u00e1n deleitar su paladar en El Pabell\u00f3n Gastron\u00f3mico con platillos tradicionales como huaraches, tamales, gorditas tarascas, pan de soya y m\u00e1s.<\/p>\n\n\n\n<p>La zona comercial integrar\u00e1 productos hechos en Guanajuato, mientras que la Expo Ganadera reunir\u00e1 a productores de todo el estado.<\/p>\n\n\n\n<p>Y uno de los espect\u00e1culos m\u00e1s esperados se presentar\u00e1n en el Foro Mazda, con 14 conciertos de artistas nacionales e internacionales, entre ellos: Foo Fighters, Ti\u00ebsto, Zo\u00e9, Los \u00c1ngeles Azules, La Arrolladora, Paty Cant\u00fa, DLD, Moenia, por mencionar algunos.<\/p>\n\n\n\n<figure class=\"wp-block-gallery has-nested-images columns-default is-cropped wp-block-gallery-3 is-layout-flex wp-block-gallery-is-layout-flex\">\n<figure class=\"wp-block-image size-large\"><img decoding=\"async\" width=\"500\" height=\"300\" data-id=\"1083355\" src=\"https:\/\/dimensionturistica.com\/es\/wp-content\/uploads\/2025\/12\/1LEON.jpg\" alt=\"\" class=\"wp-image-1083355\" srcset=\"https:\/\/dimensionturistica.com\/es\/wp-content\/uploads\/2025\/12\/1LEON.jpg 500w, https:\/\/dimensionturistica.com\/es\/wp-content\/uploads\/2025\/12\/1LEON-300x180.jpg 300w\" sizes=\"(max-width: 500px) 100vw, 500px\" \/><\/figure>\n<\/figure>\n\n\n\n<p>Illusion On Ice \u2013 KUANTUM, ser\u00e1 el show internacional de patinaje art\u00edstico que deslumbrar\u00e1 a miles de asistentes con una producci\u00f3n de primer nivel. En esta edici\u00f3n, KUANTUM presentar\u00e1 una nueva puesta en escena dise\u00f1ada especialmente para la Feria Le\u00f3n 450.<\/p>\n\n\n\n<p>Asimismo, el tradicional Circo Roberts celebrar\u00e1 43 a\u00f1os de hacer historia en Le\u00f3n con su espect\u00e1culo especial \u201cSouvenir by Roberts\u201d.<\/p>\n\n\n\n<p>H\u00e9ctor Rodr\u00edguez Vel\u00e1zquez, presidente del Patronato de la Feria destac\u00f3 que la Feria de Le\u00f3n se convierte en un puente directo con todas las familias del pa\u00eds, y al ser una ciudad viva, segura y con visi\u00f3n de futuro, sorprender\u00e1 a todos con este evento.<\/p>\n\n\n\n<p>\u201cLa Feria estatal de Le\u00f3n es uno de los eventos m\u00e1s grandes de Am\u00e9rica Latina. La Feria es una plataforma que mueve econom\u00edas, genera empleos, proyecta cultura y reconstruye el tejido social\u201d, coment\u00f3.<\/p>\n\n\n\n<p>Este 2026, la Feria ser\u00e1 inclusiva, accesible y pensada para todas las familias, reafirmando el compromiso de Le\u00f3n como una ciudad viva, segura y con visi\u00f3n de futuro.<\/p>\n\n\n\n<p>Por su parte, la secretaria de Turismo de Guanajuato, Mar\u00eda Guadalupe Robles, destac\u00f3 que, de enero a septiembre, Le\u00f3n fue el municipio m\u00e1s visitado de todo el estado, al recibir m\u00e1s de 3 millones 932 mil visitantes, lo que representa un incremento del 11% respecto al a\u00f1o anterior.<\/p>\n\n\n\n<p>\u201cLe\u00f3n se sigue consolidando como una gran ciudad, de grandes eventos y de grandes atractivos tur\u00edsticos. Hoy celebramos mucho m\u00e1s que una feria, estamos celebrando 150 a\u00f1os de la Feria de Le\u00f3n y 450 a\u00f1os de la Fundaci\u00f3n de nuestra ciudad, es una coincidencia hermosa que nos invita a honrar que somos una ciudad fuerte, orgullosa, con ra\u00edces profundas y alas para seguir creciendo\u201d, indic\u00f3.<\/p>\n\n\n\n<figure class=\"wp-block-gallery has-nested-images columns-default is-cropped wp-block-gallery-4 is-layout-flex wp-block-gallery-is-layout-flex\">\n<figure class=\"wp-block-image size-large\"><img decoding=\"async\" width=\"500\" height=\"281\" data-id=\"1083356\" src=\"https:\/\/dimensionturistica.com\/es\/wp-content\/uploads\/2025\/12\/5LEON.jpg\" alt=\"\" class=\"wp-image-1083356\" srcset=\"https:\/\/dimensionturistica.com\/es\/wp-content\/uploads\/2025\/12\/5LEON.jpg 500w, https:\/\/dimensionturistica.com\/es\/wp-content\/uploads\/2025\/12\/5LEON-300x169.jpg 300w\" sizes=\"(max-width: 500px) 100vw, 500px\" \/><figcaption class=\"wp-element-caption\">hdr<\/figcaption><\/figure>\n<\/figure>\n\n\n\n<p>En el evento, la directora general de Hospitalidad y Turismo de Le\u00f3n, Yazm\u00edn Quiroz L\u00f3pez, destac\u00f3 la oferta hotelera del destino, integrada por 9 mil 453 habitaciones, as\u00ed como 473 restaurantes y atractivos tur\u00edsticos como el Templo Expiatorio, el Parque Metropolitano, el Arco de la Calzada, adem\u00e1s de museos como el de Ciencias Explora, el de Arte e Historia de Guanajuato y el acuario Sealand.<\/p>\n\n\n\n<p>Con experiencias \u00fanicas, shows para todos y un homenaje a la grandeza de Le\u00f3n en su 450 aniversario, la Feria de Le\u00f3n 2026 se consolida como un evento imperdible y el orgullo de M\u00e9xico.<\/p>\n","protected":false},"excerpt":{"rendered":"<p>La ciudad de Le\u00f3n est\u00e1 lista para recibir la magia, diversi\u00f3n y alegr\u00eda en un solo lugar, en la Feria m\u00e1s familiar de M\u00e9xico: La Feria de Le\u00f3n 450, un festejo que promete sorprender, reunir y emocionar a m\u00e1s de 5 millones de visitantes durante 27 d\u00edas. Ale Guti\u00e9rrez, presidenta municipal dio a conocer todos [&hellip;]<\/p>\n","protected":false},"author":1,"featured_media":0,"comment_status":"open","ping_status":"closed","sticky":false,"template":"","format":"standard","meta":{"om_disable_all_campaigns":false,"jnews-multi-image_gallery":[],"jnews_single_post":[],"jnews_primary_category":[],"jnews_social_meta":[],"footnotes":""},"categories":[39],"tags":[],"class_list":["post-1083351","post","type-post","status-publish","format-standard","hentry","category-viajes"],"_links":{"self":[{"href":"https:\/\/dimensionturistica.com\/es\/wp-json\/wp\/v2\/posts\/1083351","targetHints":{"allow":["GET"]}}],"collection":[{"href":"https:\/\/dimensionturistica.com\/es\/wp-json\/wp\/v2\/posts"}],"about":[{"href":"https:\/\/dimensionturistica.com\/es\/wp-json\/wp\/v2\/types\/post"}],"author":[{"embeddable":true,"href":"https:\/\/dimensionturistica.com\/es\/wp-json\/wp\/v2\/users\/1"}],"replies":[{"embeddable":true,"href":"https:\/\/dimensionturistica.com\/es\/wp-json\/wp\/v2\/comments?post=1083351"}],"version-history":[{"count":1,"href":"https:\/\/dimensionturistica.com\/es\/wp-json\/wp\/v2\/posts\/1083351\/revisions"}],"predecessor-version":[{"id":1083357,"href":"https:\/\/dimensionturistica.com\/es\/wp-json\/wp\/v2\/posts\/1083351\/revisions\/1083357"}],"wp:attachment":[{"href":"https:\/\/dimensionturistica.com\/es\/wp-json\/wp\/v2\/media?parent=1083351"}],"wp:term":[{"taxonomy":"category","embeddable":true,"href":"https:\/\/dimensionturistica.com\/es\/wp-json\/wp\/v2\/categories?post=1083351"},{"taxonomy":"post_tag","embeddable":true,"href":"https:\/\/dimensionturistica.com\/es\/wp-json\/wp\/v2\/tags?post=1083351"}],"curies":[{"name":"wp","href":"https:\/\/api.w.org\/{rel}","templated":true}]}}