{"id":1083338,"date":"2025-12-07T16:07:13","date_gmt":"2025-12-07T16:07:13","guid":{"rendered":"https:\/\/dimensionturistica.com\/es\/?p=1083338"},"modified":"2025-12-07T16:07:13","modified_gmt":"2025-12-07T16:07:13","slug":"al-buen-entendedor-se-requieren-mas-turistas-no-mas-impuestos","status":"publish","type":"post","link":"https:\/\/dimensionturistica.com\/es\/al-buen-entendedor-se-requieren-mas-turistas-no-mas-impuestos\/","title":{"rendered":"Al Buen Entendedor&#8230; Se requieren m\u00e1s turistas, no m\u00e1s impuestos&#8230;"},"content":{"rendered":"\n<figure class=\"wp-block-gallery has-nested-images columns-default is-cropped wp-block-gallery-1 is-layout-flex wp-block-gallery-is-layout-flex\">\n<figure class=\"wp-block-image size-large\"><img decoding=\"async\" width=\"354\" height=\"379\" data-id=\"1083339\" src=\"https:\/\/dimensionturistica.com\/es\/wp-content\/uploads\/2025\/12\/5SERGIO-1.jpg\" alt=\"\" class=\"wp-image-1083339\" srcset=\"https:\/\/dimensionturistica.com\/es\/wp-content\/uploads\/2025\/12\/5SERGIO-1.jpg 354w, https:\/\/dimensionturistica.com\/es\/wp-content\/uploads\/2025\/12\/5SERGIO-1-280x300.jpg 280w\" sizes=\"(max-width: 354px) 100vw, 354px\" \/><\/figure>\n<\/figure>\n\n\n\n<p><strong>Por: Sergio E. Gonz\u00e1lez Rubiera<\/strong><\/p>\n\n\n\n<p>La Gobernadora ha dicho que el no se incrementar\u00e1, que no se aumenta, ha dicho enf\u00e1tica y yo le creo. No dudo de una sola de sus palabras. Lo que le pedimos respetuosa, pero enf\u00e1ticamente es que lo elimine, que no exista m\u00e1s ese derecho que surgi\u00f3 ante la emergencia de la pandemia, pero que, acabada la misma debe acabar tambi\u00e9n el derecho.<\/p>\n\n\n\n<p>Quintana Roo y sus destinos tur\u00edsticos requieren de incentivos fiscales y de leyes de fomento, no de m\u00e1s impuestos.<\/p>\n\n\n\n<figure class=\"wp-block-gallery has-nested-images columns-default is-cropped wp-block-gallery-2 is-layout-flex wp-block-gallery-is-layout-flex\">\n<figure class=\"wp-block-image size-large\"><img decoding=\"async\" width=\"500\" height=\"261\" data-id=\"1083340\" src=\"https:\/\/dimensionturistica.com\/es\/wp-content\/uploads\/2025\/12\/1SERGIO-1.jpg\" alt=\"\" class=\"wp-image-1083340\" srcset=\"https:\/\/dimensionturistica.com\/es\/wp-content\/uploads\/2025\/12\/1SERGIO-1.jpg 500w, https:\/\/dimensionturistica.com\/es\/wp-content\/uploads\/2025\/12\/1SERGIO-1-300x157.jpg 300w\" sizes=\"(max-width: 500px) 100vw, 500px\" \/><\/figure>\n<\/figure>\n\n\n\n<p>Si lo que se requiere es m\u00e1s recursos para desarrollar infraestructura y para enfrentar los dif\u00edciles retos del gobierno, lo que hay que hacer, es traer m\u00e1s y m\u00e1s turistas que con su derrama y con su impuesto al hospedaje habr\u00e1n de generar el ansiado recurso.<\/p>\n\n\n\n<figure class=\"wp-block-gallery has-nested-images columns-default is-cropped wp-block-gallery-3 is-layout-flex wp-block-gallery-is-layout-flex\">\n<figure class=\"wp-block-image size-large\"><img decoding=\"async\" width=\"500\" height=\"323\" data-id=\"1083341\" src=\"https:\/\/dimensionturistica.com\/es\/wp-content\/uploads\/2025\/12\/3SERGIO.jpg\" alt=\"\" class=\"wp-image-1083341\" srcset=\"https:\/\/dimensionturistica.com\/es\/wp-content\/uploads\/2025\/12\/3SERGIO.jpg 500w, https:\/\/dimensionturistica.com\/es\/wp-content\/uploads\/2025\/12\/3SERGIO-300x194.jpg 300w\" sizes=\"(max-width: 500px) 100vw, 500px\" \/><\/figure>\n<\/figure>\n\n\n\n<p>Promoci\u00f3n para el turismo, es lo que requerimos; derribar barreras y obst\u00e1culos que inhiben la competitividad, es lo que requerimos; facilitar la cosa tur\u00edstica en lo general y hacerlo f\u00e1cil para las empresas. La suma de eso, nos traer\u00e1 m\u00e1s y m\u00e1s turistas, que gastan, que dejan propinas y tambi\u00e9n impuestos.<\/p>\n\n\n\n<p>As\u00ed que, la idea es pensar como traemos m\u00e1s turistas y no como crear m\u00e1s impuestos&#8230;<\/p>\n\n\n\n<p>Al Buen Entendedor&#8230;<\/p>\n\n\n\n<p>\ufeff\ufeffsgrubiera@acticonsultores.com<\/p>\n","protected":false},"excerpt":{"rendered":"<p>Por: Sergio E. Gonz\u00e1lez Rubiera La Gobernadora ha dicho que el no se incrementar\u00e1, que no se aumenta, ha dicho enf\u00e1tica y yo le creo. No dudo de una sola de sus palabras. Lo que le pedimos respetuosa, pero enf\u00e1ticamente es que lo elimine, que no exista m\u00e1s ese derecho que surgi\u00f3 ante la emergencia [&hellip;]<\/p>\n","protected":false},"author":1,"featured_media":0,"comment_status":"open","ping_status":"closed","sticky":false,"template":"","format":"standard","meta":{"om_disable_all_campaigns":false,"jnews-multi-image_gallery":[],"jnews_single_post":[],"jnews_primary_category":[],"jnews_social_meta":[],"footnotes":""},"categories":[39],"tags":[],"class_list":["post-1083338","post","type-post","status-publish","format-standard","hentry","category-viajes"],"_links":{"self":[{"href":"https:\/\/dimensionturistica.com\/es\/wp-json\/wp\/v2\/posts\/1083338","targetHints":{"allow":["GET"]}}],"collection":[{"href":"https:\/\/dimensionturistica.com\/es\/wp-json\/wp\/v2\/posts"}],"about":[{"href":"https:\/\/dimensionturistica.com\/es\/wp-json\/wp\/v2\/types\/post"}],"author":[{"embeddable":true,"href":"https:\/\/dimensionturistica.com\/es\/wp-json\/wp\/v2\/users\/1"}],"replies":[{"embeddable":true,"href":"https:\/\/dimensionturistica.com\/es\/wp-json\/wp\/v2\/comments?post=1083338"}],"version-history":[{"count":1,"href":"https:\/\/dimensionturistica.com\/es\/wp-json\/wp\/v2\/posts\/1083338\/revisions"}],"predecessor-version":[{"id":1083342,"href":"https:\/\/dimensionturistica.com\/es\/wp-json\/wp\/v2\/posts\/1083338\/revisions\/1083342"}],"wp:attachment":[{"href":"https:\/\/dimensionturistica.com\/es\/wp-json\/wp\/v2\/media?parent=1083338"}],"wp:term":[{"taxonomy":"category","embeddable":true,"href":"https:\/\/dimensionturistica.com\/es\/wp-json\/wp\/v2\/categories?post=1083338"},{"taxonomy":"post_tag","embeddable":true,"href":"https:\/\/dimensionturistica.com\/es\/wp-json\/wp\/v2\/tags?post=1083338"}],"curies":[{"name":"wp","href":"https:\/\/api.w.org\/{rel}","templated":true}]}}