{"id":1083129,"date":"2025-12-06T20:24:48","date_gmt":"2025-12-06T20:24:48","guid":{"rendered":"https:\/\/dimensionturistica.com\/es\/?p=1083129"},"modified":"2025-12-06T20:24:48","modified_gmt":"2025-12-06T20:24:48","slug":"aumento-de-tarifas-de-visa-impactara-al-sector-aereo","status":"publish","type":"post","link":"https:\/\/dimensionturistica.com\/es\/aumento-de-tarifas-de-visa-impactara-al-sector-aereo\/","title":{"rendered":"Aumento de tarifas de visa impactar\u00e1 al sector a\u00e9reo."},"content":{"rendered":"<h3>El impacto del aumento de tarifas de visa en el turismo<\/h3>\n<p>El sector tur\u00edstico, un pilar fundamental de muchas econom\u00edas, se enfrenta a nuevos desaf\u00edos tras la reciente alianza entre la Secretar\u00eda de Turismo y la C\u00e1mara Nacional de Aerotransportes (CANAERO). Este acuerdo, que busca mejorar la conectividad a\u00e9rea y promover el turismo en el pa\u00eds, se ha visto afectado por la decisi\u00f3n de aumentar las tarifas de visa para los turistas. Este ajuste no es solo un cambio en las pol\u00edticas; puede tener implicaciones significativas para la afluencia de visitantes internacionales.<\/p>\n<p>El turismo, especialmente en pa\u00edses con una rica cultura y diversidad de destinos, depende en gran medida de la accesibilidad. Cuando los costos de ingresar a un pa\u00eds aumentan, es probable que muchos potenciales viajeros reconsideren sus planes. \u00bfQu\u00e9 significa esto para los destinos que dependen del turismo internacional? Podr\u00eda ser el comienzo de una reducci\u00f3n en el n\u00famero de visitantes, lo que afectar\u00eda a la econom\u00eda local y, por ende, a miles de empleos en la industria.<\/p>\n<p>Los operadores tur\u00edsticos y las aerol\u00edneas est\u00e1n preocupados, ya que este aumento en las tarifas puede resultar en una disminuci\u00f3n en la competitividad del pa\u00eds en el mercado global. La gran pregunta es: \u00bfc\u00f3mo se puede mitigar este impacto? Las autoridades deben trabajar en estrategias innovadoras que incentiven a los visitantes a seguir eligiendo su destino a pesar de los nuevos costos. Promociones especiales, paquetes tur\u00edsticos atractivos y campa\u00f1as de marketing dirigidas a mercados espec\u00edficos podr\u00edan ser algunas de las soluciones viables.<\/p>\n<p>Adem\u00e1s, es crucial que se lleve a cabo una promoci\u00f3n efectiva de los destinos no solo en la \u00e9poca alta de turismo, sino tambi\u00e9n a lo largo de todo el a\u00f1o. Destinos menos conocidos pueden ser explotados para diversificar la oferta y atraer a diferentes tipos de viajeros, desde aquellos en busca de aventura hasta los que prefieren un turismo cultural m\u00e1s profundo.<\/p>\n<p>A pesar de los desaf\u00edos, hay oportunidades. La combinaci\u00f3n de una buena estrategia de marketing y un enfoque renovado en la experiencia del viajero puede convertir esta adversidad en un impulso para mejorar la calidad del servicio y la oferta tur\u00edstica en el pa\u00eds.<\/p>\n<p>En conclusi\u00f3n, el aumento en las tarifas de visa representa un reto significativo para el sector tur\u00edstico. Sin embargo, con creatividad y adaptaci\u00f3n, es posible que se puedan encontrar maneras de atraer y retener a los visitantes, asegurando que el turismo siga siendo un motor de desarrollo y crecimiento econ\u00f3mico. Las decisiones que se tomen ahora influir\u00e1n profundamente en c\u00f3mo se percibe un pa\u00eds en el \u00e1mbito internacional y en la capacidad de su industria tur\u00edstica para prosperar en un entorno competitivo.<\/p>\n<p><em> &#8221; Fuentes columnadigital.com &#8221; <\/em><\/p>\n","protected":false},"excerpt":{"rendered":"<p>El impacto del aumento de tarifas de visa en el turismo El sector tur\u00edstico, un pilar fundamental de muchas econom\u00edas, se enfrenta a nuevos desaf\u00edos tras la reciente alianza entre la Secretar\u00eda de Turismo y la C\u00e1mara Nacional de Aerotransportes (CANAERO). Este acuerdo, que busca mejorar la conectividad a\u00e9rea y promover el turismo en el [&hellip;]<\/p>\n","protected":false},"author":4,"featured_media":1083130,"comment_status":"open","ping_status":"closed","sticky":false,"template":"","format":"standard","meta":{"om_disable_all_campaigns":false,"jnews-multi-image_gallery":[],"jnews_single_post":[],"jnews_primary_category":[],"jnews_social_meta":[],"footnotes":""},"categories":[39],"tags":[41155,7943,1547,259574,16744,233985,33873,10119,177959,1326,4889,259575,9544],"class_list":["post-1083129","post","type-post","status-publish","format-standard","has-post-thumbnail","hentry","category-viajes","tag-afectara","tag-alianza","tag-aumento","tag-aumento-tarifas-visa","tag-canaero","tag-columna-digital","tag-millones-de-dolares","tag-perdidas","tag-proteccion-infantil","tag-sectur","tag-tarifas","tag-viajar-ee-uu","tag-visa"],"_links":{"self":[{"href":"https:\/\/dimensionturistica.com\/es\/wp-json\/wp\/v2\/posts\/1083129","targetHints":{"allow":["GET"]}}],"collection":[{"href":"https:\/\/dimensionturistica.com\/es\/wp-json\/wp\/v2\/posts"}],"about":[{"href":"https:\/\/dimensionturistica.com\/es\/wp-json\/wp\/v2\/types\/post"}],"author":[{"embeddable":true,"href":"https:\/\/dimensionturistica.com\/es\/wp-json\/wp\/v2\/users\/4"}],"replies":[{"embeddable":true,"href":"https:\/\/dimensionturistica.com\/es\/wp-json\/wp\/v2\/comments?post=1083129"}],"version-history":[{"count":1,"href":"https:\/\/dimensionturistica.com\/es\/wp-json\/wp\/v2\/posts\/1083129\/revisions"}],"predecessor-version":[{"id":1083131,"href":"https:\/\/dimensionturistica.com\/es\/wp-json\/wp\/v2\/posts\/1083129\/revisions\/1083131"}],"wp:featuredmedia":[{"embeddable":true,"href":"https:\/\/dimensionturistica.com\/es\/wp-json\/wp\/v2\/media\/1083130"}],"wp:attachment":[{"href":"https:\/\/dimensionturistica.com\/es\/wp-json\/wp\/v2\/media?parent=1083129"}],"wp:term":[{"taxonomy":"category","embeddable":true,"href":"https:\/\/dimensionturistica.com\/es\/wp-json\/wp\/v2\/categories?post=1083129"},{"taxonomy":"post_tag","embeddable":true,"href":"https:\/\/dimensionturistica.com\/es\/wp-json\/wp\/v2\/tags?post=1083129"}],"curies":[{"name":"wp","href":"https:\/\/api.w.org\/{rel}","templated":true}]}}