{"id":1083087,"date":"2025-12-06T18:08:53","date_gmt":"2025-12-06T18:08:53","guid":{"rendered":"https:\/\/dimensionturistica.com\/es\/?p=1083087"},"modified":"2025-12-06T18:08:53","modified_gmt":"2025-12-06T18:08:53","slug":"yucatan-ofrece-los-mejores-lugares-para-recibir-el-ano-nuevo","status":"publish","type":"post","link":"https:\/\/dimensionturistica.com\/es\/yucatan-ofrece-los-mejores-lugares-para-recibir-el-ano-nuevo\/","title":{"rendered":"Yucat\u00e1n ofrece los mejores lugares para recibir el A\u00f1o Nuevo"},"content":{"rendered":"\n<p><\/p>\n\n\n\n<figure class=\"wp-block-gallery has-nested-images columns-default is-cropped wp-block-gallery-1 is-layout-flex wp-block-gallery-is-layout-flex\">\n<figure class=\"wp-block-image size-large\"><img decoding=\"async\" width=\"500\" height=\"134\" data-id=\"1083088\" src=\"https:\/\/dimensionturistica.com\/es\/wp-content\/uploads\/2025\/12\/1YUCA.jpg\" alt=\"\" class=\"wp-image-1083088\" srcset=\"https:\/\/dimensionturistica.com\/es\/wp-content\/uploads\/2025\/12\/1YUCA.jpg 500w, https:\/\/dimensionturistica.com\/es\/wp-content\/uploads\/2025\/12\/1YUCA-300x80.jpg 300w\" sizes=\"(max-width: 500px) 100vw, 500px\" \/><\/figure>\n<\/figure>\n\n\n\n<p>Yucat\u00e1n se prepara para despedir el a\u00f1o con una mezcla \u00fanica de tradici\u00f3n, hospitalidad y escenarios que inspiran a comenzar nuevos ciclos con energ\u00eda renovada. Reconocido por su riqueza cultural, su gastronom\u00eda inigualable y su clima c\u00e1lido inclusive en invierno, el estado se posiciona como uno de los destinos favoritos para celebrar el A\u00f1o Nuevo en un ambiente inclusivo, seguro y profundamente significativo para visitantes de todas las edades, identidades y estilos de viaje.<\/p>\n\n\n\n<figure class=\"wp-block-gallery has-nested-images columns-default is-cropped wp-block-gallery-2 is-layout-flex wp-block-gallery-is-layout-flex\">\n<figure class=\"wp-block-image size-large\"><img decoding=\"async\" width=\"500\" height=\"334\" data-id=\"1083089\" src=\"https:\/\/dimensionturistica.com\/es\/wp-content\/uploads\/2025\/12\/3YUCA.jpg\" alt=\"\" class=\"wp-image-1083089\" srcset=\"https:\/\/dimensionturistica.com\/es\/wp-content\/uploads\/2025\/12\/3YUCA.jpg 500w, https:\/\/dimensionturistica.com\/es\/wp-content\/uploads\/2025\/12\/3YUCA-300x200.jpg 300w\" sizes=\"(max-width: 500px) 100vw, 500px\" \/><\/figure>\n<\/figure>\n\n\n\n<p>M\u00e9rida: Celebraci\u00f3n viva en la Capital Blanca<\/p>\n\n\n\n<p>La emblem\u00e1tica ciudad de M\u00e9rida, con su arquitectura colonial y vibrante vida nocturna, ofrece una de las celebraciones m\u00e1s acogedoras del pa\u00eds. Sobre Paseo de Montejo, visitantes y locales se re\u00fanen para disfrutar de cenas especiales, m\u00fasica en vivo y espect\u00e1culos de luz que iluminan la ciudad. Diversos hoteles y restaurantes organizan cenas de fin de a\u00f1o con men\u00fas regionales contempor\u00e1neos, dise\u00f1ados para que cualquier persona\u2014viajeros solitarios, familias, parejas o grupos de amigos\u2014se sienta parte de la fiesta.<\/p>\n\n\n\n<figure class=\"wp-block-gallery has-nested-images columns-default is-cropped wp-block-gallery-3 is-layout-flex wp-block-gallery-is-layout-flex\">\n<figure class=\"wp-block-image size-large\"><img decoding=\"async\" width=\"500\" height=\"333\" data-id=\"1083090\" src=\"https:\/\/dimensionturistica.com\/es\/wp-content\/uploads\/2025\/12\/4YUCA.jpg\" alt=\"\" class=\"wp-image-1083090\" srcset=\"https:\/\/dimensionturistica.com\/es\/wp-content\/uploads\/2025\/12\/4YUCA.jpg 500w, https:\/\/dimensionturistica.com\/es\/wp-content\/uploads\/2025\/12\/4YUCA-300x200.jpg 300w\" sizes=\"(max-width: 500px) 100vw, 500px\" \/><\/figure>\n<\/figure>\n\n\n\n<p>Puerto Progreso: A\u00f1o Nuevo frente al mar<\/p>\n\n\n\n<p>A solo 30 minutos de M\u00e9rida, el malec\u00f3n internacional de Progreso se ha convertido en uno de los escenarios favoritos para quienes buscan comenzar el a\u00f1o con la brisa marina y un ambiente relajado. Restaurantes de playa, clubes y terrazas ofrecen cenas especiales que integran ingredientes locales como el pescado fresco, el pulpo y bebidas artesanales. La fiesta contin\u00faa con m\u00fasica en vivo, espect\u00e1culos de fuego y una vista inigualable de los fuegos artificiales que se reflejan sobre el mar.<\/p>\n\n\n\n<figure class=\"wp-block-gallery has-nested-images columns-default is-cropped wp-block-gallery-4 is-layout-flex wp-block-gallery-is-layout-flex\">\n<figure class=\"wp-block-image size-large\"><img decoding=\"async\" width=\"500\" height=\"333\" data-id=\"1083091\" src=\"https:\/\/dimensionturistica.com\/es\/wp-content\/uploads\/2025\/12\/7YUCA.jpg\" alt=\"\" class=\"wp-image-1083091\" srcset=\"https:\/\/dimensionturistica.com\/es\/wp-content\/uploads\/2025\/12\/7YUCA.jpg 500w, https:\/\/dimensionturistica.com\/es\/wp-content\/uploads\/2025\/12\/7YUCA-300x200.jpg 300w\" sizes=\"(max-width: 500px) 100vw, 500px\" \/><\/figure>\n<\/figure>\n\n\n\n<p>Valladolid: Tradici\u00f3n, misticismo y cultura maya<\/p>\n\n\n\n<p>En el coraz\u00f3n del oriente yucateco, Valladolid es perfecta para quienes desean un cierre de a\u00f1o m\u00e1s \u00edntimo y espiritual. La ciudad mezcla festividades comunitarias, mercados nocturnos y experiencias gastron\u00f3micas que destacan ingredientes mayas milenarios. Muy cerca, los cenotes de la regi\u00f3n ofrecen ceremonias de purificaci\u00f3n y rituales guiados por guardianes de la cultura local, brindando un espacio seguro y respetuoso para quienes desean conectar con la tierra y pedir por un ciclo lleno de luz.<\/p>\n\n\n\n<figure class=\"wp-block-gallery has-nested-images columns-default is-cropped wp-block-gallery-5 is-layout-flex wp-block-gallery-is-layout-flex\">\n<figure class=\"wp-block-image size-large\"><img decoding=\"async\" width=\"500\" height=\"331\" data-id=\"1083092\" src=\"https:\/\/dimensionturistica.com\/es\/wp-content\/uploads\/2025\/12\/11YUCA.jpg\" alt=\"\" class=\"wp-image-1083092\" srcset=\"https:\/\/dimensionturistica.com\/es\/wp-content\/uploads\/2025\/12\/11YUCA.jpg 500w, https:\/\/dimensionturistica.com\/es\/wp-content\/uploads\/2025\/12\/11YUCA-300x199.jpg 300w\" sizes=\"(max-width: 500px) 100vw, 500px\" \/><\/figure>\n<\/figure>\n\n\n\n<p>Zona Arqueol\u00f3gica de Uxmal: Recibir el a\u00f1o entre historia y energ\u00eda ancestral<\/p>\n\n\n\n<p>Aunque no se realizan celebraciones masivas dentro de la zona arqueol\u00f3gica, los hoteles y estancias cercanas a Uxmal organizan experiencias \u00fanicas para despedir el a\u00f1o rodeados de la majestuosidad maya. Muchos visitantes eligen este sitio para iniciar el nuevo ciclo con reflexi\u00f3n y calma, acompa\u00f1ados de cenas tradicionales, observaci\u00f3n del cielo estrellado y meditaciones guiadas que enaltecen el conocimiento astron\u00f3mico de la antigua civilizaci\u00f3n.<\/p>\n\n\n\n<p>Pueblos M\u00e1gicos y haciendas: Escenarios \u00edntimos y elegantes<\/p>\n\n\n\n<figure class=\"wp-block-gallery has-nested-images columns-default is-cropped wp-block-gallery-6 is-layout-flex wp-block-gallery-is-layout-flex\">\n<figure class=\"wp-block-image size-large\"><img decoding=\"async\" width=\"500\" height=\"333\" data-id=\"1083093\" src=\"https:\/\/dimensionturistica.com\/es\/wp-content\/uploads\/2025\/12\/2YUCA.jpg\" alt=\"\" class=\"wp-image-1083093\" srcset=\"https:\/\/dimensionturistica.com\/es\/wp-content\/uploads\/2025\/12\/2YUCA.jpg 500w, https:\/\/dimensionturistica.com\/es\/wp-content\/uploads\/2025\/12\/2YUCA-300x200.jpg 300w\" sizes=\"(max-width: 500px) 100vw, 500px\" \/><\/figure>\n<\/figure>\n\n\n\n<p>Izamal, Man\u00ed y Tekax\u2014tres de los Pueblos M\u00e1gicos de Yucat\u00e1n\u2014ofrecen celebraciones llenas de color, gastronom\u00eda local y tradiciones profundamente arraigadas. Las haciendas del estado, convertidas en hoteles boutique, son tambi\u00e9n una excelente opci\u00f3n para quienes buscan lujo, tranquilidad y privacidad. En estos espacios, el A\u00f1o Nuevo se vive con cenas de autor, ceremonias de agradecimiento y experiencias personalizadas para todos los perfiles de viajeros.<\/p>\n\n\n\n<p>Un destino seguro, hospitalario e inclusivo<\/p>\n\n\n\n<figure class=\"wp-block-gallery has-nested-images columns-default is-cropped wp-block-gallery-7 is-layout-flex wp-block-gallery-is-layout-flex\">\n<figure class=\"wp-block-image size-large\"><img decoding=\"async\" width=\"500\" height=\"333\" data-id=\"1083094\" src=\"https:\/\/dimensionturistica.com\/es\/wp-content\/uploads\/2025\/12\/66YUCA.jpg\" alt=\"\" class=\"wp-image-1083094\" srcset=\"https:\/\/dimensionturistica.com\/es\/wp-content\/uploads\/2025\/12\/66YUCA.jpg 500w, https:\/\/dimensionturistica.com\/es\/wp-content\/uploads\/2025\/12\/66YUCA-300x200.jpg 300w\" sizes=\"(max-width: 500px) 100vw, 500px\" \/><\/figure>\n<\/figure>\n\n\n\n<p>La calidez de su gente, la seguridad del estado y su enfoque en el turismo responsable han posicionado a Yucat\u00e1n como uno de los lugares m\u00e1s hospitalarios de M\u00e9xico. Ya sea para celebrar con la familia, viajar con amistades, en pareja o de forma individual, cada persona encuentra un espacio que respeta su estilo, identidad y forma de vivir estas fechas especiales.<\/p>\n","protected":false},"excerpt":{"rendered":"<p>Yucat\u00e1n se prepara para despedir el a\u00f1o con una mezcla \u00fanica de tradici\u00f3n, hospitalidad y escenarios que inspiran a comenzar nuevos ciclos con energ\u00eda renovada. Reconocido por su riqueza cultural, su gastronom\u00eda inigualable y su clima c\u00e1lido inclusive en invierno, el estado se posiciona como uno de los destinos favoritos para celebrar el A\u00f1o Nuevo [&hellip;]<\/p>\n","protected":false},"author":1,"featured_media":0,"comment_status":"open","ping_status":"closed","sticky":false,"template":"","format":"standard","meta":{"om_disable_all_campaigns":false,"jnews-multi-image_gallery":[],"jnews_single_post":{"format":"standard"},"jnews_primary_category":[],"jnews_social_meta":[],"footnotes":""},"categories":[39],"tags":[],"class_list":["post-1083087","post","type-post","status-publish","format-standard","hentry","category-viajes"],"_links":{"self":[{"href":"https:\/\/dimensionturistica.com\/es\/wp-json\/wp\/v2\/posts\/1083087","targetHints":{"allow":["GET"]}}],"collection":[{"href":"https:\/\/dimensionturistica.com\/es\/wp-json\/wp\/v2\/posts"}],"about":[{"href":"https:\/\/dimensionturistica.com\/es\/wp-json\/wp\/v2\/types\/post"}],"author":[{"embeddable":true,"href":"https:\/\/dimensionturistica.com\/es\/wp-json\/wp\/v2\/users\/1"}],"replies":[{"embeddable":true,"href":"https:\/\/dimensionturistica.com\/es\/wp-json\/wp\/v2\/comments?post=1083087"}],"version-history":[{"count":1,"href":"https:\/\/dimensionturistica.com\/es\/wp-json\/wp\/v2\/posts\/1083087\/revisions"}],"predecessor-version":[{"id":1083095,"href":"https:\/\/dimensionturistica.com\/es\/wp-json\/wp\/v2\/posts\/1083087\/revisions\/1083095"}],"wp:attachment":[{"href":"https:\/\/dimensionturistica.com\/es\/wp-json\/wp\/v2\/media?parent=1083087"}],"wp:term":[{"taxonomy":"category","embeddable":true,"href":"https:\/\/dimensionturistica.com\/es\/wp-json\/wp\/v2\/categories?post=1083087"},{"taxonomy":"post_tag","embeddable":true,"href":"https:\/\/dimensionturistica.com\/es\/wp-json\/wp\/v2\/tags?post=1083087"}],"curies":[{"name":"wp","href":"https:\/\/api.w.org\/{rel}","templated":true}]}}