{"id":1083065,"date":"2025-12-06T17:08:36","date_gmt":"2025-12-06T17:08:36","guid":{"rendered":"https:\/\/dimensionturistica.com\/es\/?p=1083065"},"modified":"2025-12-06T17:08:36","modified_gmt":"2025-12-06T17:08:36","slug":"la-ciudad-de-guadalajara-te-sorprendera-con-estas-cinco-opciones-para-celebrar-las-festividades-navidenas","status":"publish","type":"post","link":"https:\/\/dimensionturistica.com\/es\/la-ciudad-de-guadalajara-te-sorprendera-con-estas-cinco-opciones-para-celebrar-las-festividades-navidenas\/","title":{"rendered":"La ciudad de Guadalajara te sorprender\u00e1 con estas cinco opciones para celebrar las festividades navide\u00f1as"},"content":{"rendered":"\n<figure class=\"wp-block-gallery has-nested-images columns-default is-cropped wp-block-gallery-1 is-layout-flex wp-block-gallery-is-layout-flex\">\n<figure class=\"wp-block-image size-large\"><img decoding=\"async\" width=\"500\" height=\"223\" data-id=\"1083066\" src=\"https:\/\/dimensionturistica.com\/es\/wp-content\/uploads\/2025\/12\/1guada.jpg\" alt=\"\" class=\"wp-image-1083066\" srcset=\"https:\/\/dimensionturistica.com\/es\/wp-content\/uploads\/2025\/12\/1guada.jpg 500w, https:\/\/dimensionturistica.com\/es\/wp-content\/uploads\/2025\/12\/1guada-300x134.jpg 300w\" sizes=\"(max-width: 500px) 100vw, 500px\" \/><\/figure>\n<\/figure>\n\n\n\n<p>Diciembre es uno de los meses m\u00e1s fant\u00e1sticos del a\u00f1o y la Perla Tapat\u00eda es el mejor destino para visitar en esta temporada y celebrar estas fechas de forma diferente con todo el esp\u00edritu navide\u00f1o. Guadalajara te sorprender\u00e1 con una agenda llena de actividades, festivales, posadas, y eventos decembrinos en los lugares m\u00e1s emblem\u00e1ticos y culturales.<\/p>\n\n\n\n<figure class=\"wp-block-gallery has-nested-images columns-default is-cropped wp-block-gallery-2 is-layout-flex wp-block-gallery-is-layout-flex\">\n<figure class=\"wp-block-image size-large\"><img decoding=\"async\" width=\"500\" height=\"347\" data-id=\"1083067\" src=\"https:\/\/dimensionturistica.com\/es\/wp-content\/uploads\/2025\/12\/1NIEVE.jpg\" alt=\"\" class=\"wp-image-1083067\" srcset=\"https:\/\/dimensionturistica.com\/es\/wp-content\/uploads\/2025\/12\/1NIEVE.jpg 500w, https:\/\/dimensionturistica.com\/es\/wp-content\/uploads\/2025\/12\/1NIEVE-300x208.jpg 300w\" sizes=\"(max-width: 500px) 100vw, 500px\" \/><\/figure>\n<\/figure>\n\n\n\n<p>Empezando el mes podr\u00e1s sumergirte en cuatro mundos tem\u00e1ticos navide\u00f1os en el parque tem\u00e1tico Navidalia, los cuales consisten en \u201cPosada Mexicana\u201d, como su nombre lo se\u00f1ala en este espacio se revive una de las m\u00e1s emblem\u00e1ticas tradiciones mexicanas, el \u201cMundo N\u00f3rdico\u201d es una aventura totalmente cubierta con un paisaje blanco invernal rodeado de pinos nevados.<\/p>\n\n\n\n<p>La gastronom\u00eda y la cultura del viejo continente la podr\u00e1s encontrar plasmada en \u201cMundo Europeo\u201d, entre caba\u00f1as iluminadas, el Gran \u00c1rbol navide\u00f1o, pista de hielo y su emotivo espect\u00e1culo musical con melod\u00edas navide\u00f1as. Y por \u00faltimo, en el \u201cMundo del Medio Oriente\u201d, a bordo de barcazas sobre el lago, los visitantes viajar\u00e1n a los or\u00edgenes de la Navidad por medio de un nuevo espect\u00e1culo visual con bailes, m\u00fasica \u00e1rabe y malabares bajo un cielo de luces brillantes. Adem\u00e1s disfrutar\u00e1s el espect\u00e1culo principal llamado \u201cCanticorum\u201d, un show con m\u00e1s de 30 artistas tocando y cantando m\u00fasica navide\u00f1a sobre un escenario acu\u00e1tico.<\/p>\n\n\n\n<figure class=\"wp-block-gallery has-nested-images columns-default is-cropped wp-block-gallery-3 is-layout-flex wp-block-gallery-is-layout-flex\">\n<figure class=\"wp-block-image size-large\"><img decoding=\"async\" width=\"500\" height=\"333\" data-id=\"1083068\" src=\"https:\/\/dimensionturistica.com\/es\/wp-content\/uploads\/2025\/12\/2NIEVE.jpg\" alt=\"\" class=\"wp-image-1083068\" srcset=\"https:\/\/dimensionturistica.com\/es\/wp-content\/uploads\/2025\/12\/2NIEVE.jpg 500w, https:\/\/dimensionturistica.com\/es\/wp-content\/uploads\/2025\/12\/2NIEVE-300x200.jpg 300w\" sizes=\"(max-width: 500px) 100vw, 500px\" \/><\/figure>\n<\/figure>\n\n\n\n<p>Esta atracci\u00f3n estar\u00e1 disponible del 5 al 30 de diciembre en el Parque \u00c1vila Camacho de domingo a jueves de 19:00 a 00:00 hrs.; y de viernes a s\u00e1bado de 19:00 a 01:00 hrs.<\/p>\n\n\n\n<p>El Centro Hist\u00f3rico de Guadalajara ser\u00e1 el escenario principal de \u201cIlusionante\u201d, un evento navide\u00f1o que se lleva a cabo en varios rincones del Estado de Jalisco entre municipios y Pueblos M\u00e1gicos. Este a\u00f1o propone con su programa de actividades ambientar la temporada de Navidad y A\u00f1o Nuevo de manera \u00fanica con atracciones como: pista de hielo gratuita, rueda de la fortuna instalada cerca de la zona de la Catedral, ideal para tener una vista panor\u00e1mica del monumental \u00e1rbol de navidad, adem\u00e1s de visualizar la zona llena de luces y decoraciones.<\/p>\n\n\n\n<figure class=\"wp-block-gallery has-nested-images columns-default is-cropped wp-block-gallery-4 is-layout-flex wp-block-gallery-is-layout-flex\">\n<figure class=\"wp-block-image size-large\"><img decoding=\"async\" width=\"500\" height=\"333\" data-id=\"1083069\" src=\"https:\/\/dimensionturistica.com\/es\/wp-content\/uploads\/2025\/12\/3NIEVE.jpg\" alt=\"\" class=\"wp-image-1083069\" srcset=\"https:\/\/dimensionturistica.com\/es\/wp-content\/uploads\/2025\/12\/3NIEVE.jpg 500w, https:\/\/dimensionturistica.com\/es\/wp-content\/uploads\/2025\/12\/3NIEVE-300x200.jpg 300w\" sizes=\"(max-width: 500px) 100vw, 500px\" \/><\/figure>\n<\/figure>\n\n\n\n<p>En esta edici\u00f3n, tendr\u00e1n actividades culturales y espect\u00e1culos de otro nivel destacando proyecciones de videomapping navide\u00f1o en la fachada de la catedral y los edificios hist\u00f3ricos que se hallan a su alrededor, as\u00ed como conciertos, shows musicales, ballet y juegos mec\u00e1nicos como el carrusel y la rueda de la fortuna, perfecto para la diversi\u00f3n de los m\u00e1s peque\u00f1os del hogar.<\/p>\n\n\n\n<p>Otros sitios donde se podr\u00e1 disfrutar de este festival con la familia ser\u00e1n en parques como el \u201cParque Luis Quintanar\u201d con la \u201cFeria Navide\u00f1a\u201d donde adem\u00e1s de una abundante gastronom\u00eda, el entretenimiento estar\u00e1 en los juegos que se localizan ah\u00ed; y el \u201cBosque Encantado\u201d, donde chicos y grandes se divertir\u00e1n con las rampas deslizantes instaladas, proyecciones de pel\u00edculas bajo el concepto de cine al aire libre, talleres impartidos en la zona y venta de productos locales, entre otros, afirmamos que las risas no faltar\u00e1n.<\/p>\n\n\n\n<figure class=\"wp-block-gallery has-nested-images columns-default is-cropped wp-block-gallery-5 is-layout-flex wp-block-gallery-is-layout-flex\">\n<figure class=\"wp-block-image size-large\"><img decoding=\"async\" width=\"500\" height=\"332\" data-id=\"1083070\" src=\"https:\/\/dimensionturistica.com\/es\/wp-content\/uploads\/2025\/12\/4NIEVE.jpg\" alt=\"\" class=\"wp-image-1083070\" srcset=\"https:\/\/dimensionturistica.com\/es\/wp-content\/uploads\/2025\/12\/4NIEVE.jpg 500w, https:\/\/dimensionturistica.com\/es\/wp-content\/uploads\/2025\/12\/4NIEVE-300x199.jpg 300w\" sizes=\"(max-width: 500px) 100vw, 500px\" \/><\/figure>\n<\/figure>\n\n\n\n<p>Para los amantes del deporte, el pr\u00f3ximo domingo 7 de diciembre a las 60 horas, en el Parque Metropolitano de Guadalajara iniciar\u00e1 \u201cRun Santa Run\u201d, una carrera tem\u00e1tica que se ha convertido en tradici\u00f3n en distintas ciudades de M\u00e9xico por su concepto \u00fanico, en la cual, cientos de participantes corren caracterizados como Pap\u00e1 Noel o como duendes en distancias de 1K, 5K y 10K.<\/p>\n\n\n\n<p>La experiencia se vive entre nieve artificial cayendo sobre los corredores, m\u00fasica navide\u00f1a y donde cada circuito sorprender\u00e1 a los participantes con decoraciones navide\u00f1as y hasta encuentros con personajes como el Grinch, creando un ambiente familiar y divertido.<\/p>\n\n\n\n<p>Cada edici\u00f3n busca unir deporte y causa social. Este a\u00f1o, la carrera nuevamente forma parte del programa \u201cCorriendo por Una Sonrisa\u201d, iniciativa que destina parte de lo recaudado a la compra de juguetes para ni\u00f1as y ni\u00f1os de comunidades con escasos recursos.<\/p>\n\n\n\n<figure class=\"wp-block-gallery has-nested-images columns-default is-cropped wp-block-gallery-6 is-layout-flex wp-block-gallery-is-layout-flex\">\n<figure class=\"wp-block-image size-large\"><img decoding=\"async\" width=\"500\" height=\"333\" data-id=\"1083071\" src=\"https:\/\/dimensionturistica.com\/es\/wp-content\/uploads\/2025\/12\/6NIEVE.jpg\" alt=\"\" class=\"wp-image-1083071\" srcset=\"https:\/\/dimensionturistica.com\/es\/wp-content\/uploads\/2025\/12\/6NIEVE.jpg 500w, https:\/\/dimensionturistica.com\/es\/wp-content\/uploads\/2025\/12\/6NIEVE-300x200.jpg 300w\" sizes=\"(max-width: 500px) 100vw, 500px\" \/><figcaption class=\"wp-element-caption\">default<\/figcaption><\/figure>\n<\/figure>\n\n\n\n<p>Recintos culturales y de entretenimiento de Guadalajara tambi\u00e9n ser\u00e1n escenarios de shows navide\u00f1os, tal es el caso de \u201cEl Cascanueces\u201d, ballet cl\u00e1sico de temporada con m\u00fasica de Piotr Ilych Tchaikovsky, basado en el cuento de Navidad, un espect\u00e1culo ideal para toda la familia. Dos producciones estar\u00e1n realizando este espect\u00e1culo: \u201cBallet de Jalisco\u201d, el 17, 18 y 19 de diciembre 20:00 y 21 diciembre 13:00 y 18:00 hrs., en el Teatro Degollado; y \u201cSpazio Ballet\u201d, el 6 de diciembre 19:00 o 20:00 hrs., en el Teatro Diana.<\/p>\n\n\n\n<p>Otra opci\u00f3n es \u201cUn deseo de Navidad\u201d, obra de teatro que se anuncia como un \u201canti-musical\u201d navide\u00f1o, con un tono humor\u00edstico y divertido, m\u00e1s irreverente que el t\u00edpico musical cl\u00e1sico de Navidad, dirigido para p\u00fablico joven o familiar que buscan entretenimiento distinto. La cita es el pr\u00f3ximo 6 de diciembre en el Foro del \u00c1ngel en Zapopan.<\/p>\n\n\n\n<p>Pasar las festividades navide\u00f1as en la Perla Tapat\u00eda en familia es el mejor plan. Estamos seguros que te sorprender\u00e1 las decoraciones navide\u00f1as, la iluminaci\u00f3n, y el ambiente festivo que te recibir\u00e1 a lo largo de sus calles y har\u00e1n adentrate a un mundo m\u00e1gico con una experiencia \u00fanica navide\u00f1a con sus actividades, atracciones inmersivas, zonas de entretenimiento, espect\u00e1culos y una oferta gastron\u00f3mica inmejorable, todo de primer nivel.<\/p>\n\n\n\n<p>Para mayor informaci\u00f3n:<\/p>\n\n\n\n<figure class=\"wp-block-embed is-type-wp-embed is-provider-guadalajara wp-block-embed-guadalajara\"><div class=\"wp-block-embed__wrapper\">\n<blockquote class=\"wp-embedded-content\" data-secret=\"0B9mCztlFF\"><a href=\"https:\/\/visitagdl.com\/ofvc\/\">OFVC<\/a><\/blockquote><iframe loading=\"lazy\" class=\"wp-embedded-content\" sandbox=\"allow-scripts\" security=\"restricted\" style=\"position: absolute; visibility: hidden;\" title=\"\u00abOFVC\u00bb \u2014 Guadalajara\" src=\"https:\/\/visitagdl.com\/ofvc\/embed\/#?secret=pqPsm89eOQ#?secret=0B9mCztlFF\" data-secret=\"0B9mCztlFF\" width=\"500\" height=\"282\" frameborder=\"0\" marginwidth=\"0\" marginheight=\"0\" scrolling=\"no\"><\/iframe>\n<\/div><\/figure>\n","protected":false},"excerpt":{"rendered":"<p>Diciembre es uno de los meses m\u00e1s fant\u00e1sticos del a\u00f1o y la Perla Tapat\u00eda es el mejor destino para visitar en esta temporada y celebrar estas fechas de forma diferente con todo el esp\u00edritu navide\u00f1o. Guadalajara te sorprender\u00e1 con una agenda llena de actividades, festivales, posadas, y eventos decembrinos en los lugares m\u00e1s emblem\u00e1ticos y [&hellip;]<\/p>\n","protected":false},"author":1,"featured_media":0,"comment_status":"open","ping_status":"closed","sticky":false,"template":"","format":"standard","meta":{"om_disable_all_campaigns":false,"jnews-multi-image_gallery":[],"jnews_single_post":{"format":"standard"},"jnews_primary_category":[],"jnews_social_meta":[],"footnotes":""},"categories":[39],"tags":[],"class_list":["post-1083065","post","type-post","status-publish","format-standard","hentry","category-viajes"],"_links":{"self":[{"href":"https:\/\/dimensionturistica.com\/es\/wp-json\/wp\/v2\/posts\/1083065","targetHints":{"allow":["GET"]}}],"collection":[{"href":"https:\/\/dimensionturistica.com\/es\/wp-json\/wp\/v2\/posts"}],"about":[{"href":"https:\/\/dimensionturistica.com\/es\/wp-json\/wp\/v2\/types\/post"}],"author":[{"embeddable":true,"href":"https:\/\/dimensionturistica.com\/es\/wp-json\/wp\/v2\/users\/1"}],"replies":[{"embeddable":true,"href":"https:\/\/dimensionturistica.com\/es\/wp-json\/wp\/v2\/comments?post=1083065"}],"version-history":[{"count":1,"href":"https:\/\/dimensionturistica.com\/es\/wp-json\/wp\/v2\/posts\/1083065\/revisions"}],"predecessor-version":[{"id":1083072,"href":"https:\/\/dimensionturistica.com\/es\/wp-json\/wp\/v2\/posts\/1083065\/revisions\/1083072"}],"wp:attachment":[{"href":"https:\/\/dimensionturistica.com\/es\/wp-json\/wp\/v2\/media?parent=1083065"}],"wp:term":[{"taxonomy":"category","embeddable":true,"href":"https:\/\/dimensionturistica.com\/es\/wp-json\/wp\/v2\/categories?post=1083065"},{"taxonomy":"post_tag","embeddable":true,"href":"https:\/\/dimensionturistica.com\/es\/wp-json\/wp\/v2\/tags?post=1083065"}],"curies":[{"name":"wp","href":"https:\/\/api.w.org\/{rel}","templated":true}]}}