{"id":1083035,"date":"2025-12-06T16:22:22","date_gmt":"2025-12-06T16:22:22","guid":{"rendered":"https:\/\/dimensionturistica.com\/es\/?p=1083035"},"modified":"2025-12-06T16:22:22","modified_gmt":"2025-12-06T16:22:22","slug":"jalisco-nuevo-leon-y-ciudad-de-mexico-expusieron-sus-planes-de-movilidad-infraestructura-seguridad-y-turismo-ante-autoridades-diplomaticas-y-equipos-organizadores","status":"publish","type":"post","link":"https:\/\/dimensionturistica.com\/es\/jalisco-nuevo-leon-y-ciudad-de-mexico-expusieron-sus-planes-de-movilidad-infraestructura-seguridad-y-turismo-ante-autoridades-diplomaticas-y-equipos-organizadores\/","title":{"rendered":"Jalisco, Nuevo Le\u00f3n y Ciudad de M\u00e9xico expusieron sus planes de movilidad, infraestructura, seguridad y turismo, ante autoridades diplom\u00e1ticas y equipos organizadores."},"content":{"rendered":"\n<figure class=\"wp-block-gallery has-nested-images columns-default is-cropped wp-block-gallery-1 is-layout-flex wp-block-gallery-is-layout-flex\">\n<figure class=\"wp-block-image size-large\"><img decoding=\"async\" width=\"500\" height=\"237\" data-id=\"1083036\" src=\"https:\/\/dimensionturistica.com\/es\/wp-content\/uploads\/2025\/12\/1JALISCO.jpg\" alt=\"\" class=\"wp-image-1083036\" srcset=\"https:\/\/dimensionturistica.com\/es\/wp-content\/uploads\/2025\/12\/1JALISCO.jpg 500w, https:\/\/dimensionturistica.com\/es\/wp-content\/uploads\/2025\/12\/1JALISCO-300x142.jpg 300w\" sizes=\"(max-width: 500px) 100vw, 500px\" \/><\/figure>\n<\/figure>\n\n\n\n<p>Con el objetivo de fortalecer la proyecci\u00f3n internacional de M\u00e9xico como pa\u00eds anfitri\u00f3n del Mundial 2026, las delegaciones de Jalisco, Nuevo Le\u00f3n y Ciudad de M\u00e9xico participaron en el evento \u201cFiesta de M\u00e9xico\u201d, realizado en el Instituto Cultural Mexicano de la ciudad de Washington, en Estados Unidos.<\/p>\n\n\n\n<p>Las delegaciones coincidieron en que el ejercicio de presentaci\u00f3n permiti\u00f3 fortalecer la presencia de M\u00e9xico a nivel internacional, y avanzar en los detalles operativos y de comunicaci\u00f3n, tras concluir el sorteo, considerado uno de los momentos clave en el camino hacia el torneo.<\/p>\n\n\n\n<figure class=\"wp-block-gallery has-nested-images columns-default is-cropped wp-block-gallery-2 is-layout-flex wp-block-gallery-is-layout-flex\">\n<figure class=\"wp-block-image size-large\"><img decoding=\"async\" width=\"500\" height=\"375\" data-id=\"1083037\" src=\"https:\/\/dimensionturistica.com\/es\/wp-content\/uploads\/2025\/12\/9JALISCO.jpg\" alt=\"\" class=\"wp-image-1083037\" srcset=\"https:\/\/dimensionturistica.com\/es\/wp-content\/uploads\/2025\/12\/9JALISCO.jpg 500w, https:\/\/dimensionturistica.com\/es\/wp-content\/uploads\/2025\/12\/9JALISCO-300x225.jpg 300w\" sizes=\"(max-width: 500px) 100vw, 500px\" \/><\/figure>\n<\/figure>\n\n\n\n<p>Pablo Lemus Navarro, Gobernador de Jalisco, encabez\u00f3 la delegaci\u00f3n m\u00e1s mexicana en este encuentro cultural, que reuni\u00f3 a representantes diplom\u00e1ticos, autoridades internacionales, comunidad mexicana y aliados estrat\u00e9gicos, en un ambiente de celebraci\u00f3n, identidad y promoci\u00f3n tur\u00edstica, cultural y deportiva del estado.<\/p>\n\n\n\n<p>Durante su participaci\u00f3n, Lemus Navarro destac\u00f3 que los principales s\u00edmbolos de M\u00e9xico a nivel mundial tienen origen jalisciense, como el tequila, el mariachi y la charrer\u00eda, elementos que colocan a Jalisco como un referente cultural y tur\u00edstico de alcance global.<\/p>\n\n\n\n<figure class=\"wp-block-gallery has-nested-images columns-default is-cropped wp-block-gallery-3 is-layout-flex wp-block-gallery-is-layout-flex\">\n<figure class=\"wp-block-image size-large\"><img decoding=\"async\" width=\"500\" height=\"271\" data-id=\"1083038\" src=\"https:\/\/dimensionturistica.com\/es\/wp-content\/uploads\/2025\/12\/6JALISCO.jpg\" alt=\"\" class=\"wp-image-1083038\" srcset=\"https:\/\/dimensionturistica.com\/es\/wp-content\/uploads\/2025\/12\/6JALISCO.jpg 500w, https:\/\/dimensionturistica.com\/es\/wp-content\/uploads\/2025\/12\/6JALISCO-300x163.jpg 300w\" sizes=\"(max-width: 500px) 100vw, 500px\" \/><\/figure>\n<\/figure>\n\n\n\n<p>Para la justa mundialista se estima una derrama econ\u00f3mica de 20 mil millones de pesos y la llegada de entre 2.5 y 3 millones de visitantes, durante los 39 d\u00edas del evento.<\/p>\n\n\n\n<p>En el marco del pr\u00f3ximo Mundial 2026, se inform\u00f3 que Jalisco ser\u00e1 sede mundialista por tercera ocasi\u00f3n en la historia, despu\u00e9s de M\u00e9xico 1970 y M\u00e9xico 1986, pero \u00e9sta es la primera vez que la Selecci\u00f3n Mexicana jugar\u00e1 un partido de Copa del Mundo en Guadalajara, en un encuentro programado para el 18 de junio contra el equipo de Corea del Sur.<\/p>\n\n\n\n<p>Adem\u00e1s, Jalisco albergar\u00e1 cuatro partidos mundialistas a partir del 11 de junio, as\u00ed como dos encuentros de repechaje en marzo; esto permitir\u00e1 afinar la log\u00edstica y preparaci\u00f3n de la ciudad para este evento deportivo de talla internacional.&nbsp;<\/p>\n\n\n\n<figure class=\"wp-block-gallery has-nested-images columns-default is-cropped wp-block-gallery-4 is-layout-flex wp-block-gallery-is-layout-flex\">\n<figure class=\"wp-block-image size-large\"><img decoding=\"async\" width=\"500\" height=\"375\" data-id=\"1083039\" src=\"https:\/\/dimensionturistica.com\/es\/wp-content\/uploads\/2025\/12\/3JALISCO.jpg\" alt=\"\" class=\"wp-image-1083039\" srcset=\"https:\/\/dimensionturistica.com\/es\/wp-content\/uploads\/2025\/12\/3JALISCO.jpg 500w, https:\/\/dimensionturistica.com\/es\/wp-content\/uploads\/2025\/12\/3JALISCO-300x225.jpg 300w\" sizes=\"(max-width: 500px) 100vw, 500px\" \/><\/figure>\n<\/figure>\n\n\n\n<p>Como parte de la estrategia para recibir a visitantes nacionales e internacionales, se anunci\u00f3 que se desarrollar\u00e1 un amplio programa de actividades culturales y musicales gratuitas en espacios emblem\u00e1ticos de Guadalajara, como la Glorieta de La Minerva, con conciertos masivos a cargo de artistas jaliscienses de proyecci\u00f3n internacional como Man\u00e1, Alejandro Fern\u00e1ndez y Carlos Santana.<\/p>\n\n\n\n<p>El estado cuenta con una estrategia tur\u00edstica que distribuye la afluencia, no s\u00f3lo en la Zona Metropolitana de Guadalajara, sino tambi\u00e9n en los 125 municipios del estado y los 12 Pueblos M\u00e1gicos, con impulso de los destinos de playa, monta\u00f1a y turismo cultural.<\/p>\n\n\n\n<p>\u201cQueremos que la gente que visite Jalisco pueda visitar tambi\u00e9n otros municipios. Jalisco lo tiene todo, turismo en monta\u00f1a, turismo de playa con Puerto Vallarta o la Costalegre. Tenemos tambi\u00e9n los Pueblos M\u00e1gicos, como Tequila, como Chapala, que es el lago m\u00e1s grande de M\u00e9xico\u201d, expres\u00f3 Lemus Navarro.<\/p>\n\n\n\n<figure class=\"wp-block-gallery has-nested-images columns-default is-cropped wp-block-gallery-5 is-layout-flex wp-block-gallery-is-layout-flex\">\n<figure class=\"wp-block-image size-large\"><img decoding=\"async\" width=\"500\" height=\"300\" data-id=\"1083040\" src=\"https:\/\/dimensionturistica.com\/es\/wp-content\/uploads\/2025\/12\/4JALISCO.jpg\" alt=\"\" class=\"wp-image-1083040\" srcset=\"https:\/\/dimensionturistica.com\/es\/wp-content\/uploads\/2025\/12\/4JALISCO.jpg 500w, https:\/\/dimensionturistica.com\/es\/wp-content\/uploads\/2025\/12\/4JALISCO-300x180.jpg 300w\" sizes=\"(max-width: 500px) 100vw, 500px\" \/><\/figure>\n<\/figure>\n\n\n\n<p>En materia de conectividad, durante 2025 se incorporaron 27 nuevas rutas a\u00e9reas y concluy\u00f3 la regeneraci\u00f3n de la Carretera a Chapala, principal acceso desde el aeropuerto hacia la ciudad, con infraestructura que incluye ciclov\u00edas y arbolado urbano.<\/p>\n\n\n\n<p>Como legado deportivo, se prev\u00e9 la rehabilitaci\u00f3n de 270 canchas de futbol en 125 municipios, con el prop\u00f3sito de ampliar las oportunidades de pr\u00e1ctica y fortalecer la participaci\u00f3n comunitaria en el deporte.<\/p>\n\n\n\n<p>Tambi\u00e9n se confirm\u00f3 la operaci\u00f3n de tres sedes de entrenamiento para las selecciones participantes, que ser\u00e1n el Estadio Jalisco como Training Site, y la Academia Atlas y Verde Valle como Base Camp.<\/p>\n\n\n\n<p>En materia de infraestructura se inform\u00f3 que el Gobierno Federal destinar\u00e1 una inversi\u00f3n aproximada de 2 mil millones de pesos para fortalecer a la ciudad rumbo al Mundial 2026.<\/p>\n\n\n\n<p>\u201cEl Gobierno Federal nos va a entregar una aportaci\u00f3n muy importante para infraestructura de alrededor de 2 mil millones de pesos, que nos va a servir para seguridad, para transporte p\u00fablico y que tambi\u00e9n nos va a ayudar a tener un Mundial vivo, lleno de alegr\u00eda, lleno de esperanza y sobre todo, \u00bfSaben c\u00f3mo lo vamos a hacer? Al estilo Jalisco\u201d, concluy\u00f3.<\/p>\n\n\n\n<p>En esta presentaci\u00f3n, se expusieron los avances de cada sede ante autoridades diplom\u00e1ticas, equipos t\u00e9cnicos y representantes vinculados a la organizaci\u00f3n del torneo.<\/p>\n\n\n\n<p>Las sedes mexicanas compartieron progresos en movilidad, conectividad, operaci\u00f3n local, infraestructura, oferta tur\u00edstica, seguridad y log\u00edstica, y destacaron la coordinaci\u00f3n permanente con las Host Cities y la Embajada, con el fin de garantizar una experiencia integral para visitantes y aficionados.<\/p>\n\n\n\n<figure class=\"wp-block-gallery has-nested-images columns-default is-cropped wp-block-gallery-6 is-layout-flex wp-block-gallery-is-layout-flex\">\n<figure class=\"wp-block-image size-large\"><img decoding=\"async\" width=\"800\" height=\"500\" data-id=\"1083041\" src=\"https:\/\/dimensionturistica.com\/es\/wp-content\/uploads\/2025\/12\/HD-wallpaper-estadio-bbva-bancomer-estadio-de-futbol-de-monterrey-guadeloupe-mexico-cf-monterrey-stadium-mexican-football-stadium-side-view-exterior.jpg\" alt=\"\" class=\"wp-image-1083041\" srcset=\"https:\/\/dimensionturistica.com\/es\/wp-content\/uploads\/2025\/12\/HD-wallpaper-estadio-bbva-bancomer-estadio-de-futbol-de-monterrey-guadeloupe-mexico-cf-monterrey-stadium-mexican-football-stadium-side-view-exterior.jpg 800w, https:\/\/dimensionturistica.com\/es\/wp-content\/uploads\/2025\/12\/HD-wallpaper-estadio-bbva-bancomer-estadio-de-futbol-de-monterrey-guadeloupe-mexico-cf-monterrey-stadium-mexican-football-stadium-side-view-exterior-300x188.jpg 300w, https:\/\/dimensionturistica.com\/es\/wp-content\/uploads\/2025\/12\/HD-wallpaper-estadio-bbva-bancomer-estadio-de-futbol-de-monterrey-guadeloupe-mexico-cf-monterrey-stadium-mexican-football-stadium-side-view-exterior-768x480.jpg 768w, https:\/\/dimensionturistica.com\/es\/wp-content\/uploads\/2025\/12\/HD-wallpaper-estadio-bbva-bancomer-estadio-de-futbol-de-monterrey-guadeloupe-mexico-cf-monterrey-stadium-mexican-football-stadium-side-view-exterior-750x469.jpg 750w\" sizes=\"(max-width: 800px) 100vw, 800px\" \/><\/figure>\n<\/figure>\n\n\n\n<p>Samuel Garc\u00eda Sep\u00falveda, Gobernador de Nuevo Le\u00f3n, present\u00f3 el plan integral de preparaci\u00f3n rumbo al Mundial 2026, el cual contempla m\u00e1s de 34 proyectos de infraestructura urbana, movilidad, transporte y seguridad, previstos para concluirse antes del torneo.<\/p>\n\n\n\n<p>El programa incluye obras en v\u00edas primarias, corredores de movilidad, se\u00f1alizaci\u00f3n, espacios p\u00fablicos y servicios orientados a visitantes y aficionados. Se destac\u00f3 la relevancia log\u00edstica de la entidad, como puerta de entrada del norte del pa\u00eds y la estrategia de posicionamiento \u201cEl Mundial m\u00e1s Norte\u00f1o\u201d.<\/p>\n\n\n\n<p>Como parte del evento, se instal\u00f3 un espacio gastron\u00f3mico y cultural con platillos, bebidas y elementos representativos de cada sede, donde las y los asistentes pudieron conocer la identidad de cada regi\u00f3n a trav\u00e9s de su cocina, tradiciones y experiencias tur\u00edsticas.<\/p>\n\n\n\n<p>Las delegaciones acordaron mantener una agenda conjunta durante los pr\u00f3ximos meses, en coordinaci\u00f3n con autoridades federales, la embajada y los equipos organizadores, con el objetivo de consolidar una presentaci\u00f3n integrada de M\u00e9xico como pa\u00eds anfitri\u00f3n del Mundial 2026.<\/p>\n\n\n\n<p>Alejandra Frausto Guerrero, Secretaria de Turismo de la Ciudad de M\u00e9xico, destac\u00f3 que la presentaci\u00f3n de las sedes rumbo al Mundial 2026 refleja la hermandad, la fuerza cultural y la unidad de M\u00e9xico como pa\u00eds anfitri\u00f3n, al subrayar que no existe competencia entre sedes, sino un trabajo conjunto para ofrecer una experiencia hist\u00f3rica.<\/p>\n\n\n\n<p>Resalt\u00f3 el valor simb\u00f3lico de la Ciudad de M\u00e9xico como cuna del f\u00fatbol y sede inaugural por cuarta ocasi\u00f3n, adem\u00e1s de su amplia oferta cultural, tur\u00edstica y de espacios p\u00fablicos, donde el torneo se vivir\u00e1 como una gran fiesta gratuita, incluyente y con legado para las infancias, juventudes y la sociedad a trav\u00e9s del deporte, la cultura y la convivencia.<\/p>\n\n\n\n<p>Con esta participaci\u00f3n en la Fiesta de M\u00e9xico, el Gobierno de Jalisco refrenda su compromiso de promover al estado como un destino de clase mundial, orgulloso de su identidad, su cultura, su gente y su capacidad de organizaci\u00f3n para albergar los eventos m\u00e1s importantes del planeta.<\/p>\n","protected":false},"excerpt":{"rendered":"<p>Con el objetivo de fortalecer la proyecci\u00f3n internacional de M\u00e9xico como pa\u00eds anfitri\u00f3n del Mundial 2026, las delegaciones de Jalisco, Nuevo Le\u00f3n y Ciudad de M\u00e9xico participaron en el evento \u201cFiesta de M\u00e9xico\u201d, realizado en el Instituto Cultural Mexicano de la ciudad de Washington, en Estados Unidos. Las delegaciones coincidieron en que el ejercicio de [&hellip;]<\/p>\n","protected":false},"author":1,"featured_media":0,"comment_status":"open","ping_status":"closed","sticky":false,"template":"","format":"standard","meta":{"om_disable_all_campaigns":false,"jnews-multi-image_gallery":[],"jnews_single_post":[],"jnews_primary_category":[],"jnews_social_meta":[],"footnotes":""},"categories":[39],"tags":[],"class_list":["post-1083035","post","type-post","status-publish","format-standard","hentry","category-viajes"],"_links":{"self":[{"href":"https:\/\/dimensionturistica.com\/es\/wp-json\/wp\/v2\/posts\/1083035","targetHints":{"allow":["GET"]}}],"collection":[{"href":"https:\/\/dimensionturistica.com\/es\/wp-json\/wp\/v2\/posts"}],"about":[{"href":"https:\/\/dimensionturistica.com\/es\/wp-json\/wp\/v2\/types\/post"}],"author":[{"embeddable":true,"href":"https:\/\/dimensionturistica.com\/es\/wp-json\/wp\/v2\/users\/1"}],"replies":[{"embeddable":true,"href":"https:\/\/dimensionturistica.com\/es\/wp-json\/wp\/v2\/comments?post=1083035"}],"version-history":[{"count":1,"href":"https:\/\/dimensionturistica.com\/es\/wp-json\/wp\/v2\/posts\/1083035\/revisions"}],"predecessor-version":[{"id":1083042,"href":"https:\/\/dimensionturistica.com\/es\/wp-json\/wp\/v2\/posts\/1083035\/revisions\/1083042"}],"wp:attachment":[{"href":"https:\/\/dimensionturistica.com\/es\/wp-json\/wp\/v2\/media?parent=1083035"}],"wp:term":[{"taxonomy":"category","embeddable":true,"href":"https:\/\/dimensionturistica.com\/es\/wp-json\/wp\/v2\/categories?post=1083035"},{"taxonomy":"post_tag","embeddable":true,"href":"https:\/\/dimensionturistica.com\/es\/wp-json\/wp\/v2\/tags?post=1083035"}],"curies":[{"name":"wp","href":"https:\/\/api.w.org\/{rel}","templated":true}]}}