{"id":1083009,"date":"2025-12-06T15:28:44","date_gmt":"2025-12-06T15:28:44","guid":{"rendered":"https:\/\/dimensionturistica.com\/es\/?p=1083009"},"modified":"2025-12-06T15:28:45","modified_gmt":"2025-12-06T15:28:45","slug":"las-reformas-al-tema-del-agua-mantienen-privilegios-y-no-garantizan-el-derecho-humano-academico-ibero","status":"publish","type":"post","link":"https:\/\/dimensionturistica.com\/es\/las-reformas-al-tema-del-agua-mantienen-privilegios-y-no-garantizan-el-derecho-humano-academico-ibero\/","title":{"rendered":"Las Reformas al tema del Agua Mantienen Privilegios y no Garantizan el Derecho Humano: Acad\u00e9mico IBERO"},"content":{"rendered":"\n<p><\/p>\n\n\n\n<figure class=\"wp-block-gallery has-nested-images columns-default is-cropped wp-block-gallery-1 is-layout-flex wp-block-gallery-is-layout-flex\">\n<figure class=\"wp-block-image size-large\"><img decoding=\"async\" width=\"500\" height=\"214\" data-id=\"1083010\" src=\"https:\/\/dimensionturistica.com\/es\/wp-content\/uploads\/2025\/12\/1ibero.jpg\" alt=\"\" class=\"wp-image-1083010\" srcset=\"https:\/\/dimensionturistica.com\/es\/wp-content\/uploads\/2025\/12\/1ibero.jpg 500w, https:\/\/dimensionturistica.com\/es\/wp-content\/uploads\/2025\/12\/1ibero-300x128.jpg 300w\" sizes=\"(max-width: 500px) 100vw, 500px\" \/><\/figure>\n<\/figure>\n\n\n\n<p>Los 50 cambios a la Ley de Aguas Nacionales y la nueva Ley General de Aguas no garantizar\u00e1n el derecho humano de las personas para acceder al agua de forma suficiente, pues dejar\u00e1n intacto el sistema original de concesiones, afirm\u00f3 el Mtro. Wilfrido Antonio G\u00f3mez Arias, Acad\u00e9mico del Instituto de Investigaci\u00f3n Aplicada y Tecnolog\u00eda (InIAT) de la IBERO.<\/p>\n\n\n\n<figure class=\"wp-block-gallery has-nested-images columns-default is-cropped wp-block-gallery-2 is-layout-flex wp-block-gallery-is-layout-flex\">\n<figure class=\"wp-block-image size-large\"><img decoding=\"async\" width=\"500\" height=\"285\" data-id=\"1083011\" src=\"https:\/\/dimensionturistica.com\/es\/wp-content\/uploads\/2025\/12\/2IBERO.jpg\" alt=\"\" class=\"wp-image-1083011\" srcset=\"https:\/\/dimensionturistica.com\/es\/wp-content\/uploads\/2025\/12\/2IBERO.jpg 500w, https:\/\/dimensionturistica.com\/es\/wp-content\/uploads\/2025\/12\/2IBERO-300x171.jpg 300w\" sizes=\"(max-width: 500px) 100vw, 500px\" \/><\/figure>\n<\/figure>\n\n\n\n<p>Indic\u00f3 que cuando Monterrey, Nuevo Le\u00f3n, se enfrent\u00f3 a su peor crisis h\u00eddrica durante d\u00e9cadas, fue un claro ejemplo para saber c\u00f3mo funciona la actual Ley de Aguas Nacionales, pues mientras la mayor\u00eda de la poblaci\u00f3n no ten\u00eda agua, las grandes empresas segu\u00edan extrayendo este recurso estrat\u00e9gico.<\/p>\n\n\n\n<p>Alrededor de 3 mil 304 usuarios (los millonarios del agua) de un total de 361 mil 600 concentran una cuarta parte de los t\u00edtulos de concesiones repartidos para uso consultivo, es decir, el 1.1% de todos los usuarios a nivel nacional.<\/p>\n\n\n\n<p>Refiri\u00f3 que, al complacer al sector privado se est\u00e1n creando dos reformas paralelas que son totalmente opuestas y que no definen con reglas claras la manera en que el gobierno, a trav\u00e9s de la Comisi\u00f3n Nacional del Agua (Conagua), va a reasignar la poca agua que pueda controlar de las concesiones recuperadas.<\/p>\n\n\n\n<figure class=\"wp-block-gallery has-nested-images columns-default is-cropped wp-block-gallery-3 is-layout-flex wp-block-gallery-is-layout-flex\">\n<figure class=\"wp-block-image size-large\"><img decoding=\"async\" width=\"500\" height=\"285\" data-id=\"1083012\" src=\"https:\/\/dimensionturistica.com\/es\/wp-content\/uploads\/2025\/12\/4IBERO.jpg\" alt=\"\" class=\"wp-image-1083012\" srcset=\"https:\/\/dimensionturistica.com\/es\/wp-content\/uploads\/2025\/12\/4IBERO.jpg 500w, https:\/\/dimensionturistica.com\/es\/wp-content\/uploads\/2025\/12\/4IBERO-300x171.jpg 300w\" sizes=\"(max-width: 500px) 100vw, 500px\" \/><\/figure>\n<\/figure>\n\n\n\n<p>Apunt\u00f3 que en ambas leyes no se les quita concesiones a los grandes usuarios que no pagan derechos, ni tampoco los sanciona si contaminan el agua, adem\u00e1s de que no garantizan la representaci\u00f3n de los ejidos y las comunidades agrarias e ind\u00edgenas que no tienen acceso directo a su agua.<\/p>\n\n\n\n<p>Indic\u00f3 que entre los usuarios que usan m\u00e1s de un mill\u00f3n de metros c\u00fabicos de agua al a\u00f1o para uso industrial, agroindustrial, de servicios y comercio, m\u00e1s del 80% no paga por ese derecho, es decir, se estima que este monto no recaudado podr\u00eda superar los 60 mil millones de pesos anuales.<\/p>\n\n\n\n<figure class=\"wp-block-gallery has-nested-images columns-default is-cropped wp-block-gallery-4 is-layout-flex wp-block-gallery-is-layout-flex\">\n<figure class=\"wp-block-image size-large\"><img decoding=\"async\" width=\"500\" height=\"285\" data-id=\"1083013\" src=\"https:\/\/dimensionturistica.com\/es\/wp-content\/uploads\/2025\/12\/6IBERO.jpg\" alt=\"\" class=\"wp-image-1083013\" srcset=\"https:\/\/dimensionturistica.com\/es\/wp-content\/uploads\/2025\/12\/6IBERO.jpg 500w, https:\/\/dimensionturistica.com\/es\/wp-content\/uploads\/2025\/12\/6IBERO-300x171.jpg 300w\" sizes=\"(max-width: 500px) 100vw, 500px\" \/><\/figure>\n<\/figure>\n\n\n\n<p>En el caso de las concesiones otorgadas a los grandes caciques, dijo que, al controlar el agua de los m\u00f3dulos de riesgo, los peque\u00f1os agricultores que tienen parcelas las terminan rentando o vendi\u00e9ndolas al no poder expandir su producci\u00f3n agr\u00edcola.<\/p>\n\n\n\n<p>&#8220;Hay que contemplar esquemas diferenciadores. No es lo mismo lo que le vas a cobrar a un productor que perdi\u00f3 su cosecha. No hay cambios profundos en ambas leyes y se deja poca agua de consumo para la ciudadan\u00eda&#8221;, subray\u00f3 el especialista de nuestra casa de estudios.<\/p>\n\n\n\n<figure class=\"wp-block-gallery has-nested-images columns-default is-cropped wp-block-gallery-5 is-layout-flex wp-block-gallery-is-layout-flex\">\n<figure class=\"wp-block-image size-large\"><img decoding=\"async\" width=\"500\" height=\"285\" data-id=\"1083014\" src=\"https:\/\/dimensionturistica.com\/es\/wp-content\/uploads\/2025\/12\/5IBERO.jpg\" alt=\"\" class=\"wp-image-1083014\" srcset=\"https:\/\/dimensionturistica.com\/es\/wp-content\/uploads\/2025\/12\/5IBERO.jpg 500w, https:\/\/dimensionturistica.com\/es\/wp-content\/uploads\/2025\/12\/5IBERO-300x171.jpg 300w\" sizes=\"(max-width: 500px) 100vw, 500px\" \/><\/figure>\n<\/figure>\n\n\n\n<p>Acot\u00f3 que lo ideal es crear un nuevo marco legal y derogar la Ley de Aguas Nacionales de 1992, la cual fue hecha a la medida para los grandes usuarios y que ellos pudieran hacer negocios y explotarlas, en detrimento de los 286 acu\u00edferos sobreexplotados, y 527 con tendencia a tener menos disponibilidad.<\/p>\n\n\n\n<p>&#8220;No hay reglas claras sobre lo que va a pasar, si en ambas leyes se deja a la interpretaci\u00f3n. Cualquier gobierno las puede usar como quiera y como est\u00e1n ambas leyes se deja que el poder decida y eso es lo peligroso porque es discrecional al no establecer reglas claras para transmitir concesiones&#8221;, manifest\u00f3.<\/p>\n","protected":false},"excerpt":{"rendered":"<p>Los 50 cambios a la Ley de Aguas Nacionales y la nueva Ley General de Aguas no garantizar\u00e1n el derecho humano de las personas para acceder al agua de forma suficiente, pues dejar\u00e1n intacto el sistema original de concesiones, afirm\u00f3 el Mtro. Wilfrido Antonio G\u00f3mez Arias, Acad\u00e9mico del Instituto de Investigaci\u00f3n Aplicada y Tecnolog\u00eda (InIAT) [&hellip;]<\/p>\n","protected":false},"author":1,"featured_media":0,"comment_status":"open","ping_status":"closed","sticky":false,"template":"","format":"standard","meta":{"om_disable_all_campaigns":false,"jnews-multi-image_gallery":[],"jnews_single_post":{"format":"standard"},"jnews_primary_category":[],"jnews_social_meta":[],"footnotes":""},"categories":[40],"tags":[],"class_list":["post-1083009","post","type-post","status-publish","format-standard","hentry","category-industria"],"_links":{"self":[{"href":"https:\/\/dimensionturistica.com\/es\/wp-json\/wp\/v2\/posts\/1083009","targetHints":{"allow":["GET"]}}],"collection":[{"href":"https:\/\/dimensionturistica.com\/es\/wp-json\/wp\/v2\/posts"}],"about":[{"href":"https:\/\/dimensionturistica.com\/es\/wp-json\/wp\/v2\/types\/post"}],"author":[{"embeddable":true,"href":"https:\/\/dimensionturistica.com\/es\/wp-json\/wp\/v2\/users\/1"}],"replies":[{"embeddable":true,"href":"https:\/\/dimensionturistica.com\/es\/wp-json\/wp\/v2\/comments?post=1083009"}],"version-history":[{"count":1,"href":"https:\/\/dimensionturistica.com\/es\/wp-json\/wp\/v2\/posts\/1083009\/revisions"}],"predecessor-version":[{"id":1083015,"href":"https:\/\/dimensionturistica.com\/es\/wp-json\/wp\/v2\/posts\/1083009\/revisions\/1083015"}],"wp:attachment":[{"href":"https:\/\/dimensionturistica.com\/es\/wp-json\/wp\/v2\/media?parent=1083009"}],"wp:term":[{"taxonomy":"category","embeddable":true,"href":"https:\/\/dimensionturistica.com\/es\/wp-json\/wp\/v2\/categories?post=1083009"},{"taxonomy":"post_tag","embeddable":true,"href":"https:\/\/dimensionturistica.com\/es\/wp-json\/wp\/v2\/tags?post=1083009"}],"curies":[{"name":"wp","href":"https:\/\/api.w.org\/{rel}","templated":true}]}}