{"id":1082934,"date":"2025-12-06T09:20:29","date_gmt":"2025-12-06T09:20:29","guid":{"rendered":"https:\/\/dimensionturistica.com\/es\/?p=1082934"},"modified":"2025-12-06T09:20:29","modified_gmt":"2025-12-06T09:20:29","slug":"marcas-de-belleza-los-mejores-estilos-de-la-semana-3","status":"publish","type":"post","link":"https:\/\/dimensionturistica.com\/es\/marcas-de-belleza-los-mejores-estilos-de-la-semana-3\/","title":{"rendered":"Marcas de Belleza: Los Mejores Estilos de la Semana"},"content":{"rendered":"<h3>Tendencias deslumbrantes: Lo mejor del maquillaje de la semana<\/h3>\n<p>La moda no se limita solo a la ropa; el maquillaje tambi\u00e9n juega un papel fundamental en la expresi\u00f3n de estilo personal y en la definici\u00f3n de tendencias. Esta semana, los looks de belleza destacados en las pasarelas y eventos han dejado una marca indeleble, ofreciendo inspiraci\u00f3n a todos aquellos que desean experimentar con su est\u00e9tica.<\/p>\n<h4>Brillos y destellos<\/h4>\n<p>Una de las tendencias m\u00e1s notables de la semana es el uso audaz de los brillos. Desde sombras met\u00e1licas hasta lip glosses ultra-reflectantes, el resplandor ha tomado protagonismo. Los maquilladores han optado por tonos dorados y plateados que capturan la luz de manera estrat\u00e9gica, elevando incluso los looks m\u00e1s sencillos. Incorporar estos destellos en el d\u00eda a d\u00eda puede ser la clave para transformar un look cotidiano en algo extraordinario.<\/p>\n<h4>Colores vibrantes<\/h4>\n<p>Los colores llamativos han hecho una fuerte aparici\u00f3n, desafiando los tonos m\u00e1s apagados del invierno. Los rojos intensos y los rosas ne\u00f3n dominan los labios, creando un efecto de gran impacto visual. Para un efecto complementario, muchas de las celebridades han elegido looks de ojos que contrastan maravillosamente, jugando con la dram\u00e1tica paleta de colores.<\/p>\n<h4>La piel radiante<\/h4>\n<p>La tendencia hacia una piel luminosa y natural contin\u00faa siendo un favorito. Bases ligeras con un acabado brillante permiten que la piel respire, mientras que los iluminadores estrat\u00e9gicamente colocados realzan caracter\u00edsticas clave. Este enfoque no solo celebra la belleza natural, sino que tambi\u00e9n promueve un mensaje de confianza y autenticidad.<\/p>\n<h4>Experimentaci\u00f3n con texturas<\/h4>\n<p>La innovaci\u00f3n en la textura del maquillaje tambi\u00e9n ha capturado la atenci\u00f3n. Desde acabados mate hasta cremosos, la diversidad en texturas permite combinar y crear looks \u00fanicos. Cada textura aporta un efecto diferente, y la combinaci\u00f3n de varias puede llevar un maquillaje ordinario a niveles sobresalientes.<\/p>\n<h4>Cejas definidas<\/h4>\n<p>Las cejas bien definidas no pasan desapercibidas. Este elemento esencial del rostro est\u00e1 siendo abordado con un enfoque m\u00e1s natural y menos estructurado, permitiendo que la forma y direcci\u00f3n del vello se utilicen como parte de la expresi\u00f3n personal. Con geles y pomadas que aportan volumen y fijaci\u00f3n, el marco del rostro se convierte en un lienzo que destaca tanto por su naturalidad como por su estilo.<\/p>\n<h4>Looks que desaf\u00edan la norma<\/h4>\n<p>Finalmente, una de las caracter\u00edsticas m\u00e1s emocionantes de esta semana es la disposici\u00f3n a romper barreras. Los looks experimentales que combinan elementos tradicionalmente masculinos con toques femeninos est\u00e1n ganando cada vez m\u00e1s aceptaci\u00f3n en el \u00e1mbito del maquillaje. Este enfoque innovador desaf\u00eda las normas y redefine la masculinidad y feminidad en la est\u00e9tica contempor\u00e1nea.<\/p>\n<p>La belleza est\u00e1 en constante evoluci\u00f3n, y esta semana ha brindado un sinf\u00edn de ideas para inspirar a quienes buscan expresarse a trav\u00e9s de su maquillaje. Con estas tendencias a la vista, el momento de experimentar y encontrar ese look \u00fanico que resuene con tu estilo personal es ahora. \u00bfTe atrever\u00e1s a brillar?<\/p>\n<p><em> &#8221; Fuentes www.vogue.com &#8221; <\/em><\/p>\n","protected":false},"excerpt":{"rendered":"<p>Tendencias deslumbrantes: Lo mejor del maquillaje de la semana La moda no se limita solo a la ropa; el maquillaje tambi\u00e9n juega un papel fundamental en la expresi\u00f3n de estilo personal y en la definici\u00f3n de tendencias. Esta semana, los looks de belleza destacados en las pasarelas y eventos han dejado una marca indeleble, ofreciendo [&hellip;]<\/p>\n","protected":false},"author":14,"featured_media":1082935,"comment_status":"open","ping_status":"closed","sticky":false,"template":"","format":"standard","meta":{"om_disable_all_campaigns":false,"jnews-multi-image_gallery":[],"jnews_single_post":[],"jnews_primary_category":[],"jnews_social_meta":[],"footnotes":""},"categories":[144872],"tags":[208639,72867,201306,200440,190460,166,88749,198593,120189,217117,372,373,198563],"class_list":["post-1082934","post","type-post","status-publish","format-standard","has-post-thumbnail","hentry","category-fashion","tag-_votingservice_app","tag-beauty","tag-beauty-looks","tag-beauty-trends","tag-cosmetics","tag-fashion","tag-highlights","tag-makeup","tag-skincare","tag-storytypenews-trending","tag-style","tag-web","tag-weekly-roundup"],"_links":{"self":[{"href":"https:\/\/dimensionturistica.com\/es\/wp-json\/wp\/v2\/posts\/1082934","targetHints":{"allow":["GET"]}}],"collection":[{"href":"https:\/\/dimensionturistica.com\/es\/wp-json\/wp\/v2\/posts"}],"about":[{"href":"https:\/\/dimensionturistica.com\/es\/wp-json\/wp\/v2\/types\/post"}],"author":[{"embeddable":true,"href":"https:\/\/dimensionturistica.com\/es\/wp-json\/wp\/v2\/users\/14"}],"replies":[{"embeddable":true,"href":"https:\/\/dimensionturistica.com\/es\/wp-json\/wp\/v2\/comments?post=1082934"}],"version-history":[{"count":1,"href":"https:\/\/dimensionturistica.com\/es\/wp-json\/wp\/v2\/posts\/1082934\/revisions"}],"predecessor-version":[{"id":1082936,"href":"https:\/\/dimensionturistica.com\/es\/wp-json\/wp\/v2\/posts\/1082934\/revisions\/1082936"}],"wp:featuredmedia":[{"embeddable":true,"href":"https:\/\/dimensionturistica.com\/es\/wp-json\/wp\/v2\/media\/1082935"}],"wp:attachment":[{"href":"https:\/\/dimensionturistica.com\/es\/wp-json\/wp\/v2\/media?parent=1082934"}],"wp:term":[{"taxonomy":"category","embeddable":true,"href":"https:\/\/dimensionturistica.com\/es\/wp-json\/wp\/v2\/categories?post=1082934"},{"taxonomy":"post_tag","embeddable":true,"href":"https:\/\/dimensionturistica.com\/es\/wp-json\/wp\/v2\/tags?post=1082934"}],"curies":[{"name":"wp","href":"https:\/\/api.w.org\/{rel}","templated":true}]}}