{"id":1082692,"date":"2025-12-05T20:38:47","date_gmt":"2025-12-05T20:38:47","guid":{"rendered":"https:\/\/dimensionturistica.com\/es\/?p=1082692"},"modified":"2025-12-05T20:38:47","modified_gmt":"2025-12-05T20:38:47","slug":"estetica-festiva-como-elevar-tus-espacios-en-esta-temporada-de-celebraciones","status":"publish","type":"post","link":"https:\/\/dimensionturistica.com\/es\/estetica-festiva-como-elevar-tus-espacios-en-esta-temporada-de-celebraciones\/","title":{"rendered":"Est\u00e9tica festiva: c\u00f3mo elevar tus espacios en esta temporada de celebraciones"},"content":{"rendered":"\n<p><\/p>\n\n\n\n<figure class=\"wp-block-gallery has-nested-images columns-default is-cropped wp-block-gallery-1 is-layout-flex wp-block-gallery-is-layout-flex\">\n<figure class=\"wp-block-image size-large\"><img decoding=\"async\" width=\"500\" height=\"333\" data-id=\"1082693\" src=\"https:\/\/dimensionturistica.com\/es\/wp-content\/uploads\/2025\/12\/5GALLE.jpg\" alt=\"\" class=\"wp-image-1082693\" srcset=\"https:\/\/dimensionturistica.com\/es\/wp-content\/uploads\/2025\/12\/5GALLE.jpg 500w, https:\/\/dimensionturistica.com\/es\/wp-content\/uploads\/2025\/12\/5GALLE-300x200.jpg 300w\" sizes=\"(max-width: 500px) 100vw, 500px\" \/><\/figure>\n<\/figure>\n\n\n\n<p>Esta temporada de fiestas es ese momento del a\u00f1o en el que el hogar se vuelve refugio, celebraci\u00f3n y punto de encuentro. Pensando en ello, KARE -la marca internacional reconocida por su car\u00e1cter atrevido y su dise\u00f1o lleno de identidad- presenta ideas de decoraci\u00f3n para transformar esta temporada en una experiencia c\u00e1lida, original y memorable.<\/p>\n\n\n\n<figure class=\"wp-block-gallery has-nested-images columns-default is-cropped wp-block-gallery-2 is-layout-flex wp-block-gallery-is-layout-flex\">\n<figure class=\"wp-block-image size-large\"><img decoding=\"async\" width=\"500\" height=\"666\" data-id=\"1082694\" src=\"https:\/\/dimensionturistica.com\/es\/wp-content\/uploads\/2025\/12\/6GALLE.jpg\" alt=\"\" class=\"wp-image-1082694\" srcset=\"https:\/\/dimensionturistica.com\/es\/wp-content\/uploads\/2025\/12\/6GALLE.jpg 500w, https:\/\/dimensionturistica.com\/es\/wp-content\/uploads\/2025\/12\/6GALLE-225x300.jpg 225w\" sizes=\"(max-width: 500px) 100vw, 500px\" \/><\/figure>\n<\/figure>\n\n\n\n<p>La propuesta: aprovechar las Tendencias 2026 para vestir los espacios con piezas que abracen lo sensorial, lo acogedor y lo emocionante, sin perder el estilo distintivo que define a KARE.<\/p>\n\n\n\n<p>1.\u2060 \u2060Navidad con maximalismo curado<\/p>\n\n\n\n<figure class=\"wp-block-gallery has-nested-images columns-default is-cropped wp-block-gallery-3 is-layout-flex wp-block-gallery-is-layout-flex\">\n<figure class=\"wp-block-image size-large\"><img decoding=\"async\" width=\"500\" height=\"333\" data-id=\"1082695\" src=\"https:\/\/dimensionturistica.com\/es\/wp-content\/uploads\/2025\/12\/4GALLE.jpg\" alt=\"\" class=\"wp-image-1082695\" srcset=\"https:\/\/dimensionturistica.com\/es\/wp-content\/uploads\/2025\/12\/4GALLE.jpg 500w, https:\/\/dimensionturistica.com\/es\/wp-content\/uploads\/2025\/12\/4GALLE-300x200.jpg 300w\" sizes=\"(max-width: 500px) 100vw, 500px\" \/><\/figure>\n<\/figure>\n\n\n\n<p>Di adi\u00f3s a la decoraci\u00f3n t\u00edmida. Este fin de a\u00f1o invita a jugar con texturas, capas y objetos statement. La clave est\u00e1 en equilibrar: un \u00e1rbol audaz, cojines vibrantes, arte con personalidad y accesorios con brillo sutil. KARE propone espacios festivos, expresivos y llenos de car\u00e1cter\u2026 sin caer en la saturaci\u00f3n. M\u00e1s intenci\u00f3n, menos reglas.<\/p>\n\n\n\n<p>2.\u2060 \u2060Naturaleza c\u00e1lida y materiales regenerativos<\/p>\n\n\n\n<figure class=\"wp-block-gallery has-nested-images columns-default is-cropped wp-block-gallery-4 is-layout-flex wp-block-gallery-is-layout-flex\">\n<figure class=\"wp-block-image size-large\"><img decoding=\"async\" width=\"500\" height=\"333\" data-id=\"1082696\" src=\"https:\/\/dimensionturistica.com\/es\/wp-content\/uploads\/2025\/12\/3GALLE.jpg\" alt=\"\" class=\"wp-image-1082696\" srcset=\"https:\/\/dimensionturistica.com\/es\/wp-content\/uploads\/2025\/12\/3GALLE.jpg 500w, https:\/\/dimensionturistica.com\/es\/wp-content\/uploads\/2025\/12\/3GALLE-300x200.jpg 300w\" sizes=\"(max-width: 500px) 100vw, 500px\" \/><\/figure>\n<\/figure>\n\n\n\n<p>La temporada invernal se vuelve m\u00e1s org\u00e1nica y t\u00e1ctil. Maderas regeneradas, cer\u00e1micas artesanales, metales envejecidos y textiles c\u00e1lidos crean ambientes que se sienten vivos y cercanos.<\/p>\n\n\n\n<p>KARE recomienda combinar piezas naturales con l\u00e1mparas de dise\u00f1os que van desde lo purista hasta lo extravagante para generar una atm\u00f3sfera, opta por iluminaci\u00f3n suave y detalles handmade para lograr un espacio sensorial y profundamente acogedor.<\/p>\n\n\n\n<figure class=\"wp-block-gallery has-nested-images columns-default is-cropped wp-block-gallery-5 is-layout-flex wp-block-gallery-is-layout-flex\">\n<figure class=\"wp-block-image size-large\"><img decoding=\"async\" width=\"500\" height=\"330\" data-id=\"1082700\" src=\"https:\/\/dimensionturistica.com\/es\/wp-content\/uploads\/2025\/12\/7GALLE.jpg\" alt=\"\" class=\"wp-image-1082700\" srcset=\"https:\/\/dimensionturistica.com\/es\/wp-content\/uploads\/2025\/12\/7GALLE.jpg 500w, https:\/\/dimensionturistica.com\/es\/wp-content\/uploads\/2025\/12\/7GALLE-300x198.jpg 300w\" sizes=\"(max-width: 500px) 100vw, 500px\" \/><\/figure>\n<\/figure>\n\n\n\n<p>3.\u2060 \u2060Colores intensos con esp\u00edritu festivo<\/p>\n\n\n\n<p>Aunque diciembre suele asociarse con rojos y verdes cl\u00e1sicos, las paletas 2026 permiten reinventar la temporada festiva con:<\/p>\n\n\n\n<p>&nbsp;&nbsp;&nbsp;&nbsp;&nbsp;&nbsp;&nbsp;&nbsp;&nbsp;&nbsp;&nbsp; \u2022&nbsp;&nbsp;&nbsp;&nbsp;&nbsp;&nbsp;&nbsp;&nbsp;&nbsp; tonos joya como amatista, jade y zafiro,<\/p>\n\n\n\n<p>&nbsp;&nbsp;&nbsp;&nbsp;&nbsp;&nbsp;&nbsp;&nbsp;&nbsp;&nbsp;&nbsp; \u2022&nbsp;&nbsp;&nbsp;&nbsp;&nbsp;&nbsp;&nbsp;&nbsp;&nbsp; terracotas rojizas,<\/p>\n\n\n\n<p>&nbsp;&nbsp;&nbsp;&nbsp;&nbsp;&nbsp;&nbsp;&nbsp;&nbsp;&nbsp;&nbsp; \u2022&nbsp;&nbsp;&nbsp;&nbsp;&nbsp;&nbsp;&nbsp;&nbsp;&nbsp; verdes bot\u00e1nicos profundos,<\/p>\n\n\n\n<p>&nbsp;&nbsp;&nbsp;&nbsp;&nbsp;&nbsp;&nbsp;&nbsp;&nbsp;&nbsp;&nbsp; \u2022&nbsp;&nbsp;&nbsp;&nbsp;&nbsp;&nbsp;&nbsp;&nbsp;&nbsp; acentos met\u00e1licos c\u00e1lidos como cobre y oro tostado.<\/p>\n\n\n\n<p>Estos colores elevan el ambiente y aportan un toque elegante, contempor\u00e1neo y lleno de energ\u00eda.<\/p>\n\n\n\n<p>4.\u2060 \u2060Muebles escult\u00f3ricos como protagonistas<\/p>\n\n\n\n<p>En lugar de recargar con adornos, esta temporada festiva puede girar en torno a piezas que hablan por s\u00ed mismas: mesas escult\u00f3ricas, sillones org\u00e1nicos o l\u00e1mparas que parecen instalaciones.<\/p>\n\n\n\n<p>Con KARE, el mobiliario se convierte en el centro de conversaci\u00f3n de cualquier fiesta, creando atm\u00f3sferas modernas pero c\u00e1lidas.<\/p>\n\n\n\n<p>6.\u2060 \u2060Espacios flexibles para celebrar<\/p>\n\n\n\n<p>Reuniones \u00edntimas, cenas improvisadas y visitas inesperadas. La temporada<\/p>\n\n\n\n<p>lo exige.<\/p>\n\n\n\n<figure class=\"wp-block-gallery has-nested-images columns-default is-cropped wp-block-gallery-6 is-layout-flex wp-block-gallery-is-layout-flex\">\n<figure class=\"wp-block-image size-large\"><img decoding=\"async\" width=\"500\" height=\"666\" data-id=\"1082701\" src=\"https:\/\/dimensionturistica.com\/es\/wp-content\/uploads\/2025\/12\/111GALLE.jpg\" alt=\"\" class=\"wp-image-1082701\" srcset=\"https:\/\/dimensionturistica.com\/es\/wp-content\/uploads\/2025\/12\/111GALLE.jpg 500w, https:\/\/dimensionturistica.com\/es\/wp-content\/uploads\/2025\/12\/111GALLE-225x300.jpg 225w\" sizes=\"(max-width: 500px) 100vw, 500px\" \/><\/figure>\n<\/figure>\n\n\n\n<p>KARE recomienda muebles modulares, elementos transformables y soluciones inteligentes que permitan adaptar el hogar para compartir, trabajar, descansar<\/p>\n\n\n\n<p>o celebrar, sin perder estilo.<\/p>\n\n\n\n<p>7.\u2060 \u2060Bienestar emocional con luz y juego<\/p>\n\n\n\n<p>La decoraci\u00f3n en estas fiestas tambi\u00e9n puede elevar el \u00e1nimo: iluminaciones envolventes, rincones sensoriales y detalles l\u00fadicos que despierten alegr\u00eda.<\/p>\n\n\n\n<p>KARE propone combinar piezas con colores evocativos y texturas suaves para crear un ambiente que abrace la calma, la creatividad y la conexi\u00f3n.<\/p>\n\n\n\n<p>Un regalo para el hogar\u2026 y para ti<\/p>\n\n\n\n<p>KARE te invita a aprovechar esta temporada de fiestas para renovar tus espacios y preparar el esp\u00edritu para el 2026: un a\u00f1o m\u00e1s expresivo, m\u00e1s t\u00e1ctil y m\u00e1s emocionante.<\/p>\n\n\n\n<p>Porque no hay mejor regalo que un hogar que se siente tuyo: acogedor, aut\u00e9ntico y lleno de dise\u00f1o.<\/p>\n","protected":false},"excerpt":{"rendered":"<p>Esta temporada de fiestas es ese momento del a\u00f1o en el que el hogar se vuelve refugio, celebraci\u00f3n y punto de encuentro. Pensando en ello, KARE -la marca internacional reconocida por su car\u00e1cter atrevido y su dise\u00f1o lleno de identidad- presenta ideas de decoraci\u00f3n para transformar esta temporada en una experiencia c\u00e1lida, original y memorable. [&hellip;]<\/p>\n","protected":false},"author":1,"featured_media":0,"comment_status":"open","ping_status":"closed","sticky":false,"template":"","format":"standard","meta":{"om_disable_all_campaigns":false,"jnews-multi-image_gallery":[],"jnews_single_post":[],"jnews_primary_category":[],"jnews_social_meta":[],"footnotes":""},"categories":[144872],"tags":[],"class_list":["post-1082692","post","type-post","status-publish","format-standard","hentry","category-fashion"],"_links":{"self":[{"href":"https:\/\/dimensionturistica.com\/es\/wp-json\/wp\/v2\/posts\/1082692","targetHints":{"allow":["GET"]}}],"collection":[{"href":"https:\/\/dimensionturistica.com\/es\/wp-json\/wp\/v2\/posts"}],"about":[{"href":"https:\/\/dimensionturistica.com\/es\/wp-json\/wp\/v2\/types\/post"}],"author":[{"embeddable":true,"href":"https:\/\/dimensionturistica.com\/es\/wp-json\/wp\/v2\/users\/1"}],"replies":[{"embeddable":true,"href":"https:\/\/dimensionturistica.com\/es\/wp-json\/wp\/v2\/comments?post=1082692"}],"version-history":[{"count":1,"href":"https:\/\/dimensionturistica.com\/es\/wp-json\/wp\/v2\/posts\/1082692\/revisions"}],"predecessor-version":[{"id":1082702,"href":"https:\/\/dimensionturistica.com\/es\/wp-json\/wp\/v2\/posts\/1082692\/revisions\/1082702"}],"wp:attachment":[{"href":"https:\/\/dimensionturistica.com\/es\/wp-json\/wp\/v2\/media?parent=1082692"}],"wp:term":[{"taxonomy":"category","embeddable":true,"href":"https:\/\/dimensionturistica.com\/es\/wp-json\/wp\/v2\/categories?post=1082692"},{"taxonomy":"post_tag","embeddable":true,"href":"https:\/\/dimensionturistica.com\/es\/wp-json\/wp\/v2\/tags?post=1082692"}],"curies":[{"name":"wp","href":"https:\/\/api.w.org\/{rel}","templated":true}]}}