{"id":1082601,"date":"2025-12-05T17:38:10","date_gmt":"2025-12-05T17:38:10","guid":{"rendered":"https:\/\/dimensionturistica.com\/es\/?p=1082601"},"modified":"2025-12-05T17:38:10","modified_gmt":"2025-12-05T17:38:10","slug":"del-19-al-21-de-diciembre-llega-la-feria-del-mundo-al-palacio-de-la-autonomia-con-los-regalos-mas-sorprendentes-para-esta-navidad","status":"publish","type":"post","link":"https:\/\/dimensionturistica.com\/es\/del-19-al-21-de-diciembre-llega-la-feria-del-mundo-al-palacio-de-la-autonomia-con-los-regalos-mas-sorprendentes-para-esta-navidad\/","title":{"rendered":"Del 19 al 21 de Diciembre, llega la FERIA DEL MUNDO al PALACIO DE LA AUTONOM\u00cdA con los regalos m\u00e1s sorprendentes para esta Navidad."},"content":{"rendered":"\n<p><\/p>\n\n\n\n<figure class=\"wp-block-gallery has-nested-images columns-default is-cropped wp-block-gallery-1 is-layout-flex wp-block-gallery-is-layout-flex\">\n<figure class=\"wp-block-image size-large\"><img decoding=\"async\" width=\"500\" height=\"262\" data-id=\"1082604\" src=\"https:\/\/dimensionturistica.com\/es\/wp-content\/uploads\/2025\/12\/2LIBRO.jpg\" alt=\"\" class=\"wp-image-1082604\" srcset=\"https:\/\/dimensionturistica.com\/es\/wp-content\/uploads\/2025\/12\/2LIBRO.jpg 500w, https:\/\/dimensionturistica.com\/es\/wp-content\/uploads\/2025\/12\/2LIBRO-300x157.jpg 300w\" sizes=\"(max-width: 500px) 100vw, 500px\" \/><\/figure>\n<\/figure>\n\n\n\n<p>El PALACIO DE LA AUTONOM\u00cdA DE LA FUNDACI\u00d3N UNAM, en el coraz\u00f3n del Centro Hist\u00f3rico de la CDMX, ser\u00e1 sede de la FERIA DEL MUNDO del Viernes 19 al Domingo 21 de Diciembre; un evento que reunir\u00e1 a M\u00c1S DE 40 PA\u00cdSES en una celebraci\u00f3n \u00fanica de cultura, tradici\u00f3n y diversidad.<\/p>\n\n\n\n<figure class=\"wp-block-gallery has-nested-images columns-default is-cropped wp-block-gallery-2 is-layout-flex wp-block-gallery-is-layout-flex\">\n<figure class=\"wp-block-image size-large\"><img decoding=\"async\" width=\"500\" height=\"235\" data-id=\"1082605\" src=\"https:\/\/dimensionturistica.com\/es\/wp-content\/uploads\/2025\/12\/8LIBRO.jpg\" alt=\"\" class=\"wp-image-1082605\" srcset=\"https:\/\/dimensionturistica.com\/es\/wp-content\/uploads\/2025\/12\/8LIBRO.jpg 500w, https:\/\/dimensionturistica.com\/es\/wp-content\/uploads\/2025\/12\/8LIBRO-300x141.jpg 300w\" sizes=\"(max-width: 500px) 100vw, 500px\" \/><\/figure>\n<\/figure>\n\n\n\n<p>Durante tres d\u00edas, los visitantes podr\u00e1n disfrutar de un panorama global&nbsp;de diferentes culturas desde un solo lugar y encontrar art\u00edculos muy originales, ideales para hacer alg\u00fan regalo en esta temporada navide\u00f1a o llevar pedacitos de diferentes partes del mundo a casa.<\/p>\n\n\n\n<p>La FERIA DEL MUNDO&nbsp;presentar\u00e1 una amplia selecci\u00f3n de gastronom\u00eda internacional, artesan\u00edas, joyer\u00eda, textiles y muchos otros productos&nbsp;representativos de cada naci\u00f3n, cuidadosamente elaborados o traidos desde su lugar de origen por expositores que comparten la riqueza de su<\/p>\n\n\n\n<p>herencia cultural.<\/p>\n\n\n\n<p>Este encuentro contar\u00e1 con la participaci\u00f3n de Jap\u00f3n, Indonesia, Colombia, Nepal, Venezuela, Argelia, India, Costa de Marfil, China, Francia, Espa\u00f1a, Argentina, Chile, Ecuador, Turqu\u00eda, Rusia, Afganist\u00e1n, Grecia, Ruman\u00eda, entre muchos otros y M\u00e9xico, que tendr\u00e1 un pabell\u00f3n especial.<\/p>\n\n\n\n<figure class=\"wp-block-gallery has-nested-images columns-default is-cropped wp-block-gallery-3 is-layout-flex wp-block-gallery-is-layout-flex\">\n<figure class=\"wp-block-image size-large\"><img decoding=\"async\" width=\"500\" height=\"500\" data-id=\"1082606\" src=\"https:\/\/dimensionturistica.com\/es\/wp-content\/uploads\/2025\/12\/1LIBRO.jpg\" alt=\"\" class=\"wp-image-1082606\" srcset=\"https:\/\/dimensionturistica.com\/es\/wp-content\/uploads\/2025\/12\/1LIBRO.jpg 500w, https:\/\/dimensionturistica.com\/es\/wp-content\/uploads\/2025\/12\/1LIBRO-300x300.jpg 300w, https:\/\/dimensionturistica.com\/es\/wp-content\/uploads\/2025\/12\/1LIBRO-150x150.jpg 150w, https:\/\/dimensionturistica.com\/es\/wp-content\/uploads\/2025\/12\/1LIBRO-75x75.jpg 75w, https:\/\/dimensionturistica.com\/es\/wp-content\/uploads\/2025\/12\/1LIBRO-350x350.jpg 350w\" sizes=\"(max-width: 500px) 100vw, 500px\" \/><\/figure>\n<\/figure>\n\n\n\n<p>Cada pa\u00eds compartir\u00e1 su visi\u00f3n y costumbres y aportar\u00e1 sabores, colores y tradiciones que permitir\u00e1n al p\u00fablico descubrir diversas expresiones culturales y artesanales y adentrarse en la historia detr\u00e1s de cada pieza y cada receta, conviviendo directamente con representantes nativos de distintas regiones del mundo.<\/p>\n\n\n\n<p>Podr\u00e1n tomarse fotos inolvidables, convirti\u00e9ndose este evento en una experiencia cercana y enriquecedora.<\/p>\n\n\n\n<p>Con ENTRADA LIBRE, la FERIA DEL MUNDO invita a familias, estudiantes y visitantes a disfrutar de un viaje multicultural sin salir de la ciudad, celebrando la Navidad y la diversidad que caracteriza a nuestro planeta.<\/p>\n\n\n\n<p>FERIA DEL MUNDO<\/p>\n\n\n\n<p>Edici\u00f3n Navide\u00f1a<\/p>\n\n\n\n<p>Encuentro internacional que re\u00fane la riqueza cultural de<\/p>\n\n\n\n<figure class=\"wp-block-gallery has-nested-images columns-default is-cropped wp-block-gallery-4 is-layout-flex wp-block-gallery-is-layout-flex\">\n<figure class=\"wp-block-image size-large\"><img decoding=\"async\" width=\"500\" height=\"500\" data-id=\"1082607\" src=\"https:\/\/dimensionturistica.com\/es\/wp-content\/uploads\/2025\/12\/4LIBRO.jpg\" alt=\"\" class=\"wp-image-1082607\" srcset=\"https:\/\/dimensionturistica.com\/es\/wp-content\/uploads\/2025\/12\/4LIBRO.jpg 500w, https:\/\/dimensionturistica.com\/es\/wp-content\/uploads\/2025\/12\/4LIBRO-300x300.jpg 300w, https:\/\/dimensionturistica.com\/es\/wp-content\/uploads\/2025\/12\/4LIBRO-150x150.jpg 150w, https:\/\/dimensionturistica.com\/es\/wp-content\/uploads\/2025\/12\/4LIBRO-75x75.jpg 75w, https:\/\/dimensionturistica.com\/es\/wp-content\/uploads\/2025\/12\/4LIBRO-350x350.jpg 350w\" sizes=\"(max-width: 500px) 100vw, 500px\" \/><\/figure>\n<\/figure>\n\n\n\n<p>M\u00c1S DE 40 PA\u00cdSES.<\/p>\n\n\n\n<p>Gatronom\u00eda, artesan\u00edas, joyer\u00eda, textiles e infinidad de productos ideales para esta temporada.<\/p>\n\n\n\n<p>DICIEMBRE 19, 20 Y 21, 2025.<\/p>\n\n\n\n<p>11:00 a 20:00 H.<\/p>\n\n\n\n<p>PALACIO DE LA AUTONOM\u00cdA DE LA FUNDACI\u00d3N UNAM.<\/p>\n\n\n\n<p>Lic. Primo de Verdad No. 2, casi esquina con Moneda, Centro Hist\u00f3rico, CDMX.<\/p>\n\n\n\n<p>ENTRADA LIBRE.<\/p>\n\n\n\n<p>#FeriadelMundo #CDMX #Cultura #Educaci\u00f3n #Gastronom\u00edaInternacional #Artesan\u00edas\u00danicas<\/p>\n\n\n\n<p>#Textiles #Joyer\u00eda #FiestaMulticultural #Navidad<\/p>\n\n\n\n<p>#LosMejoresEventos&nbsp;#EventosGratuitos&nbsp;#diversi\u00f3ngarantizada #ExpoFest #Fundaci\u00f3nUNAM<\/p>\n\n\n\n<p>#BekMarketingyMedios<\/p>\n","protected":false},"excerpt":{"rendered":"<p>El PALACIO DE LA AUTONOM\u00cdA DE LA FUNDACI\u00d3N UNAM, en el coraz\u00f3n del Centro Hist\u00f3rico de la CDMX, ser\u00e1 sede de la FERIA DEL MUNDO del Viernes 19 al Domingo 21 de Diciembre; un evento que reunir\u00e1 a M\u00c1S DE 40 PA\u00cdSES en una celebraci\u00f3n \u00fanica de cultura, tradici\u00f3n y diversidad. Durante tres d\u00edas, los [&hellip;]<\/p>\n","protected":false},"author":1,"featured_media":0,"comment_status":"open","ping_status":"closed","sticky":false,"template":"","format":"standard","meta":{"om_disable_all_campaigns":false,"jnews-multi-image_gallery":[],"jnews_single_post":[],"jnews_primary_category":[],"jnews_social_meta":[],"footnotes":""},"categories":[144872],"tags":[],"class_list":["post-1082601","post","type-post","status-publish","format-standard","hentry","category-fashion"],"_links":{"self":[{"href":"https:\/\/dimensionturistica.com\/es\/wp-json\/wp\/v2\/posts\/1082601","targetHints":{"allow":["GET"]}}],"collection":[{"href":"https:\/\/dimensionturistica.com\/es\/wp-json\/wp\/v2\/posts"}],"about":[{"href":"https:\/\/dimensionturistica.com\/es\/wp-json\/wp\/v2\/types\/post"}],"author":[{"embeddable":true,"href":"https:\/\/dimensionturistica.com\/es\/wp-json\/wp\/v2\/users\/1"}],"replies":[{"embeddable":true,"href":"https:\/\/dimensionturistica.com\/es\/wp-json\/wp\/v2\/comments?post=1082601"}],"version-history":[{"count":1,"href":"https:\/\/dimensionturistica.com\/es\/wp-json\/wp\/v2\/posts\/1082601\/revisions"}],"predecessor-version":[{"id":1082608,"href":"https:\/\/dimensionturistica.com\/es\/wp-json\/wp\/v2\/posts\/1082601\/revisions\/1082608"}],"wp:attachment":[{"href":"https:\/\/dimensionturistica.com\/es\/wp-json\/wp\/v2\/media?parent=1082601"}],"wp:term":[{"taxonomy":"category","embeddable":true,"href":"https:\/\/dimensionturistica.com\/es\/wp-json\/wp\/v2\/categories?post=1082601"},{"taxonomy":"post_tag","embeddable":true,"href":"https:\/\/dimensionturistica.com\/es\/wp-json\/wp\/v2\/tags?post=1082601"}],"curies":[{"name":"wp","href":"https:\/\/api.w.org\/{rel}","templated":true}]}}