{"id":1082587,"date":"2025-12-05T17:16:11","date_gmt":"2025-12-05T17:16:11","guid":{"rendered":"https:\/\/dimensionturistica.com\/es\/?p=1082587"},"modified":"2025-12-05T17:16:11","modified_gmt":"2025-12-05T17:16:11","slug":"la-caravana-coca-cola-regresa-a-acapulco-despues-de-15-anos-y-reune-a-mas-de-medio-millon-de-personas-en-una-noche-historica","status":"publish","type":"post","link":"https:\/\/dimensionturistica.com\/es\/la-caravana-coca-cola-regresa-a-acapulco-despues-de-15-anos-y-reune-a-mas-de-medio-millon-de-personas-en-una-noche-historica\/","title":{"rendered":"La Caravana Coca-Cola Regresa a Acapulco despu\u00e9s de 15 A\u00f1os y re\u00fane a m\u00e1s de medio mill\u00f3n de personas en una noche hist\u00f3rica"},"content":{"rendered":"\n<p><\/p>\n\n\n\n<figure class=\"wp-block-gallery has-nested-images columns-default is-cropped wp-block-gallery-1 is-layout-flex wp-block-gallery-is-layout-flex\">\n<figure class=\"wp-block-image size-large\"><img decoding=\"async\" width=\"600\" height=\"397\" data-id=\"1082588\" src=\"https:\/\/dimensionturistica.com\/es\/wp-content\/uploads\/2025\/12\/CARAVANA.jpg\" alt=\"\" class=\"wp-image-1082588\" srcset=\"https:\/\/dimensionturistica.com\/es\/wp-content\/uploads\/2025\/12\/CARAVANA.jpg 600w, https:\/\/dimensionturistica.com\/es\/wp-content\/uploads\/2025\/12\/CARAVANA-300x199.jpg 300w\" sizes=\"(max-width: 600px) 100vw, 600px\" \/><\/figure>\n<\/figure>\n\n\n\n<p>Tras 15 a\u00f1os de ausencia, la Caravana Navide\u00f1a Coca-Cola volvi\u00f3 a recorrer las calles de Acapulco el pasado 2 de diciembre, marcando un momento hist\u00f3rico para el puerto y convocando a m\u00e1s de medio mill\u00f3n de personas que se reunieron para celebrar una de las tradiciones m\u00e1s queridas de la temporada.<\/p>\n\n\n\n<p>El entusiasmo por su regreso se hizo sentir desde temprana hora, y la asistencia super\u00f3 todas las expectativas. Las principales avenidas de la ciudad se iluminaron con el paso de m\u00e1s de 130 bailarines, m\u00fasica, luces y decoraciones que llenaron de magia navide\u00f1a el puerto y ofrecieron una experiencia inolvidable para miles de familias.<\/p>\n\n\n\n<p>\u201cRegresar a Acapulco despu\u00e9s de 15 a\u00f1os es profundamente significativo. Este puerto ocupa un lugar muy especial en la historia de la Caravana, y ver a m\u00e1s de medio mill\u00f3n de personas celebrando con nosotros nos llena de orgullo y gratitud. La uni\u00f3n y alegr\u00eda que vivimos anoche reflejan la fortaleza y el esp\u00edritu de esta comunidad\u201d, coment\u00f3 Carmen M\u00e9ndez, vicepresidenta de Mercadotecnia de Coca-Cola M\u00e9xico.<\/p>\n\n\n\n<figure class=\"wp-block-gallery has-nested-images columns-default is-cropped wp-block-gallery-2 is-layout-flex wp-block-gallery-is-layout-flex\">\n<figure class=\"wp-block-image size-large\"><img decoding=\"async\" width=\"500\" height=\"333\" data-id=\"1082589\" src=\"https:\/\/dimensionturistica.com\/es\/wp-content\/uploads\/2025\/12\/2CARAVANA.jpg\" alt=\"\" class=\"wp-image-1082589\" srcset=\"https:\/\/dimensionturistica.com\/es\/wp-content\/uploads\/2025\/12\/2CARAVANA.jpg 500w, https:\/\/dimensionturistica.com\/es\/wp-content\/uploads\/2025\/12\/2CARAVANA-300x200.jpg 300w\" sizes=\"(max-width: 500px) 100vw, 500px\" \/><\/figure>\n<\/figure>\n\n\n\n<p>La realizaci\u00f3n del recorrido fue posible gracias al esfuerzo coordinado de m\u00e1s de 390 personas de staff, responsables de la operaci\u00f3n y el movimiento de cerca de 40 tr\u00e1ileres que integran la caravana. La colaboraci\u00f3n entre Coca-Cola M\u00e9xico, FEMSA y las autoridades municipales y estatales garantiz\u00f3 una experiencia segura, organizada y emotiva para todas las personas asistentes.<\/p>\n\n\n\n<p>Por su parte, Aldo Castrej\u00f3n, director de Asuntos Corporativos de Coca-Cola FEMSA M\u00e9xico, destac\u00f3: \u201cEl retorno de la Caravana a Acapulco despu\u00e9s de 15 a\u00f1os representa un momento muy especial para nosotros. Este recorrido es una forma de agradecer a la comunidad su confianza y de fortalecer nuestro compromiso con el puerto. La extraordinaria participaci\u00f3n y calidez de la gente de Acapulco hicieron de esta noche un encuentro verdaderamente memorable.\u201d<\/p>\n\n\n\n<figure class=\"wp-block-gallery has-nested-images columns-default is-cropped wp-block-gallery-3 is-layout-flex wp-block-gallery-is-layout-flex\">\n<figure class=\"wp-block-image size-large\"><img decoding=\"async\" width=\"500\" height=\"333\" data-id=\"1082590\" src=\"https:\/\/dimensionturistica.com\/es\/wp-content\/uploads\/2025\/12\/4CARAVANA.jpg\" alt=\"\" class=\"wp-image-1082590\" srcset=\"https:\/\/dimensionturistica.com\/es\/wp-content\/uploads\/2025\/12\/4CARAVANA.jpg 500w, https:\/\/dimensionturistica.com\/es\/wp-content\/uploads\/2025\/12\/4CARAVANA-300x200.jpg 300w\" sizes=\"(max-width: 500px) 100vw, 500px\" \/><\/figure>\n<\/figure>\n\n\n\n<p>Con este regreso, la Caravana Navide\u00f1a Coca-Cola reafirma su papel como una de las celebraciones decembrinas m\u00e1s emblem\u00e1ticas del pa\u00eds, conectando a millones de personas a trav\u00e9s de la magia, la esperanza y la alegr\u00eda que caracterizan la temporada.<\/p>\n","protected":false},"excerpt":{"rendered":"<p>Tras 15 a\u00f1os de ausencia, la Caravana Navide\u00f1a Coca-Cola volvi\u00f3 a recorrer las calles de Acapulco el pasado 2 de diciembre, marcando un momento hist\u00f3rico para el puerto y convocando a m\u00e1s de medio mill\u00f3n de personas que se reunieron para celebrar una de las tradiciones m\u00e1s queridas de la temporada. El entusiasmo por su [&hellip;]<\/p>\n","protected":false},"author":1,"featured_media":0,"comment_status":"open","ping_status":"closed","sticky":false,"template":"","format":"standard","meta":{"om_disable_all_campaigns":false,"jnews-multi-image_gallery":[],"jnews_single_post":[],"jnews_primary_category":[],"jnews_social_meta":[],"footnotes":""},"categories":[40],"tags":[],"class_list":["post-1082587","post","type-post","status-publish","format-standard","hentry","category-industria"],"_links":{"self":[{"href":"https:\/\/dimensionturistica.com\/es\/wp-json\/wp\/v2\/posts\/1082587","targetHints":{"allow":["GET"]}}],"collection":[{"href":"https:\/\/dimensionturistica.com\/es\/wp-json\/wp\/v2\/posts"}],"about":[{"href":"https:\/\/dimensionturistica.com\/es\/wp-json\/wp\/v2\/types\/post"}],"author":[{"embeddable":true,"href":"https:\/\/dimensionturistica.com\/es\/wp-json\/wp\/v2\/users\/1"}],"replies":[{"embeddable":true,"href":"https:\/\/dimensionturistica.com\/es\/wp-json\/wp\/v2\/comments?post=1082587"}],"version-history":[{"count":1,"href":"https:\/\/dimensionturistica.com\/es\/wp-json\/wp\/v2\/posts\/1082587\/revisions"}],"predecessor-version":[{"id":1082591,"href":"https:\/\/dimensionturistica.com\/es\/wp-json\/wp\/v2\/posts\/1082587\/revisions\/1082591"}],"wp:attachment":[{"href":"https:\/\/dimensionturistica.com\/es\/wp-json\/wp\/v2\/media?parent=1082587"}],"wp:term":[{"taxonomy":"category","embeddable":true,"href":"https:\/\/dimensionturistica.com\/es\/wp-json\/wp\/v2\/categories?post=1082587"},{"taxonomy":"post_tag","embeddable":true,"href":"https:\/\/dimensionturistica.com\/es\/wp-json\/wp\/v2\/tags?post=1082587"}],"curies":[{"name":"wp","href":"https:\/\/api.w.org\/{rel}","templated":true}]}}