{"id":1082567,"date":"2025-12-05T16:30:52","date_gmt":"2025-12-05T16:30:52","guid":{"rendered":"https:\/\/dimensionturistica.com\/es\/?p=1082567"},"modified":"2025-12-05T16:30:52","modified_gmt":"2025-12-05T16:30:52","slug":"desde-margot-robbie-hasta-olivia-colman-todas-las-celebridades-en-la-gala-invernal-de-carey-mulligan-para-war-child","status":"publish","type":"post","link":"https:\/\/dimensionturistica.com\/es\/desde-margot-robbie-hasta-olivia-colman-todas-las-celebridades-en-la-gala-invernal-de-carey-mulligan-para-war-child\/","title":{"rendered":"Desde Margot Robbie hasta Olivia Colman: Todas las Celebridades en la Gala Invernal de Carey Mulligan para War Child."},"content":{"rendered":"<p><strong>La Elegancia Brillante de Carey Mulligan: Estilo y Compromiso en la Gala de Invierno<\/strong><\/p>\n<p>En el exclusivo evento de la Gala de Invierno en apoyo a War Child, la actriz Carey Mulligan deslumbr\u00f3 a todos no solo por su presencia estelar, sino tambi\u00e9n por su impecable sentido de la moda. La gala, que reuni\u00f3 a figuras influyentes del mundo del espect\u00e1culo, se convirti\u00f3 en una plataforma para concienciar sobre la crisis que enfrentan los ni\u00f1os en zonas de conflicto. Mulligan, siempre comprometida, utiliz\u00f3 su presencia para dar visibilidad a esta causa urgente.<\/p>\n<h3>Un Vestido Que Habla<\/h3>\n<p>Carey opt\u00f3 por un vestido de una sofisticaci\u00f3n inigualable. Con un dise\u00f1o que fusiona lo cl\u00e1sico y lo contempor\u00e1neo, el atuendo resalt\u00f3 su figura y, a la vez, evoc\u00f3 un aire de elegancia atemporal. Los detalles confeccionados a mano, junto con una paleta de colores que atrap\u00f3 la luz, hicieron que cada movimiento de la actriz fuera un espect\u00e1culo por s\u00ed mismo. Los asistentes no pod\u00edan evitar admirar la destreza y el arte detr\u00e1s de la creaci\u00f3n, un recordatorio de c\u00f3mo la moda puede ser una forma de expresi\u00f3n poderosa.<\/p>\n<h3>Accesorios que Impactan<\/h3>\n<p>Complementando su look, Mulligan eligi\u00f3 accesorios sutiles pero impactantes. Pendientes y pulseras que brillaban modestamente se unieron a su atuendo de manera arm\u00f3nica, demostrando que en la elegancia, menos es m\u00e1s. Cada elemento estaba cuidadosamente seleccionado, reflejando su personalidad y su compromiso con el evento. La elecci\u00f3n de piezas de joyer\u00eda de dise\u00f1adores \u00e9ticos subraya la importancia de un enfoque consciente dentro del mundo del lujo y la moda.<\/p>\n<h3>Un Mensaje de Cambio<\/h3>\n<p>M\u00e1s all\u00e1 de lo est\u00e9tico, la presencia de Mulligan fue una llamada a la acci\u00f3n. Al hablar durante la gala, enfatiz\u00f3 el papel crucial que todos juegan en la defensa de los derechos de los ni\u00f1os en situaciones de guerra. Su discurso, cargado de sinceridad y pasi\u00f3n, reson\u00f3 entre los asistentes, creando un ambiente de empat\u00eda y responsabilidad compartida. Este tipo de visibilidad puede marcar la diferencia, y Carey lo sabe bien.<\/p>\n<h3>Estilo y Sustentabilidad<\/h3>\n<p>Como figuras p\u00fablicas, los actores y actrices tienen la oportunidad de influir en las tendencias y comportamientos de compra. Mulligan, a trav\u00e9s de su elecci\u00f3n de moda, promueve el mensaje de que el estilo no debe estar re\u00f1ido con la responsabilidad social. Al optar por dise\u00f1adores que priorizan la sostenibilidad, ella establece un ejemplo claro de c\u00f3mo la industria de la moda puede avanzar hacia un futuro m\u00e1s responsable.<\/p>\n<h3>La Gala como Plataforma<\/h3>\n<p>Con eventos como la Gala de Invierno, se demuestra que la moda tiene el poder de abordar temas cr\u00edticos. La combinaci\u00f3n de glamour y compromiso social hace de estas ocasiones momentos memorables que pueden trascender el mero espect\u00e1culo. A medida que el mundo de la moda evoluciona, la responsabilidad social y la creatividad van de la mano, creando un impacto duradero que va m\u00e1s all\u00e1 de las pasarelas.<\/p>\n<h3>El Futuro de la Moda Comprometida<\/h3>\n<p>La participaci\u00f3n de Carey Mulligan en este evento refuerza la idea de que la moda y el activismo pueden coexistir de manera arm\u00f3nica. Las red carpet no son solo un lugar para exhibir vestimentas deslumbrantes, sino tambi\u00e9n una plataforma para abogar por cambios significativos. Con cada aparici\u00f3n, Mulligan redefine lo que significa ser una figura p\u00fablica en la actualidad, utilizando su voz y estilo \u00fanicos para impactar el mundo de manera positiva.<\/p>\n<p>El eco de este evento resuena en todos nosotros, record\u00e1ndonos que cada elecci\u00f3n, ya sea un atuendo o una causa apoyada, puede contribuir a un cambio significativo. La moda, entonces, no es solo una cuesti\u00f3n de apariencia, sino una poderosa herramienta que, si se emplea bien, puede iluminar los rincones m\u00e1s oscuros del mundo.<\/p>\n<p><em> &#8221; Fuentes www.vogue.com &#8221; <\/em><\/p>\n","protected":false},"excerpt":{"rendered":"<p>La Elegancia Brillante de Carey Mulligan: Estilo y Compromiso en la Gala de Invierno En el exclusivo evento de la Gala de Invierno en apoyo a War Child, la actriz Carey Mulligan deslumbr\u00f3 a todos no solo por su presencia estelar, sino tambi\u00e9n por su impecable sentido de la moda. La gala, que reuni\u00f3 a [&hellip;]<\/p>\n","protected":false},"author":14,"featured_media":1082568,"comment_status":"open","ping_status":"closed","sticky":false,"template":"","format":"standard","meta":{"om_disable_all_campaigns":false,"jnews-multi-image_gallery":[],"jnews_single_post":[],"jnews_primary_category":[],"jnews_social_meta":[],"footnotes":""},"categories":[144872],"tags":[208109,201282,132238,225,166,75295,68576,76965,165,217471,259403,259402],"class_list":["post-1082567","post","type-post","status-publish","format-standard","has-post-thumbnail","hentry","category-fashion","tag-carey-mulligan","tag-celebrity-events","tag-digital_syndication","tag-entertainment","tag-fashion","tag-fundraising","tag-margot-robbie","tag-olivia-colman","tag-red-carpet","tag-storytypereporting","tag-war-child","tag-winter-gala"],"_links":{"self":[{"href":"https:\/\/dimensionturistica.com\/es\/wp-json\/wp\/v2\/posts\/1082567","targetHints":{"allow":["GET"]}}],"collection":[{"href":"https:\/\/dimensionturistica.com\/es\/wp-json\/wp\/v2\/posts"}],"about":[{"href":"https:\/\/dimensionturistica.com\/es\/wp-json\/wp\/v2\/types\/post"}],"author":[{"embeddable":true,"href":"https:\/\/dimensionturistica.com\/es\/wp-json\/wp\/v2\/users\/14"}],"replies":[{"embeddable":true,"href":"https:\/\/dimensionturistica.com\/es\/wp-json\/wp\/v2\/comments?post=1082567"}],"version-history":[{"count":1,"href":"https:\/\/dimensionturistica.com\/es\/wp-json\/wp\/v2\/posts\/1082567\/revisions"}],"predecessor-version":[{"id":1082569,"href":"https:\/\/dimensionturistica.com\/es\/wp-json\/wp\/v2\/posts\/1082567\/revisions\/1082569"}],"wp:featuredmedia":[{"embeddable":true,"href":"https:\/\/dimensionturistica.com\/es\/wp-json\/wp\/v2\/media\/1082568"}],"wp:attachment":[{"href":"https:\/\/dimensionturistica.com\/es\/wp-json\/wp\/v2\/media?parent=1082567"}],"wp:term":[{"taxonomy":"category","embeddable":true,"href":"https:\/\/dimensionturistica.com\/es\/wp-json\/wp\/v2\/categories?post=1082567"},{"taxonomy":"post_tag","embeddable":true,"href":"https:\/\/dimensionturistica.com\/es\/wp-json\/wp\/v2\/tags?post=1082567"}],"curies":[{"name":"wp","href":"https:\/\/api.w.org\/{rel}","templated":true}]}}