{"id":1082514,"date":"2025-12-05T15:20:58","date_gmt":"2025-12-05T15:20:58","guid":{"rendered":"https:\/\/dimensionturistica.com\/es\/?p=1082514"},"modified":"2025-12-05T15:20:58","modified_gmt":"2025-12-05T15:20:58","slug":"la-aerolinea-continua-fortaleciendo-su-presencia-en-mexico-con-el-lanzamiento-de-su-servicio-a-su-destino-numero-30-en-el-pais-puerto-escondido-pxm","status":"publish","type":"post","link":"https:\/\/dimensionturistica.com\/es\/la-aerolinea-continua-fortaleciendo-su-presencia-en-mexico-con-el-lanzamiento-de-su-servicio-a-su-destino-numero-30-en-el-pais-puerto-escondido-pxm\/","title":{"rendered":"La aerol\u00ednea contin\u00faa fortaleciendo su presencia en M\u00e9xico con el lanzamiento de su servicio a su destino n\u00famero 30 en el pa\u00eds, Puerto Escondido (PXM)."},"content":{"rendered":"\n<figure class=\"wp-block-gallery has-nested-images columns-default is-cropped wp-block-gallery-1 is-layout-flex wp-block-gallery-is-layout-flex\">\n<figure class=\"wp-block-image size-large\"><img decoding=\"async\" width=\"474\" height=\"88\" data-id=\"1082515\" src=\"https:\/\/dimensionturistica.com\/es\/wp-content\/uploads\/2025\/12\/5AMERICAN.jpg\" alt=\"\" class=\"wp-image-1082515\" srcset=\"https:\/\/dimensionturistica.com\/es\/wp-content\/uploads\/2025\/12\/5AMERICAN.jpg 474w, https:\/\/dimensionturistica.com\/es\/wp-content\/uploads\/2025\/12\/5AMERICAN-300x56.jpg 300w\" sizes=\"(max-width: 474px) 100vw, 474px\" \/><\/figure>\n<\/figure>\n\n\n\n<p>American Airlines inaugur\u00f3 hoy su destino n\u00famero 30 en M\u00e9xico, el Aeropuerto Internacional de Puerto Escondido (PXM), con conexi\u00f3n al Aeropuerto Internacional de Dallas Fort Worth (DFW). Este nuevo servicio operar\u00e1 los mi\u00e9rcoles y s\u00e1bados con aviones Embraer E175 con capacidad para 76 pasajeros.<\/p>\n\n\n\n<figure class=\"wp-block-gallery has-nested-images columns-default is-cropped wp-block-gallery-2 is-layout-flex wp-block-gallery-is-layout-flex\">\n<figure class=\"wp-block-image size-large\"><img decoding=\"async\" width=\"500\" height=\"375\" data-id=\"1082516\" src=\"https:\/\/dimensionturistica.com\/es\/wp-content\/uploads\/2025\/12\/1AMERICAN.jpg\" alt=\"\" class=\"wp-image-1082516\" srcset=\"https:\/\/dimensionturistica.com\/es\/wp-content\/uploads\/2025\/12\/1AMERICAN.jpg 500w, https:\/\/dimensionturistica.com\/es\/wp-content\/uploads\/2025\/12\/1AMERICAN-300x225.jpg 300w\" sizes=\"(max-width: 500px) 100vw, 500px\" \/><\/figure>\n<\/figure>\n\n\n\n<p>\u201cEstamos orgullosos de inaugurar el nuevo servicio entre Puerto Escondido y Dallas Fort Worth, mejorando a\u00fan m\u00e1s la conectividad hacia y desde M\u00e9xico a trav\u00e9s de nuestro mayor centro de operaciones en Estados Unidos\u201d, ha declarado Jos\u00e9 Mar\u00eda Giraldo, Director General de Operaciones para M\u00e9xico, el Caribe, Canad\u00e1 y Centroam\u00e9rica de American Airlines. \u201cCon el lanzamiento de nuestro trig\u00e9simo destino en el pa\u00eds, reforzamos a\u00fan m\u00e1s nuestro compromiso de m\u00e1s de 80 a\u00f1os con el pa\u00eds\u201d.<\/p>\n\n\n\n<p>*Los horarios de los vuelos est\u00e1n sujetos a cambios.<\/p>\n\n\n\n<figure class=\"wp-block-gallery has-nested-images columns-default is-cropped wp-block-gallery-3 is-layout-flex wp-block-gallery-is-layout-flex\">\n<figure class=\"wp-block-image size-large\"><img decoding=\"async\" width=\"500\" height=\"375\" data-id=\"1082517\" src=\"https:\/\/dimensionturistica.com\/es\/wp-content\/uploads\/2025\/12\/3AMERICAN.jpg\" alt=\"\" class=\"wp-image-1082517\" srcset=\"https:\/\/dimensionturistica.com\/es\/wp-content\/uploads\/2025\/12\/3AMERICAN.jpg 500w, https:\/\/dimensionturistica.com\/es\/wp-content\/uploads\/2025\/12\/3AMERICAN-300x225.jpg 300w\" sizes=\"(max-width: 500px) 100vw, 500px\" \/><\/figure>\n<\/figure>\n\n\n\n<p>\u201cEsta nueva ruta conectar\u00e1 a los viajeros con una de las joyas costeras m\u00e1s cautivadoras del pa\u00eds, famosa por sus playas v\u00edrgenes, su surf de clase mundial y su vibrante belleza natural\u201d, afirm\u00f3 Vicky Uzal, Directora de Ventas para M\u00e9xico, Centroam\u00e9rica, Colombia y Ecuador de American Airlines. \u201cCon esta incorporaci\u00f3n, facilitamos m\u00e1s que nunca a los visitantes de todo el mundo la posibilidad de experimentar la magia de Puerto Escondido, ofreciendo un acceso c\u00f3modo y sin complicaciones a uno de los destinos m\u00e1s codiciados de M\u00e9xico.\u201d<\/p>\n","protected":false},"excerpt":{"rendered":"<p>American Airlines inaugur\u00f3 hoy su destino n\u00famero 30 en M\u00e9xico, el Aeropuerto Internacional de Puerto Escondido (PXM), con conexi\u00f3n al Aeropuerto Internacional de Dallas Fort Worth (DFW). Este nuevo servicio operar\u00e1 los mi\u00e9rcoles y s\u00e1bados con aviones Embraer E175 con capacidad para 76 pasajeros. \u201cEstamos orgullosos de inaugurar el nuevo servicio entre Puerto Escondido y [&hellip;]<\/p>\n","protected":false},"author":1,"featured_media":0,"comment_status":"open","ping_status":"closed","sticky":false,"template":"","format":"standard","meta":{"om_disable_all_campaigns":false,"jnews-multi-image_gallery":[],"jnews_single_post":[],"jnews_primary_category":[],"jnews_social_meta":[],"footnotes":""},"categories":[39],"tags":[],"class_list":["post-1082514","post","type-post","status-publish","format-standard","hentry","category-viajes"],"_links":{"self":[{"href":"https:\/\/dimensionturistica.com\/es\/wp-json\/wp\/v2\/posts\/1082514","targetHints":{"allow":["GET"]}}],"collection":[{"href":"https:\/\/dimensionturistica.com\/es\/wp-json\/wp\/v2\/posts"}],"about":[{"href":"https:\/\/dimensionturistica.com\/es\/wp-json\/wp\/v2\/types\/post"}],"author":[{"embeddable":true,"href":"https:\/\/dimensionturistica.com\/es\/wp-json\/wp\/v2\/users\/1"}],"replies":[{"embeddable":true,"href":"https:\/\/dimensionturistica.com\/es\/wp-json\/wp\/v2\/comments?post=1082514"}],"version-history":[{"count":1,"href":"https:\/\/dimensionturistica.com\/es\/wp-json\/wp\/v2\/posts\/1082514\/revisions"}],"predecessor-version":[{"id":1082518,"href":"https:\/\/dimensionturistica.com\/es\/wp-json\/wp\/v2\/posts\/1082514\/revisions\/1082518"}],"wp:attachment":[{"href":"https:\/\/dimensionturistica.com\/es\/wp-json\/wp\/v2\/media?parent=1082514"}],"wp:term":[{"taxonomy":"category","embeddable":true,"href":"https:\/\/dimensionturistica.com\/es\/wp-json\/wp\/v2\/categories?post=1082514"},{"taxonomy":"post_tag","embeddable":true,"href":"https:\/\/dimensionturistica.com\/es\/wp-json\/wp\/v2\/tags?post=1082514"}],"curies":[{"name":"wp","href":"https:\/\/api.w.org\/{rel}","templated":true}]}}