{"id":1082128,"date":"2025-12-04T21:50:29","date_gmt":"2025-12-04T21:50:29","guid":{"rendered":"https:\/\/dimensionturistica.com\/es\/?p=1082128"},"modified":"2025-12-04T21:50:29","modified_gmt":"2025-12-04T21:50:29","slug":"el-museo-interactivo-bimbo-abrira-sus-puertas-al-publico-el-proximo-20-de-enero-de-2026-en-la-celebracion-del-80-aniversario-de-grupo-bimbo","status":"publish","type":"post","link":"https:\/\/dimensionturistica.com\/es\/el-museo-interactivo-bimbo-abrira-sus-puertas-al-publico-el-proximo-20-de-enero-de-2026-en-la-celebracion-del-80-aniversario-de-grupo-bimbo\/","title":{"rendered":"El Museo Interactivo Bimbo abrir\u00e1 sus puertas al p\u00fablico el pr\u00f3ximo 20 de enero de 2026. En la celebraci\u00f3n del 80 aniversario de Grupo Bimbo"},"content":{"rendered":"\n<figure class=\"wp-block-gallery has-nested-images columns-default is-cropped wp-block-gallery-1 is-layout-flex wp-block-gallery-is-layout-flex\">\n<figure class=\"wp-block-image size-large\"><img decoding=\"async\" width=\"500\" height=\"277\" data-id=\"1082129\" src=\"https:\/\/dimensionturistica.com\/es\/wp-content\/uploads\/2025\/12\/1BIMBO.jpg\" alt=\"\" class=\"wp-image-1082129\" srcset=\"https:\/\/dimensionturistica.com\/es\/wp-content\/uploads\/2025\/12\/1BIMBO.jpg 500w, https:\/\/dimensionturistica.com\/es\/wp-content\/uploads\/2025\/12\/1BIMBO-300x166.jpg 300w\" sizes=\"(max-width: 500px) 100vw, 500px\" \/><\/figure>\n<\/figure>\n\n\n\n<p>En el marco del 80 aniversario de Grupo Bimbo, esta tarde se llev\u00f3 a cabo el evento de inauguraci\u00f3n del Museo Interactivo BIMBO (MiBIMBO), encabezado por Daniel Servitje, Presidente Ejecutivo de Grupo Bimbo, con la presencia de Alicia B\u00e1rcena, Secretaria de Medio Ambiente y Recursos Naturales del Gobierno de M\u00e9xico, Vidal Llerenas Morales, Subsecretario de Industria y Comercio de la Secretar\u00eda de Econom\u00eda del Gobierno de M\u00e9xico, y Ana Francis L\u00f3pez Bayghen Pati\u00f1o, Secretaria de Cultura de la Ciudad de M\u00e9xico.<\/p>\n\n\n\n<figure class=\"wp-block-gallery has-nested-images columns-default is-cropped wp-block-gallery-2 is-layout-flex wp-block-gallery-is-layout-flex\">\n<figure class=\"wp-block-image size-large\"><img decoding=\"async\" width=\"500\" height=\"333\" data-id=\"1082131\" src=\"https:\/\/dimensionturistica.com\/es\/wp-content\/uploads\/2025\/12\/22BIMBO.jpg\" alt=\"\" class=\"wp-image-1082131\" srcset=\"https:\/\/dimensionturistica.com\/es\/wp-content\/uploads\/2025\/12\/22BIMBO.jpg 500w, https:\/\/dimensionturistica.com\/es\/wp-content\/uploads\/2025\/12\/22BIMBO-300x200.jpg 300w\" sizes=\"(max-width: 500px) 100vw, 500px\" \/><\/figure>\n<\/figure>\n\n\n\n<p>El Museo Interactivo BIMBO (MiBIMBO) ofrece un recorrido por el legado de Grupo Bimbo desde 1945 mostrando c\u00f3mo, una empresa orgullosamente mexicana, ha unido tradici\u00f3n, innovaci\u00f3n y valores, desde sus or\u00edgenes como una panader\u00eda local, hasta convertirse en la panificadora m\u00e1s grande del mundo con impacto global y presencia en 39 pa\u00edses.<\/p>\n\n\n\n<figure class=\"wp-block-gallery has-nested-images columns-default is-cropped wp-block-gallery-3 is-layout-flex wp-block-gallery-is-layout-flex\">\n<figure class=\"wp-block-image size-large\"><img decoding=\"async\" width=\"500\" height=\"333\" data-id=\"1082132\" src=\"https:\/\/dimensionturistica.com\/es\/wp-content\/uploads\/2025\/12\/5BIMBO.jpg\" alt=\"\" class=\"wp-image-1082132\" srcset=\"https:\/\/dimensionturistica.com\/es\/wp-content\/uploads\/2025\/12\/5BIMBO.jpg 500w, https:\/\/dimensionturistica.com\/es\/wp-content\/uploads\/2025\/12\/5BIMBO-300x200.jpg 300w\" sizes=\"(max-width: 500px) 100vw, 500px\" \/><\/figure>\n<\/figure>\n\n\n\n<p>Daniel Servitje, Presidente Ejecutivo de Grupo Bimbo, coment\u00f3: \u201cHoy, 2 de diciembre, los m\u00e1s de 153 mil colaboradores de Grupo Bimbo celebramos con gratitud y orgullo los primeros ochenta a\u00f1os de vida de nuestra empresa, ochenta a\u00f1os creciendo juntos.&nbsp; Lo hacemos inaugurando el Museo Interactivo Bimbo, un espacio donde honramos el pasado, celebramos el presente y proyectamos el futuro de todas y todos los que hemos puesto un \u201cgranito\u201d de harina, como decimos aqu\u00ed.\u201d<\/p>\n\n\n\n<figure class=\"wp-block-gallery has-nested-images columns-default is-cropped wp-block-gallery-4 is-layout-flex wp-block-gallery-is-layout-flex\">\n<figure class=\"wp-block-image size-large\"><img decoding=\"async\" width=\"500\" height=\"333\" data-id=\"1082133\" src=\"https:\/\/dimensionturistica.com\/es\/wp-content\/uploads\/2025\/12\/2BIMBO.jpg\" alt=\"\" class=\"wp-image-1082133\" srcset=\"https:\/\/dimensionturistica.com\/es\/wp-content\/uploads\/2025\/12\/2BIMBO.jpg 500w, https:\/\/dimensionturistica.com\/es\/wp-content\/uploads\/2025\/12\/2BIMBO-300x200.jpg 300w\" sizes=\"(max-width: 500px) 100vw, 500px\" \/><\/figure>\n<\/figure>\n\n\n\n<p>Alicia B\u00e1rcena, Secretaria de Medio Ambiente y Recursos Naturales de M\u00e9xico, se\u00f1al\u00f3 \u201cQuisiera celebrar que Grupo Bimbo est\u00e1 cumpliendo 80 a\u00f1os.(\u2026) quiero reconocer el enorme compromiso que tiene la empresa con la sustentabilidad, sobre todo los resultados que han alcanzado. Por ejemplo, cuentan con agricultura regenerativa, energ\u00edas renovables con movilidad el\u00e9ctrica, y cero desperdicios de alimento y de agua, siendo el 94% de sus empaques reciclables. Esto es para m\u00ed una gran noticia.\u201d<\/p>\n\n\n\n<figure class=\"wp-block-gallery has-nested-images columns-default is-cropped wp-block-gallery-5 is-layout-flex wp-block-gallery-is-layout-flex\">\n<figure class=\"wp-block-image size-large\"><img decoding=\"async\" width=\"500\" height=\"333\" data-id=\"1082134\" src=\"https:\/\/dimensionturistica.com\/es\/wp-content\/uploads\/2025\/12\/8BIMBO.jpg\" alt=\"\" class=\"wp-image-1082134\" srcset=\"https:\/\/dimensionturistica.com\/es\/wp-content\/uploads\/2025\/12\/8BIMBO.jpg 500w, https:\/\/dimensionturistica.com\/es\/wp-content\/uploads\/2025\/12\/8BIMBO-300x200.jpg 300w\" sizes=\"(max-width: 500px) 100vw, 500px\" \/><\/figure>\n<\/figure>\n\n\n\n<p>Vidal Llerenas Morales, Subsecretario de Industria y Comercio de la Secretar\u00eda de Econom\u00eda del Gobierno de M\u00e9xico, destac\u00f3 que \u201cCompa\u00f1\u00edas como Bimbo son las que han sostenido a la econom\u00eda mexicana. Ya han anunciado esta inversi\u00f3n y m\u00e1s que habr\u00e1 en M\u00e9xico (\u2026) La idea es seguir trabajando muy de cerca con una empresa como Bimbo, seguir trabajando en los objetivos que est\u00e1n teniendo de crear m\u00e1s empleos, ser m\u00e1s sustentables, y de tener mejores productos para la gente.\u201d<\/p>\n\n\n\n<figure class=\"wp-block-gallery has-nested-images columns-default is-cropped wp-block-gallery-6 is-layout-flex wp-block-gallery-is-layout-flex\">\n<figure class=\"wp-block-image size-large\"><img decoding=\"async\" width=\"500\" height=\"295\" data-id=\"1082135\" src=\"https:\/\/dimensionturistica.com\/es\/wp-content\/uploads\/2025\/12\/3BIMBO.jpg\" alt=\"\" class=\"wp-image-1082135\" srcset=\"https:\/\/dimensionturistica.com\/es\/wp-content\/uploads\/2025\/12\/3BIMBO.jpg 500w, https:\/\/dimensionturistica.com\/es\/wp-content\/uploads\/2025\/12\/3BIMBO-300x177.jpg 300w\" sizes=\"(max-width: 500px) 100vw, 500px\" \/><\/figure>\n<\/figure>\n\n\n\n<p>MiBIMBO refleja tambi\u00e9n la filosof\u00eda de Grupo Bimbo: construir una empresa sustentable, altamente productiva y plenamente humana. A lo largo de sus 11 zonas tem\u00e1ticas e interactivas, se mostrar\u00e1n los principios de la tradici\u00f3n panadera y los procesos de elaboraci\u00f3n de los productos m\u00e1s emblem\u00e1ticos de su portafolio. Tambi\u00e9n se presentar\u00e1 la estrecha relaci\u00f3n de Grupo Bimbo con el campo y los agricultores, la aplicaci\u00f3n de ciencia y tecnolog\u00eda mediante la innovaci\u00f3n continua, el compromiso de la empresa con las comunidades a trav\u00e9s del programa Buen Vecino, y la adopci\u00f3n de pr\u00e1cticas sustentables como la electromovilidad, entre otras.<\/p>\n\n\n\n<figure class=\"wp-block-gallery has-nested-images columns-default is-cropped wp-block-gallery-7 is-layout-flex wp-block-gallery-is-layout-flex\">\n<figure class=\"wp-block-image size-large\"><img decoding=\"async\" width=\"500\" height=\"333\" data-id=\"1082136\" src=\"https:\/\/dimensionturistica.com\/es\/wp-content\/uploads\/2025\/12\/11BIMBO.jpg\" alt=\"\" class=\"wp-image-1082136\" srcset=\"https:\/\/dimensionturistica.com\/es\/wp-content\/uploads\/2025\/12\/11BIMBO.jpg 500w, https:\/\/dimensionturistica.com\/es\/wp-content\/uploads\/2025\/12\/11BIMBO-300x200.jpg 300w\" sizes=\"(max-width: 500px) 100vw, 500px\" \/><\/figure>\n<\/figure>\n\n\n\n<p>A lo largo de 80 a\u00f1os, la compa\u00f1\u00eda ha impulsado la innovaci\u00f3n en su portafolio para satisfacer las necesidades y expectativas de sus consumidores, evolucionando hacia un perfil de nutrici\u00f3n positiva con recetas m\u00e1s simples y naturales, incluyendo fibra y granos enteros, y limitando az\u00facares a\u00f1adidos, sodio, grasas saturadas y trans. Hoy, el 95% de los productos de consumo diario: panes, boller\u00eda, bagels y muffins salados de Grupo Bimbo, ofrecen nutrici\u00f3n positiva, y 99% de sus productos en esta categor\u00eda est\u00e1n libres de colorantes y saborizantes artificiales.<\/p>\n\n\n\n<p>El 48% de las ventas globales de la panificadora ya proviene de productos con nutrici\u00f3n positiva. La Access to Nutrition Initiative (ATNi) ha reconocido este avance ubicando a Grupo Bimbo entre las cuatro empresas mejor evaluadas en nutrici\u00f3n del mundo.<\/p>\n\n\n\n<figure class=\"wp-block-gallery has-nested-images columns-default is-cropped wp-block-gallery-8 is-layout-flex wp-block-gallery-is-layout-flex\">\n<figure class=\"wp-block-image size-large\"><img decoding=\"async\" width=\"500\" height=\"266\" data-id=\"1082137\" src=\"https:\/\/dimensionturistica.com\/es\/wp-content\/uploads\/2025\/12\/7BIMBO.jpg\" alt=\"\" class=\"wp-image-1082137\" srcset=\"https:\/\/dimensionturistica.com\/es\/wp-content\/uploads\/2025\/12\/7BIMBO.jpg 500w, https:\/\/dimensionturistica.com\/es\/wp-content\/uploads\/2025\/12\/7BIMBO-300x160.jpg 300w\" sizes=\"(max-width: 500px) 100vw, 500px\" \/><\/figure>\n<\/figure>\n\n\n\n<p>Ubicado en Isabel La Cat\u00f3lica #51, en el Centro Hist\u00f3rico de la Ciudad de M\u00e9xico, MiBIMBO abrir\u00e1 sus puertas al p\u00fablico el 20 de enero de 2026. Con capacidad para recibir hasta 600 personas simult\u00e1neamente, el museo proyecta atraer m\u00e1s de 220,000 visitantes durante su primer a\u00f1o.<\/p>\n\n\n\n<p>Karina Fogel, Directora del MiBIMBO se\u00f1al\u00f3: \u201cEste museo apoyar\u00e1 diferentes causas, entre ellas la conservaci\u00f3n del oso negro mexicano, una especie en peligro de extinci\u00f3n en el pa\u00eds. A trav\u00e9s del programa Huellas, MiBIMBO destinar\u00e1 una parte del ingreso de los boletos a iniciativas que impulsan acciones de gran alcance: desde el monitoreo cient\u00edfico y la protecci\u00f3n de corredores biol\u00f3gicos, hasta la recuperaci\u00f3n de ejemplares en riesgo. Todo esto se realiza en colaboraci\u00f3n con instituciones como el Museo del Desierto, la Reserva Chipinque y la SEMARNAT.\u201d<\/p>\n\n\n\n<p>En este sentido, la secretaria Alicia B\u00e1rcena agradeci\u00f3 a Bimbo por su labor de promover la educaci\u00f3n ambiental vinculada a la biodiversidad mexicana y la colaboraci\u00f3n con el proyecto \u201cDel conflicto a la coexistencia, salvaguardando los corredores de la vida silvestre en M\u00e9xico\u201d. Asegur\u00f3 que este permitir\u00e1 proteger al oso negro y de este modo \u201cprotegemos tambi\u00e9n los bosques y las cuencas que sostienen nuestra seguridad h\u00eddrica, [\u2026] as\u00ed como los paisajes que son el s\u00edmbolo de nuestra ecolog\u00eda.\u201d<\/p>\n\n\n\n<figure class=\"wp-block-gallery has-nested-images columns-default is-cropped wp-block-gallery-9 is-layout-flex wp-block-gallery-is-layout-flex\">\n<figure class=\"wp-block-image size-large\"><img decoding=\"async\" width=\"500\" height=\"333\" data-id=\"1082138\" src=\"https:\/\/dimensionturistica.com\/es\/wp-content\/uploads\/2025\/12\/6BIMBO.jpg\" alt=\"\" class=\"wp-image-1082138\" srcset=\"https:\/\/dimensionturistica.com\/es\/wp-content\/uploads\/2025\/12\/6BIMBO.jpg 500w, https:\/\/dimensionturistica.com\/es\/wp-content\/uploads\/2025\/12\/6BIMBO-300x200.jpg 300w\" sizes=\"(max-width: 500px) 100vw, 500px\" \/><\/figure>\n<\/figure>\n\n\n\n<p>Con esta inauguraci\u00f3n, Grupo Bimbo celebra ocho d\u00e9cadas de historia, evoluci\u00f3n e innovaci\u00f3n constante, reafirmando su misi\u00f3n de llevar alimentos deliciosos y nutritivos en las manos de todos.<\/p>\n","protected":false},"excerpt":{"rendered":"<p>En el marco del 80 aniversario de Grupo Bimbo, esta tarde se llev\u00f3 a cabo el evento de inauguraci\u00f3n del Museo Interactivo BIMBO (MiBIMBO), encabezado por Daniel Servitje, Presidente Ejecutivo de Grupo Bimbo, con la presencia de Alicia B\u00e1rcena, Secretaria de Medio Ambiente y Recursos Naturales del Gobierno de M\u00e9xico, Vidal Llerenas Morales, Subsecretario de [&hellip;]<\/p>\n","protected":false},"author":1,"featured_media":0,"comment_status":"open","ping_status":"closed","sticky":false,"template":"","format":"standard","meta":{"om_disable_all_campaigns":false,"jnews-multi-image_gallery":[],"jnews_single_post":[],"jnews_primary_category":[],"jnews_social_meta":[],"footnotes":""},"categories":[43],"tags":[],"class_list":["post-1082128","post","type-post","status-publish","format-standard","hentry","category-gourmet"],"_links":{"self":[{"href":"https:\/\/dimensionturistica.com\/es\/wp-json\/wp\/v2\/posts\/1082128","targetHints":{"allow":["GET"]}}],"collection":[{"href":"https:\/\/dimensionturistica.com\/es\/wp-json\/wp\/v2\/posts"}],"about":[{"href":"https:\/\/dimensionturistica.com\/es\/wp-json\/wp\/v2\/types\/post"}],"author":[{"embeddable":true,"href":"https:\/\/dimensionturistica.com\/es\/wp-json\/wp\/v2\/users\/1"}],"replies":[{"embeddable":true,"href":"https:\/\/dimensionturistica.com\/es\/wp-json\/wp\/v2\/comments?post=1082128"}],"version-history":[{"count":1,"href":"https:\/\/dimensionturistica.com\/es\/wp-json\/wp\/v2\/posts\/1082128\/revisions"}],"predecessor-version":[{"id":1082139,"href":"https:\/\/dimensionturistica.com\/es\/wp-json\/wp\/v2\/posts\/1082128\/revisions\/1082139"}],"wp:attachment":[{"href":"https:\/\/dimensionturistica.com\/es\/wp-json\/wp\/v2\/media?parent=1082128"}],"wp:term":[{"taxonomy":"category","embeddable":true,"href":"https:\/\/dimensionturistica.com\/es\/wp-json\/wp\/v2\/categories?post=1082128"},{"taxonomy":"post_tag","embeddable":true,"href":"https:\/\/dimensionturistica.com\/es\/wp-json\/wp\/v2\/tags?post=1082128"}],"curies":[{"name":"wp","href":"https:\/\/api.w.org\/{rel}","templated":true}]}}