{"id":1082088,"date":"2025-12-04T20:36:53","date_gmt":"2025-12-04T20:36:53","guid":{"rendered":"https:\/\/dimensionturistica.com\/es\/?p=1082088"},"modified":"2025-12-04T21:40:30","modified_gmt":"2025-12-04T21:40:30","slug":"este-9-de-diciembre-hotel-mondrian-mexico-city-condesa-organiza-pop-up-con-yoko-el-restaurante-favorito-de-bad-bunny","status":"publish","type":"post","link":"https:\/\/dimensionturistica.com\/es\/este-9-de-diciembre-hotel-mondrian-mexico-city-condesa-organiza-pop-up-con-yoko-el-restaurante-favorito-de-bad-bunny\/","title":{"rendered":"Este 9 de diciembre Hotel Mondrian Mexico City Condesa organiza pop-up con YOKO, el restaurante favorito de Bad Bunny"},"content":{"rendered":"\n<p><\/p>\n\n\n\n<figure class=\"wp-block-gallery has-nested-images columns-default is-cropped wp-block-gallery-1 is-layout-flex wp-block-gallery-is-layout-flex\">\n<figure class=\"wp-block-image size-large\"><img decoding=\"async\" width=\"500\" height=\"262\" data-id=\"1082089\" src=\"https:\/\/dimensionturistica.com\/es\/wp-content\/uploads\/2025\/12\/2mondra.jpg\" alt=\"\" class=\"wp-image-1082089\" srcset=\"https:\/\/dimensionturistica.com\/es\/wp-content\/uploads\/2025\/12\/2mondra.jpg 500w, https:\/\/dimensionturistica.com\/es\/wp-content\/uploads\/2025\/12\/2mondra-300x157.jpg 300w\" sizes=\"(max-width: 500px) 100vw, 500px\" \/><figcaption class=\"wp-element-caption\">Logo<\/figcaption><\/figure>\n<\/figure>\n\n\n\n<p>Mondrian Mexico City Condesa, conocido por su ambiente sofisticado y seductor y su ubicaci\u00f3n privilegiada, anunci\u00f3 hoy que recibir\u00e1 a YOKO, el restaurante favorito de Bad Bunny en San Juan, para un pop-up de una sola noche el 9 de diciembre, marcando el inicio de las esperadas presentaciones del superestrella global en el Estadio GNP Seguros a partir del 10 de diciembre.&nbsp; Celebrando el estilo caracter\u00edstico de Bad Bunny, el evento ser\u00e1 una fiesta de puertas abiertas con acceso por orden de llegada.<\/p>\n\n\n\n<figure class=\"wp-block-gallery has-nested-images columns-default is-cropped wp-block-gallery-2 is-layout-flex wp-block-gallery-is-layout-flex\">\n<figure class=\"wp-block-image size-large\"><img decoding=\"async\" width=\"500\" height=\"500\" data-id=\"1082090\" src=\"https:\/\/dimensionturistica.com\/es\/wp-content\/uploads\/2025\/12\/3mondra.jpg\" alt=\"\" class=\"wp-image-1082090\" srcset=\"https:\/\/dimensionturistica.com\/es\/wp-content\/uploads\/2025\/12\/3mondra.jpg 500w, https:\/\/dimensionturistica.com\/es\/wp-content\/uploads\/2025\/12\/3mondra-300x300.jpg 300w, https:\/\/dimensionturistica.com\/es\/wp-content\/uploads\/2025\/12\/3mondra-150x150.jpg 150w, https:\/\/dimensionturistica.com\/es\/wp-content\/uploads\/2025\/12\/3mondra-75x75.jpg 75w, https:\/\/dimensionturistica.com\/es\/wp-content\/uploads\/2025\/12\/3mondra-350x350.jpg 350w\" sizes=\"(max-width: 500px) 100vw, 500px\" \/><\/figure>\n<\/figure>\n\n\n\n<p>A partir de las 7 PM, la noche contar\u00e1 con cultura, gastronom\u00eda y paisajes sonoros de artistas latinos de todo el mundo. Se ofrecer\u00e1n bocados de cortes\u00eda, incluidos los sashimis reci\u00e9n preparados y los rolls artesanales de YOKO, acompa\u00f1ados de los c\u00f3cteles distintivos de Mondrian Condesa disponibles en el bar<\/p>\n\n\n\n<p>Detalles del Evento<\/p>\n\n\n\n<figure class=\"wp-block-gallery has-nested-images columns-default is-cropped wp-block-gallery-3 is-layout-flex wp-block-gallery-is-layout-flex\">\n<figure class=\"wp-block-image size-large\"><img decoding=\"async\" width=\"500\" height=\"528\" data-id=\"1082091\" src=\"https:\/\/dimensionturistica.com\/es\/wp-content\/uploads\/2025\/12\/7mondra.jpg\" alt=\"\" class=\"wp-image-1082091\" srcset=\"https:\/\/dimensionturistica.com\/es\/wp-content\/uploads\/2025\/12\/7mondra.jpg 500w, https:\/\/dimensionturistica.com\/es\/wp-content\/uploads\/2025\/12\/7mondra-284x300.jpg 284w\" sizes=\"(max-width: 500px) 100vw, 500px\" \/><\/figure>\n<\/figure>\n\n\n\n<p>Fecha: 9 de diciembre de 2025<\/p>\n\n\n\n<p>Hora: 7:00 PM \u2013 11:00 PM<\/p>\n\n\n\n<p>Lugar: Mondrian Condesa Mexico City, Aguascalientes 156, Colonia Condesa<\/p>\n\n\n\n<p>Entrada: Puertas abiertas<\/p>\n\n\n\n<figure class=\"wp-block-gallery has-nested-images columns-default is-cropped wp-block-gallery-4 is-layout-flex wp-block-gallery-is-layout-flex\">\n<figure class=\"wp-block-image size-large\"><img decoding=\"async\" width=\"500\" height=\"542\" data-id=\"1082092\" src=\"https:\/\/dimensionturistica.com\/es\/wp-content\/uploads\/2025\/12\/4mondra.jpg\" alt=\"\" class=\"wp-image-1082092\" srcset=\"https:\/\/dimensionturistica.com\/es\/wp-content\/uploads\/2025\/12\/4mondra.jpg 500w, https:\/\/dimensionturistica.com\/es\/wp-content\/uploads\/2025\/12\/4mondra-277x300.jpg 277w\" sizes=\"(max-width: 500px) 100vw, 500px\" \/><\/figure>\n<\/figure>\n\n\n\n<p>Dise\u00f1ada para reflejar el papel de Mondrian como conector cultural en Condesa, la velada fusiona gastronom\u00eda, m\u00fasica y estilo urbano \u2014todos elementos distintivos del ADN lifestyle del hotel. El evento estar\u00e1 abierto al p\u00fablico bajo un formato de primer llegado, primer servido.<\/p>\n\n\n\n<p>\u201cEstamos encantados de recibir a YOKO en Mondrian para este momento tan especial,\u201d dijo Claudia Di Gino, Gerente General de Mondrian Condesa Mexico City. \u201cBad Bunny se ha convertido en una fuerza cultural que va mucho m\u00e1s all\u00e1 de la m\u00fasica, y recibir a su restaurante favorito en la v\u00edspera de sus conciertos nos permite celebrar el talento, la gastronom\u00eda y la creatividad puertorrique\u00f1a de una manera que se siente aut\u00e9ntica para nuestros hu\u00e9spedes y para el esp\u00edritu global de Condesa.\u201d<\/p>\n\n\n\n<p>La visi\u00f3n culinaria de YOKO llega a Ciudad de M\u00e9xico<\/p>\n\n\n\n<figure class=\"wp-block-gallery has-nested-images columns-default is-cropped wp-block-gallery-5 is-layout-flex wp-block-gallery-is-layout-flex\">\n<figure class=\"wp-block-image size-large\"><img decoding=\"async\" width=\"500\" height=\"625\" data-id=\"1082093\" src=\"https:\/\/dimensionturistica.com\/es\/wp-content\/uploads\/2025\/12\/8mondra.jpg\" alt=\"\" class=\"wp-image-1082093\" srcset=\"https:\/\/dimensionturistica.com\/es\/wp-content\/uploads\/2025\/12\/8mondra.jpg 500w, https:\/\/dimensionturistica.com\/es\/wp-content\/uploads\/2025\/12\/8mondra-240x300.jpg 240w\" sizes=\"(max-width: 500px) 100vw, 500px\" \/><\/figure>\n<\/figure>\n\n\n\n<p>YOKO llega bajo la direcci\u00f3n de sus co-chefs, quienes fundaron el restaurante con la misi\u00f3n de reimaginar la cocina japonesa en Puerto Rico. Esta aparici\u00f3n en Ciudad de M\u00e9xico marca el primer pop-up internacional del restaurante.<\/p>\n\n\n\n<p>Chef Jos\u00e9 Mel\u00e9ndez \u2014 Originario de Puerto Rico y formado en cocina peruano-japonesa en Lima, Mel\u00e9ndez es reconocido por combinar tradici\u00f3n con audaz innovaci\u00f3n. \u201cLa comida es mi idioma,\u201d afirma. \u201cCada plato cuenta mi historia, desde las playas de Vieques hasta las calles de Lima, y ahora en Ciudad de M\u00e9xico.\u201d<\/p>\n\n\n\n<figure class=\"wp-block-gallery has-nested-images columns-default is-cropped wp-block-gallery-6 is-layout-flex wp-block-gallery-is-layout-flex\">\n<figure class=\"wp-block-image size-large\"><img decoding=\"async\" width=\"800\" height=\"520\" data-id=\"1082094\" src=\"https:\/\/dimensionturistica.com\/es\/wp-content\/uploads\/2025\/12\/Cqc9dh1o.jpeg\" alt=\"\" class=\"wp-image-1082094\" srcset=\"https:\/\/dimensionturistica.com\/es\/wp-content\/uploads\/2025\/12\/Cqc9dh1o.jpeg 800w, https:\/\/dimensionturistica.com\/es\/wp-content\/uploads\/2025\/12\/Cqc9dh1o-300x195.jpeg 300w, https:\/\/dimensionturistica.com\/es\/wp-content\/uploads\/2025\/12\/Cqc9dh1o-768x499.jpeg 768w, https:\/\/dimensionturistica.com\/es\/wp-content\/uploads\/2025\/12\/Cqc9dh1o-750x488.jpeg 750w\" sizes=\"(max-width: 800px) 100vw, 800px\" \/><\/figure>\n<\/figure>\n\n\n\n<p>Chef Marielys Hern\u00e1ndez \u2014 Especialista en fusi\u00f3n Nikkei, perfeccion\u00f3 su t\u00e9cnica en la vibrante escena culinaria de Miami. \u201cYOKO representa mi herencia, mis viajes y mi pasi\u00f3n por contar historias a trav\u00e9s de la comida&#8221;, se\u00f1ala Hern\u00e1ndez.<\/p>\n\n\n\n<p>Para m\u00e1s informaci\u00f3n, visita https:\/\/mondrianhotels.com\/mexico-city-condesa<\/p>\n","protected":false},"excerpt":{"rendered":"<p>Mondrian Mexico City Condesa, conocido por su ambiente sofisticado y seductor y su ubicaci\u00f3n privilegiada, anunci\u00f3 hoy que recibir\u00e1 a YOKO, el restaurante favorito de Bad Bunny en San Juan, para un pop-up de una sola noche el 9 de diciembre, marcando el inicio de las esperadas presentaciones del superestrella global en el Estadio GNP [&hellip;]<\/p>\n","protected":false},"author":1,"featured_media":0,"comment_status":"open","ping_status":"closed","sticky":false,"template":"","format":"standard","meta":{"om_disable_all_campaigns":false,"jnews-multi-image_gallery":[],"jnews_single_post":{"format":"standard"},"jnews_primary_category":[],"jnews_social_meta":[],"footnotes":""},"categories":[43],"tags":[],"class_list":["post-1082088","post","type-post","status-publish","format-standard","hentry","category-gourmet"],"_links":{"self":[{"href":"https:\/\/dimensionturistica.com\/es\/wp-json\/wp\/v2\/posts\/1082088","targetHints":{"allow":["GET"]}}],"collection":[{"href":"https:\/\/dimensionturistica.com\/es\/wp-json\/wp\/v2\/posts"}],"about":[{"href":"https:\/\/dimensionturistica.com\/es\/wp-json\/wp\/v2\/types\/post"}],"author":[{"embeddable":true,"href":"https:\/\/dimensionturistica.com\/es\/wp-json\/wp\/v2\/users\/1"}],"replies":[{"embeddable":true,"href":"https:\/\/dimensionturistica.com\/es\/wp-json\/wp\/v2\/comments?post=1082088"}],"version-history":[{"count":2,"href":"https:\/\/dimensionturistica.com\/es\/wp-json\/wp\/v2\/posts\/1082088\/revisions"}],"predecessor-version":[{"id":1082126,"href":"https:\/\/dimensionturistica.com\/es\/wp-json\/wp\/v2\/posts\/1082088\/revisions\/1082126"}],"wp:attachment":[{"href":"https:\/\/dimensionturistica.com\/es\/wp-json\/wp\/v2\/media?parent=1082088"}],"wp:term":[{"taxonomy":"category","embeddable":true,"href":"https:\/\/dimensionturistica.com\/es\/wp-json\/wp\/v2\/categories?post=1082088"},{"taxonomy":"post_tag","embeddable":true,"href":"https:\/\/dimensionturistica.com\/es\/wp-json\/wp\/v2\/tags?post=1082088"}],"curies":[{"name":"wp","href":"https:\/\/api.w.org\/{rel}","templated":true}]}}